{"id":129145,"date":"2018-04-03T13:04:39","date_gmt":"2018-04-03T11:04:39","guid":{"rendered":"http:\/\/www.brundisium.net\/?p=129145"},"modified":"2018-04-03T13:04:39","modified_gmt":"2018-04-03T11:04:39","slug":"torna-la-stagione-lirica-al-nuovo-teatro-verdi-di-brindisi-2","status":"publish","type":"post","link":"https:\/\/www.brundisium.net\/index.php\/torna-la-stagione-lirica-al-nuovo-teatro-verdi-di-brindisi-2\/","title":{"rendered":"Torna la stagione lirica al Nuovo Teatro Verdi di Brindisi"},"content":{"rendered":"<p>Dopo il successo della prima edizione di \u00abOpera in Puglia\u00bb dello scorso anno, il palcoscenico del Nuovo Teatro Verdi di Brindisi torna ad accogliere una ministagione dedicata all\u2019opera lirica, con celebri libretti della tradizione operistica italiana. Due appuntamenti, in scena tra aprile e maggio per un omaggio ai maggiori operisti e ai loro capolavori dell\u2019Ottocento.<\/p>\n<p>Tutti i dettagli saranno illustrati nel corso di una conferenza stampa che si terr\u00e0 domani mercoled\u00ec 4 aprile, alle ore 11.30, nella sala Giunta di Palazzo di Citt\u00e0, a Brindisi. Interverranno il presidente della Fondazione Santi Giuffr\u00e8, il subcommissario del Comune di Brindisi con delega al Teatro Maria Stefania Fornaro, il direttore artistico di \u00abOpera in Puglia\u00bb Giandomenico Vaccari e il direttore artistico del Nuovo Teatro Verdi Carmelo Grassi. <\/p>\n","protected":false},"excerpt":{"rendered":"<p>Dopo il successo della prima edizione di \u00abOpera in Puglia\u00bb dello scorso anno, il palcoscenico del Nuovo Teatro Verdi di Brindisi torna ad accogliere una ministagione dedicata all\u2019opera lirica, con celebri libretti della tradizione operistica italiana. Due appuntamenti, in scena tra aprile e maggio per un omaggio ai maggiori operisti e ai loro capolavori dell\u2019Ottocento. Tutti i dettagli saranno illustrati nel corso di una conferenza stampa che si terr\u00e0 domani mercoled\u00ec 4 aprile, alle ore 11.30, nella sala Giunta di Palazzo di Citt\u00e0, a Brindisi. Interverranno il presidente della Fondazione Santi Giuffr\u00e8, il subcommissario del Comune di Brindisi con delega al Teatro Maria Stefania Fornaro, il direttore artistico di \u00abOpera in Puglia\u00bb Giandomenico Vaccari e il direttore artistico del Nuovo Teatro Verdi Carmelo Grassi.<\/p>\n","protected":false},"author":2,"featured_media":57154,"comment_status":"open","ping_status":"closed","sticky":false,"template":"","format":"standard","meta":{"footnotes":""},"categories":[7,162],"tags":[101,2927],"class_list":["post-129145","post","type-post","status-publish","format-standard","has-post-thumbnail","hentry","category-news","category-teatro","tag-nuovo-teatro-verdi","tag-teatro-verdi"],"_links":{"self":[{"href":"https:\/\/www.brundisium.net\/index.php\/wp-json\/wp\/v2\/posts\/129145","targetHints":{"allow":["GET"]}}],"collection":[{"href":"https:\/\/www.brundisium.net\/index.php\/wp-json\/wp\/v2\/posts"}],"about":[{"href":"https:\/\/www.brundisium.net\/index.php\/wp-json\/wp\/v2\/types\/post"}],"author":[{"embeddable":true,"href":"https:\/\/www.brundisium.net\/index.php\/wp-json\/wp\/v2\/users\/2"}],"replies":[{"embeddable":true,"href":"https:\/\/www.brundisium.net\/index.php\/wp-json\/wp\/v2\/comments?post=129145"}],"version-history":[{"count":1,"href":"https:\/\/www.brundisium.net\/index.php\/wp-json\/wp\/v2\/posts\/129145\/revisions"}],"predecessor-version":[{"id":129146,"href":"https:\/\/www.brundisium.net\/index.php\/wp-json\/wp\/v2\/posts\/129145\/revisions\/129146"}],"wp:featuredmedia":[{"embeddable":true,"href":"https:\/\/www.brundisium.net\/index.php\/wp-json\/wp\/v2\/media\/57154"}],"wp:attachment":[{"href":"https:\/\/www.brundisium.net\/index.php\/wp-json\/wp\/v2\/media?parent=129145"}],"wp:term":[{"taxonomy":"category","embeddable":true,"href":"https:\/\/www.brundisium.net\/index.php\/wp-json\/wp\/v2\/categories?post=129145"},{"taxonomy":"post_tag","embeddable":true,"href":"https:\/\/www.brundisium.net\/index.php\/wp-json\/wp\/v2\/tags?post=129145"}],"curies":[{"name":"wp","href":"https:\/\/api.w.org\/{rel}","templated":true}]}}