{"id":129465,"date":"2018-04-07T10:00:11","date_gmt":"2018-04-07T08:00:11","guid":{"rendered":"http:\/\/www.brundisium.net\/?p=129465"},"modified":"2018-04-09T09:50:15","modified_gmt":"2018-04-09T07:50:15","slug":"tari-2018-a-francavilla-lopinione-di-angelo-camassa","status":"publish","type":"post","link":"https:\/\/www.brundisium.net\/index.php\/tari-2018-a-francavilla-lopinione-di-angelo-camassa\/","title":{"rendered":"Tari 2018 a Francavilla. L&#8217;opinione di Angelo Camassa"},"content":{"rendered":"<p>In virt\u00f9 della delibera n. 17 del 2 marzo 2018 il Commissario prefettizio del comune di Francavilla Fontana con i poteri del consiglio comunale ha approvato il nuovo tariffario relativo alla TaRi. (Tassa sui rifiuti) per l\u2019anno 2018. <\/p>\n<p> Questa Tassa lo scorso anno mobilito migliaia di cittadini inferociti per gli sconsiderati aumenti (mediamente +26% rispetto al 2016). Sicuramente per effetto di quella sollevazione popolare la TaRi 2018 sar\u00e0 pi\u00f9 leggera. Si ricorda che fu costituto spontaneamente un Comitato cittadino denominato \u201cComplimenTaRi\u201d che coordino la sia la manifestazione del 8 giugno 2017 a Palazzo Imperiali sia una serie di azioni (accesso agli atti, segnalazione corte dei conti ecc) compreso il consiglio monotematico del 27 luglio 2017.<\/p>\n<p>La diminuzione della tari 2018 del in media sar\u00e0 18,50% in meno rispetto alla tariffe applicate lo sorso anno. Ovvero il 19% in pi\u00f9 di quanto si paga nel 2014 anno d\u2019introduzione della TaRi (ex Tarsu). <\/p>\n<p> Questa riduzione \u00e8 sostanzialmente il frutto del fatto che contabilmente \u00e8 stata chiusa la partita del recupero dell\u2019annullamento delle tariffe 2015 ad opera del Tar di Lecce. In quell\u2019anno, infatti, le tariffe TaRi furono approvate oltre il termine prescritto per legge (mese di Luglio). L\u2019amministrazione dell\u2019epoca procedete (illusa anche da una possibile sanatoria postuma del governo Renzi che non avvenne) ugualmente facendo pagare ai cittadini le tariffe che aveva previsto nel proprio piano finanziario. Con l\u2019annullamento del Tar avvenuta nel 2016 il servizio finanziario del comune predispose un piano finanziario per il 2017 che tenesse conto sia dei rimborsi da effettuare ai cittadini (con lo stratagemma che avrebbero dovuto essere gli stessi cittadini farne richiesta e non procedendo con la compensazione automatica). In tal modo di fatto recuperavano i mancati introiti relativi al 2015 per coprire i costi sostenuti per il servizio di raccolta e smaltimento rifiuti nonch\u00e9 spazzamento strade. <\/p>\n<p>E\u2019 stato siffatto piano a far scaturire gli esorbitanti aumenti della TaRi 2017. Tutto ci\u00f2 nella totale assenza di supervisione o di perizia della politica e degli amministratori cittadini. <\/p>\n<p>Quest\u2019anno dunque le tariffe TaRi tornano in un alveo di normalit\u00e0 seppur restano comunque alte le tariffe rispetto ad altre realt\u00e0 comunali anche limitrofe. <\/p>\n<p>Il pagamento della Tari crea non poche difficolt\u00e0 sui bilanci famigliari. <\/p>\n<p>Su questo tema la Politica cittadina \u00e8 chiamata a dare soluzioni concrete e efficaci che tendano a far abbassare sensibilmente la Tassa sui Rifiuti. La conclusione al 31 12 2018 del contratto d\u2019appalto con l\u2019attuale societ\u00e0 gestore del servizio per conto del Comune, \u00e8 l\u2019occasione giusta per cimentarsi su nuove ipotesi di strutturare e organizzare il servizio di raccolta, smaltimento (compreso il riuso o il riciclo) e pulizia strade. <\/p>\n<p> Tutte le ipotesi non potranno prescindere da fattori tecnici e d economici che influenzano sensibilmente il ciclo dei rifiuti quindi i costi necessari per chiudere tale ciclo. Si va dall\u2019assenza di impianti di trattamento, alla scarsa collaborazione civica nella differenziazione dei rifiuti, passando per una eccessiva privatizzazione della gestione dei rifiuti. Privatizzazione che spesso guarda esclusivamente a generare quanto pi\u00f9 introiti possibili da spalmarne sugli ignari cittadini che spesso subiscono la scarsit\u00e0 qualitativa del servizio. <\/p>\n<p> Il comune di Francavilla, anche con la collaborazione di alcuni comuni limitrofi. potrebbe in accordo con l\u2019Ager (Agenzia regionale per la Gestione del ciclo dei Rifiuti) organizzare e strutturare una gestione \u201cmunicipalizzata\u201d dei rifiuti (esempio dell\u2019Amiu di Bari) con la logica di generare dagli stessi rifiuti risorse economiche da ridistribuire alla stessa Comunit\u00e0 sotto forma di opportunit\u00e0 di lavoro per alcuni e di risparmi finanziari notevoli per molti altri. <\/p>\n<p> Si tratta di mettere su un buon piano d\u2019impresa che attraverso anche l\u2019ausilio di opportuni fonti di finanziamento regionali, nazionali e comunitari sia in grado di dotare l\u2019area di competenza degli impianti opportuni, per dimensione e contenuto tecnologico, in grado non solo di minimizzare al minino gli impatti ambientali nonch\u00e9 di massimizzare i valori economici derivanti dal riuso o riciclo di taluni materiali primari recuperati dal differenziazione dei rifiuti. Il giusto mix di entrambi gli aspetti genera effetti positivi per l\u2019intera comunit\u00e0 Francavillese. Effetti che vanno dal considerevole risparmio sul pagamento della TaRi alla creazione di nuove opportunit\u00e0 di lavoro passando dal fatto di generare un modello di sviluppo sostenibile. <\/p>\n<p>La politica cittadina faccia le sue proposte (o accetti il suggerimento su riportato) in merito al futuro della gestione dei rifiuti che confidiamo, la stessa, sottoponga alla valutazione da parte dei cittadini francavillesi che cosi potranno esprimere un voto consapevole il prossimo 10 giugno. <\/p>\n<p>Si ricorda che la Tari 2018 potr\u00e0 essere pagata in 4 rate con scadenze: I rata 16.05.2018; II rata 16.07.2018; III rata 16.09.2018; IV rata 16.11.2018. <\/p>\n<p>Infine una nota in risposta a chi in queste mesi a voluto fare credere (forse per nascondere i propri errori commessi su questo tema) che gli aumenti della TaRi 2017 fossero imputabili all\u2019eccessiva presenza di evasori della TaRi a Francavilla. Quindi per effetto della sua lotta a stanarli si sia prodotta la riduzione per l\u2019anno in corso. E\u2019 evidente che \u00e8 solo propaganda infatti se consideriamo il periodo (vedi tabella allegata) 2014 \u2013 2018 cio\u00e8 il periodo in cui \u00e8 vigente la TaRi (art. 1, comma 639, della Legge 27 dicembre 2013, n. 147) gli aumenti che ci sono stati (circa 19%) sono in linea con gli aumenti del costo del servizio negli anni (circa 22%). Salvo l\u2019anomalia dello sorso anno su cui si \u00e8 proceduto come scritto in precedenza. Ovvero si \u00e8 voluto recuperare un errore commesso nel 2015 approvando tariffe in ritardo poi annullate dal Tar nel 2016. Pertanto \u00e8 dimostrato che non c\u2019entravano nulla gli \u201cevasori\u201d, che se ci sono, sono in un numero fisiologico tale da non incidere. La TaRi cosi alta (a prescindere dal pastrocchio fatto) \u00e8 dovuta al \u201csistema di gestione\u201d che deve essere ,come gi\u00e0 scritto, cambiato o comunque sia migliorato.<\/p>\n","protected":false},"excerpt":{"rendered":"<p>In virt\u00f9 della delibera n. 17 del 2 marzo 2018 il Commissario prefettizio del comune di Francavilla Fontana con i poteri del consiglio comunale ha approvato il nuovo tariffario relativo alla TaRi. (Tassa sui rifiuti) per l\u2019anno 2018. Questa Tassa lo scorso anno mobilito migliaia di cittadini inferociti per gli sconsiderati aumenti (mediamente +26% rispetto al 2016). Sicuramente per effetto di quella sollevazione popolare la TaRi 2018 sar\u00e0 pi\u00f9 leggera. Si ricorda che fu costituto spontaneamente un Comitato cittadino denominato \u201cComplimenTaRi\u201d che coordino la sia la manifestazione del 8 giugno 2017 a Palazzo Imperiali sia una serie di azioni (accesso agli atti, segnalazione corte dei conti ecc) compreso il consiglio monotematico del 27 luglio 2017. La diminuzione della tari 2018 del in media sar\u00e0 18,50% in meno rispetto alla tariffe applicate lo sorso anno. Ovvero il 19% in pi\u00f9 di quanto si paga nel 2014 anno d\u2019introduzione della TaRi (ex Tarsu). Questa riduzione \u00e8 sostanzialmente il frutto del fatto che contabilmente \u00e8 stata chiusa la partita del recupero dell\u2019annullamento delle&#8230;<\/p>\n","protected":false},"author":2,"featured_media":129466,"comment_status":"open","ping_status":"closed","sticky":false,"template":"","format":"standard","meta":{"footnotes":""},"categories":[7],"tags":[27,2193],"class_list":["post-129465","post","type-post","status-publish","format-standard","has-post-thumbnail","hentry","category-news","tag-francavilla","tag-tari"],"_links":{"self":[{"href":"https:\/\/www.brundisium.net\/index.php\/wp-json\/wp\/v2\/posts\/129465","targetHints":{"allow":["GET"]}}],"collection":[{"href":"https:\/\/www.brundisium.net\/index.php\/wp-json\/wp\/v2\/posts"}],"about":[{"href":"https:\/\/www.brundisium.net\/index.php\/wp-json\/wp\/v2\/types\/post"}],"author":[{"embeddable":true,"href":"https:\/\/www.brundisium.net\/index.php\/wp-json\/wp\/v2\/users\/2"}],"replies":[{"embeddable":true,"href":"https:\/\/www.brundisium.net\/index.php\/wp-json\/wp\/v2\/comments?post=129465"}],"version-history":[{"count":1,"href":"https:\/\/www.brundisium.net\/index.php\/wp-json\/wp\/v2\/posts\/129465\/revisions"}],"predecessor-version":[{"id":129467,"href":"https:\/\/www.brundisium.net\/index.php\/wp-json\/wp\/v2\/posts\/129465\/revisions\/129467"}],"wp:featuredmedia":[{"embeddable":true,"href":"https:\/\/www.brundisium.net\/index.php\/wp-json\/wp\/v2\/media\/129466"}],"wp:attachment":[{"href":"https:\/\/www.brundisium.net\/index.php\/wp-json\/wp\/v2\/media?parent=129465"}],"wp:term":[{"taxonomy":"category","embeddable":true,"href":"https:\/\/www.brundisium.net\/index.php\/wp-json\/wp\/v2\/categories?post=129465"},{"taxonomy":"post_tag","embeddable":true,"href":"https:\/\/www.brundisium.net\/index.php\/wp-json\/wp\/v2\/tags?post=129465"}],"curies":[{"name":"wp","href":"https:\/\/api.w.org\/{rel}","templated":true}]}}