{"id":129562,"date":"2018-04-08T19:44:45","date_gmt":"2018-04-08T17:44:45","guid":{"rendered":"http:\/\/www.brundisium.net\/?p=129562"},"modified":"2018-04-09T09:45:54","modified_gmt":"2018-04-09T07:45:54","slug":"stasi-noi-centro-errare-e-umano-perseverare-e-diabolico","status":"publish","type":"post","link":"https:\/\/www.brundisium.net\/index.php\/stasi-noi-centro-errare-e-umano-perseverare-e-diabolico\/","title":{"rendered":"Stasi (Noi Centro): &#8220;Errare \u00e8 umano, perseverare \u00e8 diabolico&#8221;"},"content":{"rendered":"<p>&nbsp;<\/p>\n<p>&nbsp;<\/p>\n<p>Non nascondo il dispiacere per la posizione che alcuni componenti di Noi Centro hanno preso nei confronti di Toni Muccio, in quanto con loro ho condiviso un lungo percorso politico e di amicizia.<br \/>\nMa ribadisco in primis il mio pieno sostegno al coordinatore cittadino, per aver agito sempre nell&#8217;esclusivo interesse del gruppo e in linea con i principi e valori del movimento, come nel comunicato con il quale ha annunciato l&#8217;uscita del movimento della coalizione forzista e l&#8217;inizio di una fase di riflessione.<\/p>\n<p>&nbsp;<\/p>\n<p>Questa fase, che ritengo di estrema responsabilit\u00e0, non rappresenta in alcun modo una bocciatura del candidato Cavalera, come qualcuno strumentalmente vorrebbe far credere, che conosco personalmente e stimo a livello professionale ed umano.<br \/>\nSono stato infatti tra i primi a chiamarlo quando il suo nome e&#8217; stato indicato, per esternare il mio apprezzamento per tale possibilit\u00e0, pur non nascondendo la preoccupazione per il quadro politico attuale.<br \/>\nTuttavia in questa fase di grande difficolt\u00e0 ed incertezza, riconosco a Forza Italia, ed in primis all&#8217;On. D&#8217;Attis, di avere individuato uno stimato professionista certamente adeguato a poter ricoprire potenzialmente la carica di primo cittadino.<\/p>\n<p>&nbsp;<\/p>\n<p>Ma non si poteva tacere, e bene ha fatto Muccio ad evidenziare tale situazione, che si sta configurando una coalizione che al suo interno vede figure che si sono aspramente contrastate non solo nell&#8217;ultima consiliatura ma anche nelle passate esperienze amministrative.<\/p>\n<p>&nbsp;<\/p>\n<p>La mia perplessit\u00e0 dunque non deriva da giudizi sulla moralit\u00e0 o altro, che non sono deputato a fare e che lascio volentieri ad altri, ma esclusivamente sulla reale possibilit\u00e0 che figure che si sono tanto osteggiate nel recente passato possano mettere i personalismi da parte e convergere su un programma comune nell&#8217;interesse della citt\u00e0.<\/p>\n<p>&nbsp;<\/p>\n<p>Personalmente ritengo che oggi queste condizioni non ci siano, ma attendo l&#8217;evoluzione dei prossimi giorni per avere un quadro pi\u00f9 completo, del resto lo scenario e&#8217; in continuo cambiamento sia a livello nazionale che locale, con l&#8217;auspicio che il centro destra tradizionale possa trovare unita&#8217; al livello locale mettendo da parte le divergenze.<\/p>\n<p>&nbsp;<\/p>\n<p>Del resto la continua litigiosit\u00e0 e la ricerca di interessi personali a scapito del bene comune non rappresentano la causa del fallimento dei progetti politici di questa citt\u00e0?<\/p>\n<p>&nbsp;<\/p>\n<p>Ignorare questa situazione e non aprire una seria riflessione interna ai partiti porter\u00e0 a un futuro di inevitabile litigiosit\u00e0 e conflittualit\u00e0 che inevitabilmente incider\u00e0 negativamente sulla citt\u00e0 gi\u00e0 martoriata in passato da tali dinamiche.<\/p>\n<p>&nbsp;<\/p>\n<p>&nbsp;<\/p>\n<p><em><strong>Marco Stasi<\/strong><\/em><br \/>\n<em><strong> NOI CENTRO Brindisi<\/strong><\/em><\/p>\n","protected":false},"excerpt":{"rendered":"<p>&nbsp; &nbsp; Non nascondo il dispiacere per la posizione che alcuni componenti di Noi Centro hanno preso nei confronti di Toni Muccio, in quanto con loro ho condiviso un lungo percorso politico e di amicizia. Ma ribadisco in primis il mio pieno sostegno al coordinatore cittadino, per aver agito sempre nell&#8217;esclusivo interesse del gruppo e in linea con i principi e valori del movimento, come nel comunicato con il quale ha annunciato l&#8217;uscita del movimento della coalizione forzista e l&#8217;inizio di una fase di riflessione. &nbsp; Questa fase, che ritengo di estrema responsabilit\u00e0, non rappresenta in alcun modo una bocciatura del candidato Cavalera, come qualcuno strumentalmente vorrebbe far credere, che conosco personalmente e stimo a livello professionale ed umano. Sono stato infatti tra i primi a chiamarlo quando il suo nome e&#8217; stato indicato, per esternare il mio apprezzamento per tale possibilit\u00e0, pur non nascondendo la preoccupazione per il quadro politico attuale. Tuttavia in questa fase di grande difficolt\u00e0 ed incertezza, riconosco a Forza Italia, ed in primis all&#8217;On. D&#8217;Attis,&#8230;<\/p>\n","protected":false},"author":2,"featured_media":102149,"comment_status":"open","ping_status":"closed","sticky":false,"template":"","format":"standard","meta":{"footnotes":""},"categories":[7],"tags":[3115,305],"class_list":["post-129562","post","type-post","status-publish","format-standard","has-post-thumbnail","hentry","category-news","tag-amministrative-brindisi","tag-noi-centro"],"_links":{"self":[{"href":"https:\/\/www.brundisium.net\/index.php\/wp-json\/wp\/v2\/posts\/129562","targetHints":{"allow":["GET"]}}],"collection":[{"href":"https:\/\/www.brundisium.net\/index.php\/wp-json\/wp\/v2\/posts"}],"about":[{"href":"https:\/\/www.brundisium.net\/index.php\/wp-json\/wp\/v2\/types\/post"}],"author":[{"embeddable":true,"href":"https:\/\/www.brundisium.net\/index.php\/wp-json\/wp\/v2\/users\/2"}],"replies":[{"embeddable":true,"href":"https:\/\/www.brundisium.net\/index.php\/wp-json\/wp\/v2\/comments?post=129562"}],"version-history":[{"count":1,"href":"https:\/\/www.brundisium.net\/index.php\/wp-json\/wp\/v2\/posts\/129562\/revisions"}],"predecessor-version":[{"id":129563,"href":"https:\/\/www.brundisium.net\/index.php\/wp-json\/wp\/v2\/posts\/129562\/revisions\/129563"}],"wp:featuredmedia":[{"embeddable":true,"href":"https:\/\/www.brundisium.net\/index.php\/wp-json\/wp\/v2\/media\/102149"}],"wp:attachment":[{"href":"https:\/\/www.brundisium.net\/index.php\/wp-json\/wp\/v2\/media?parent=129562"}],"wp:term":[{"taxonomy":"category","embeddable":true,"href":"https:\/\/www.brundisium.net\/index.php\/wp-json\/wp\/v2\/categories?post=129562"},{"taxonomy":"post_tag","embeddable":true,"href":"https:\/\/www.brundisium.net\/index.php\/wp-json\/wp\/v2\/tags?post=129562"}],"curies":[{"name":"wp","href":"https:\/\/api.w.org\/{rel}","templated":true}]}}