{"id":129589,"date":"2018-04-09T10:11:54","date_gmt":"2018-04-09T08:11:54","guid":{"rendered":"http:\/\/www.brundisium.net\/?p=129589"},"modified":"2018-04-14T11:41:35","modified_gmt":"2018-04-14T09:41:35","slug":"strisce-blu-e-disabili-occorre-buon-senso-e-rispetto-dei-regolamenti-di-marco-greco","status":"publish","type":"post","link":"https:\/\/www.brundisium.net\/index.php\/strisce-blu-e-disabili-occorre-buon-senso-e-rispetto-dei-regolamenti-di-marco-greco\/","title":{"rendered":"Strisce blu e disabili: occorre buon senso e rispetto dei regolamenti. Di Marco Greco"},"content":{"rendered":"<p>La recente approvazione del piano parcheggi \u00e8 forse l&#8217;esperimento pi\u00f9 discusso degli ultimi anni a Brindisi.<\/p>\n<p>Ma al di l\u00e0 delle varie zone colorate di verde, rosso e blu, con disco orario e nuovi ticket a pagamento, uno dei maggiori disagi sembra essere quello che riguarda gli stalli gialli per disabili sempre pieni in quasi tutte le ore del giorno.<\/p>\n<p>&nbsp;<\/p>\n<p>Da questa situazione emergono nuove criticit\u00e0, angoscia e una certa attenzione a non finire nella parte sbagliata.<\/p>\n<p>&nbsp;<\/p>\n<p>Ci\u00f2 che lascia maggiormente perplessi e attoniti \u00e8 invece la mancanza di tolleranza, ma spesso anche di buon senso, di alcuni ausiliari del traffico pronti ad elevare verbali anche quando si ha l&#8217;estrema necessit\u00e0 di sostare sulle strisce blu, qualora gli stalli riservati sono pieni.<\/p>\n<p>&nbsp;<\/p>\n<p>Per i possessori di pass, la sosta accade nel breve tempo necessario per accompagnare chi ha una ridotta capacit\u00e0 di deambulazione, presso ambulatori, strutture mediche e abitazioni.<\/p>\n<p>A tal proposito il regolamento dell&#8217;Automobile Club d&#8217;Italia diche che &#8220;<em>l&#8217;uso del contrassegno disabili \u00e8 consentito nei parcheggi a pagamento (delineato dalle cosiddette strisce blu) gratuitamente, quando gli spazi riservati risultino gi\u00e0 occupati, espressamente stabilito dal comune<\/em>&#8220;.<\/p>\n<p>&nbsp;<\/p>\n<p>Tra contraddizioni e nevrosi, alla luce di questa disposizione dell&#8217;A.C.I., vorremmo poter comprendere qualcosa in pi\u00f9, considerata la scarsa informazione in materia, anche da parte degli addetti ai parcheggi, per evitare tragicommedie che di fatto rappresentano delle ipoteche morali nel contatto con i cittadini.<\/p>\n<p>&nbsp;<\/p>\n<p>Sarebbe interessante comprendere anche se elevare verbali a chi espone il pass per disabili sulle strisce blu rappresenti realmente una trasgressione del nuovo piano della sosta, stabilita dal comune o dalla societ\u00e0 che gestisce i parcheggi.<\/p>\n<p>E&#8217; utile sapere se esistono in alternativa, eventuali soluzioni in situazioni temporanee di necessit\u00e0.<\/p>\n<p>&nbsp;<\/p>\n<p>Con altrettanta determinazione, pregio e chiarezza, ribadiamo che anche chi vive in sofferenza avrebbe piacere di vivere in una citt\u00e0 pi\u00f9 moderna, innovativa e civile, nel pieno rispetto delle regole.<\/p>\n<p>Sempre che le stesse siano giuste, rispettate da chi le emana e da chi le gestisce.<\/p>\n<p>&nbsp;<\/p>\n<p>&nbsp;<\/p>\n<p>MARCO GRECO<\/p>\n","protected":false},"excerpt":{"rendered":"<p>La recente approvazione del piano parcheggi \u00e8 forse l&#8217;esperimento pi\u00f9 discusso degli ultimi anni a Brindisi. Ma al di l\u00e0 delle varie zone colorate di verde, rosso e blu, con disco orario e nuovi ticket a pagamento, uno dei maggiori disagi sembra essere quello che riguarda gli stalli gialli per disabili sempre pieni in quasi tutte le ore del giorno. &nbsp; Da questa situazione emergono nuove criticit\u00e0, angoscia e una certa attenzione a non finire nella parte sbagliata. &nbsp; Ci\u00f2 che lascia maggiormente perplessi e attoniti \u00e8 invece la mancanza di tolleranza, ma spesso anche di buon senso, di alcuni ausiliari del traffico pronti ad elevare verbali anche quando si ha l&#8217;estrema necessit\u00e0 di sostare sulle strisce blu, qualora gli stalli riservati sono pieni. &nbsp; Per i possessori di pass, la sosta accade nel breve tempo necessario per accompagnare chi ha una ridotta capacit\u00e0 di deambulazione, presso ambulatori, strutture mediche e abitazioni. A tal proposito il regolamento dell&#8217;Automobile Club d&#8217;Italia diche che &#8220;l&#8217;uso del contrassegno disabili \u00e8 consentito nei parcheggi&#8230;<\/p>\n","protected":false},"author":2,"featured_media":63949,"comment_status":"open","ping_status":"closed","sticky":false,"template":"","format":"standard","meta":{"footnotes":""},"categories":[9],"tags":[1490,193,1530],"class_list":["post-129589","post","type-post","status-publish","format-standard","has-post-thumbnail","hentry","category-interventi","tag-disabili","tag-marco-greco","tag-strisce-blu"],"_links":{"self":[{"href":"https:\/\/www.brundisium.net\/index.php\/wp-json\/wp\/v2\/posts\/129589","targetHints":{"allow":["GET"]}}],"collection":[{"href":"https:\/\/www.brundisium.net\/index.php\/wp-json\/wp\/v2\/posts"}],"about":[{"href":"https:\/\/www.brundisium.net\/index.php\/wp-json\/wp\/v2\/types\/post"}],"author":[{"embeddable":true,"href":"https:\/\/www.brundisium.net\/index.php\/wp-json\/wp\/v2\/users\/2"}],"replies":[{"embeddable":true,"href":"https:\/\/www.brundisium.net\/index.php\/wp-json\/wp\/v2\/comments?post=129589"}],"version-history":[{"count":1,"href":"https:\/\/www.brundisium.net\/index.php\/wp-json\/wp\/v2\/posts\/129589\/revisions"}],"predecessor-version":[{"id":129590,"href":"https:\/\/www.brundisium.net\/index.php\/wp-json\/wp\/v2\/posts\/129589\/revisions\/129590"}],"wp:featuredmedia":[{"embeddable":true,"href":"https:\/\/www.brundisium.net\/index.php\/wp-json\/wp\/v2\/media\/63949"}],"wp:attachment":[{"href":"https:\/\/www.brundisium.net\/index.php\/wp-json\/wp\/v2\/media?parent=129589"}],"wp:term":[{"taxonomy":"category","embeddable":true,"href":"https:\/\/www.brundisium.net\/index.php\/wp-json\/wp\/v2\/categories?post=129589"},{"taxonomy":"post_tag","embeddable":true,"href":"https:\/\/www.brundisium.net\/index.php\/wp-json\/wp\/v2\/tags?post=129589"}],"curies":[{"name":"wp","href":"https:\/\/api.w.org\/{rel}","templated":true}]}}