{"id":129980,"date":"2018-04-13T15:21:32","date_gmt":"2018-04-13T13:21:32","guid":{"rendered":"http:\/\/www.brundisium.net\/?p=129980"},"modified":"2018-04-13T14:41:50","modified_gmt":"2018-04-13T12:41:50","slug":"amministrative-francavilla-pd-incontra-la-cisl-progetti-per-la-citta-nel-segno-della-partecipazione-e-del-dialogo-sociale","status":"publish","type":"post","link":"https:\/\/www.brundisium.net\/index.php\/amministrative-francavilla-pd-incontra-la-cisl-progetti-per-la-citta-nel-segno-della-partecipazione-e-del-dialogo-sociale\/","title":{"rendered":"Amministrative Francavilla, PD incontra la Cisl: &#8220;progetti per la citt\u00e0 nel segno della partecipazione e del dialogo sociale&#8221;"},"content":{"rendered":"<p>Il Gruppo dirigente del Partito Democratico di Francavilla Fontana, nell\u2019ambito della campagna di ascolto delle Associazioni sindacali e imprenditoriali del territorio comunale\/provinciale, contestualmente alla predisposizione in atto del programma per le Amministrative 2018, ha incontrato gioved\u00ec u.s. presso il proprio Comitato elettorale di via Roma, n. 102, il segretario generale della Cisl Taranto Brindisi, Antonio Castellucci, presente anche il candidato sindaco della Citt\u00e0 Maurizio Bruno.<\/p>\n<p>&nbsp;<\/p>\n<p>\u201cE\u2019 stato un incontro molto cordiale, ricco di contenuti e, perci\u00f2, niente affatto formale \u2013 ha dichiarato Fabio Zecchino, segretario del Circolo PD \u2013 rispondente a ci\u00f2 che noi abbiamo definito come vero e proprio progetto di ascolto e di dialogo sociale, a valere non solo in questa fase ma anche successivamente al 10 giugno p.v., quando cio\u00e8 la coalizione che sostiene la candidatura di Bruno torner\u00e0 ad amministrare la Citt\u00e0 con il consenso dei francavillesi. Saremo sempre per la partecipazione alle cosa pubblica di lavoratori, pensionati, cittadini in generale, attraverso gli Organismi democratici di rappresentanza per costruire insieme, ciascuno con le proprie responsabilit\u00e0 e senza commistione di ruoli, il consenso ad ogni scelta amministrativa rivolta al bene comune.\u201d<\/p>\n<p>&nbsp;<\/p>\n<p>Antonio Castellucci ha affermato, tra l\u2019altro, che \u201cnon esister\u00e0 progetto programmatico amministrativo serio se non partir\u00e0 dai bisogni delle persone, delle famiglie, dei giovani. Per questi ultimi, in particolare, occorrer\u00e0 mettere a rete tutte le agenzie educative del territorio, predisporre percorsi di alternanza scuola-lavoro utilizzando le vocazioni produttive e persino le eccellenze del territorio ma anche attivare canali di conoscenza di tutte le opportunit\u00e0 lavorative e di auto-imprenditorialit\u00e0 contenute nella legislazione regionale, nazionale ed in virt\u00f9 dei cofinanziamenti europei.\u201d<\/p>\n<p>&nbsp;<\/p>\n<p>Anche per Maurizio Bruno \u201cle politiche sociali e socio-sanitarie sono tra i fondamenti di un\u2019azione amministrativa nonostante le ristrettezze economiche conclamate degli Enti locali; ad essi si chiede di riscontrare i bisogni diffusi, implementando sinergie con la Asl, assicurando la completa funzionalit\u00e0 degli Ambiti territoriali ed agendo quando possibile con la tassazione locale e favore dei pi\u00f9 deboli socialmente. La politica francavillese \u00e8 chiamata a rilanciare la propria iniziativa per rendere la Citt\u00e0 attrattiva per investimenti pubblici e privati, non ultimo per inserirla nei circuiti economici (Zes e non solo), culturali, turistici, commerciali e ricettivi che essa merita.\u201d<\/p>\n<p>&nbsp;<\/p>\n<p>A conclusione del dibattito, Fabio Zecchino ha espressamente chiesto l\u2019invio di una scheda contenente i suggerimenti e le proposte avanzate, tra l\u2019altro, dal segretario Antonio Castellucci a nome della Cisl, in tema di sviluppo, occupazione, Patto sociale territoriale, welfare locale, legalit\u00e0.<\/p>\n<p>&nbsp;<\/p>\n<p><em><strong> UFFICIO STAMPA CISL<\/strong><\/em><\/p>\n","protected":false},"excerpt":{"rendered":"<p>Il Gruppo dirigente del Partito Democratico di Francavilla Fontana, nell\u2019ambito della campagna di ascolto delle Associazioni sindacali e imprenditoriali del territorio comunale\/provinciale, contestualmente alla predisposizione in atto del programma per le Amministrative 2018, ha incontrato gioved\u00ec u.s. presso il proprio Comitato elettorale di via Roma, n. 102, il segretario generale della Cisl Taranto Brindisi, Antonio Castellucci, presente anche il candidato sindaco della Citt\u00e0 Maurizio Bruno. &nbsp; \u201cE\u2019 stato un incontro molto cordiale, ricco di contenuti e, perci\u00f2, niente affatto formale \u2013 ha dichiarato Fabio Zecchino, segretario del Circolo PD \u2013 rispondente a ci\u00f2 che noi abbiamo definito come vero e proprio progetto di ascolto e di dialogo sociale, a valere non solo in questa fase ma anche successivamente al 10 giugno p.v., quando cio\u00e8 la coalizione che sostiene la candidatura di Bruno torner\u00e0 ad amministrare la Citt\u00e0 con il consenso dei francavillesi. Saremo sempre per la partecipazione alle cosa pubblica di lavoratori, pensionati, cittadini in generale, attraverso gli Organismi democratici di rappresentanza per costruire insieme, ciascuno con le proprie responsabilit\u00e0&#8230;<\/p>\n","protected":false},"author":2,"featured_media":123135,"comment_status":"open","ping_status":"closed","sticky":false,"template":"","format":"standard","meta":{"footnotes":""},"categories":[7],"tags":[590],"class_list":["post-129980","post","type-post","status-publish","format-standard","has-post-thumbnail","hentry","category-news","tag-amministrative-francavilla"],"_links":{"self":[{"href":"https:\/\/www.brundisium.net\/index.php\/wp-json\/wp\/v2\/posts\/129980","targetHints":{"allow":["GET"]}}],"collection":[{"href":"https:\/\/www.brundisium.net\/index.php\/wp-json\/wp\/v2\/posts"}],"about":[{"href":"https:\/\/www.brundisium.net\/index.php\/wp-json\/wp\/v2\/types\/post"}],"author":[{"embeddable":true,"href":"https:\/\/www.brundisium.net\/index.php\/wp-json\/wp\/v2\/users\/2"}],"replies":[{"embeddable":true,"href":"https:\/\/www.brundisium.net\/index.php\/wp-json\/wp\/v2\/comments?post=129980"}],"version-history":[{"count":1,"href":"https:\/\/www.brundisium.net\/index.php\/wp-json\/wp\/v2\/posts\/129980\/revisions"}],"predecessor-version":[{"id":129983,"href":"https:\/\/www.brundisium.net\/index.php\/wp-json\/wp\/v2\/posts\/129980\/revisions\/129983"}],"wp:featuredmedia":[{"embeddable":true,"href":"https:\/\/www.brundisium.net\/index.php\/wp-json\/wp\/v2\/media\/123135"}],"wp:attachment":[{"href":"https:\/\/www.brundisium.net\/index.php\/wp-json\/wp\/v2\/media?parent=129980"}],"wp:term":[{"taxonomy":"category","embeddable":true,"href":"https:\/\/www.brundisium.net\/index.php\/wp-json\/wp\/v2\/categories?post=129980"},{"taxonomy":"post_tag","embeddable":true,"href":"https:\/\/www.brundisium.net\/index.php\/wp-json\/wp\/v2\/tags?post=129980"}],"curies":[{"name":"wp","href":"https:\/\/api.w.org\/{rel}","templated":true}]}}