{"id":131279,"date":"2018-04-28T19:51:27","date_gmt":"2018-04-28T17:51:27","guid":{"rendered":"http:\/\/www.brundisium.net\/?p=131279"},"modified":"2018-04-30T16:26:45","modified_gmt":"2018-04-30T14:26:45","slug":"i-giovani-di-ora-tocca-a-noi-parteciperanno-alle-amministrative-al-fianco-di-riccardo-rossi","status":"publish","type":"post","link":"https:\/\/www.brundisium.net\/index.php\/i-giovani-di-ora-tocca-a-noi-parteciperanno-alle-amministrative-al-fianco-di-riccardo-rossi\/","title":{"rendered":"I giovani di &#8220;Ora tocca a noi&#8221; parteciperanno alle amministrative al fianco di Riccardo Rossi"},"content":{"rendered":"<p><a href=\"http:\/\/www.brundisium.net\/brun\/wp-content\/uploads\/2018\/04\/foto-retrogusto-ora-tocca-a-noi.jpg\"><img loading=\"lazy\" decoding=\"async\" class=\"alignleft size-medium wp-image-131282\" src=\"http:\/\/www.brundisium.net\/brun\/wp-content\/uploads\/2018\/04\/foto-retrogusto-ora-tocca-a-noi-300x188.jpg\" alt=\"\" width=\"300\" height=\"188\" srcset=\"https:\/\/www.brundisium.net\/brun\/wp-content\/uploads\/2018\/04\/foto-retrogusto-ora-tocca-a-noi-300x188.jpg 300w, https:\/\/www.brundisium.net\/brun\/wp-content\/uploads\/2018\/04\/foto-retrogusto-ora-tocca-a-noi-768x481.jpg 768w, https:\/\/www.brundisium.net\/brun\/wp-content\/uploads\/2018\/04\/foto-retrogusto-ora-tocca-a-noi-1024x641.jpg 1024w, https:\/\/www.brundisium.net\/brun\/wp-content\/uploads\/2018\/04\/foto-retrogusto-ora-tocca-a-noi-112x70.jpg 112w, https:\/\/www.brundisium.net\/brun\/wp-content\/uploads\/2018\/04\/foto-retrogusto-ora-tocca-a-noi.jpg 1600w\" sizes=\"auto, (max-width: 300px) 100vw, 300px\" \/><\/a>Oggi a distanza di un mese dalla prima iniziativa svolta al Susumaniello il 31\/03, abbiamo dato vita ad un secondo incontro di partecipazione e discussione, presentando le idee e proposte emerse fino ad ora dai nostri gruppi di lavoro.<\/p>\n<p>&nbsp;<\/p>\n<p>Oggi abbiamo dimostrato come in questo mese non siamo stati fermi e passivi, aspettando scelte e proposte dall\u2019alto, ma ci siamo impegnati in prima persona, mettendoci la faccia, dimostrando come anche tra lavoro e studio, con pochi mezzi a disposizione e con tutte le difficolt\u00e0 dovute alla distanza, un\u2019altra politica \u00e8 possibile, un\u2019altra idea di citt\u00e0 \u00e8 possibile.<\/p>\n<p>&nbsp;<\/p>\n<p>Abbiamo riflettuto molto su quella che dev\u2019essere la natura e la finalit\u00e0 di questo movimento, dandoci quindi da un lato l\u2019obiettivo di costruire un contenitore stabile che a lungo termine possa rappresentare un punto di riferimento per i giovani che vogliono mettere al servizio le proprie energie per il bene della citt\u00e0, costituendoci in associazione.<\/p>\n<p>&nbsp;<\/p>\n<p>Dall\u2019altro lato abbiamo discusso e valutato la necessit\u00e0 di essere presenti e far parte di questa tornata elettorale, abbiamo il dovere di dare una rappresentanza politica a questo nostro movimento portando avanti in maniera diretta il nostro bagaglio di conoscenze, proposte, idee e di rappresentanza.<\/p>\n<p>&nbsp;<\/p>\n<p>Non vogliamo lasciare la citt\u00e0 nelle mani di quei personaggi che adesso vengono elevati a Frontman di partiti e coalizioni, che a nostro avviso non rappresentano il bene della citt\u00e0, ma che anzi rappresentano il riciclo di coloro che da anni dominano la scena politica brindisina, hanno gi\u00e0 avuto modo di dare un proprio contributo, senza successi e facendo ricadere la citt\u00e0 nelle condizioni attuali, per cui ovviamente riteniamo che non possano rappresentare l\u2019idea positiva di citt\u00e0 a cui ci ispiriamo.<\/p>\n<p>&nbsp;<\/p>\n<p>Come tutti sanno, avremmo auspicato la creazione di una coalizione in grado di mettere insieme le forze che a nostro avviso rispecchiano la possibilit\u00e0 di cambiamento reale e di svolta per la citt\u00e0, ovvero i Cinque Stelle e la coalizione a cui \u00e8 a capo Riccardo Rossi, ma abbiamo anche dovuto riflettere sulle diverse risposte ricevute alla nostra apertura, e ovviamente anche del fatto che i Cinque stelle non si sono dimostrati aperti ad alcuna forma di patto politico.<\/p>\n<p>&nbsp;<\/p>\n<p>A tal proposito, ci preme precisare che siamo molto dispiaciuti per la risposta del m5s, poich\u00e9 crediamo che la loro risposta sia avulsa dal contesto politico attuale nazionale e denota la totale assenza di interesse a mettere da parte i propri tornaconti, i propri simboli, per costruire un progetto che avesse come unico fine il bene della citt\u00e0.<\/p>\n<p>&nbsp;<\/p>\n<p>Volevamo cercare di unire le forze per non abbandonare di nuovo la nostra Brindisi nelle mani di chi fino ad oggi se n\u2019\u00e8 soltanto approfittato, avremmo voluto noi giovani fare da collante per questa nuova realt\u00e0, date le condizioni critiche in cui ci troviamo (ben quattro i sindaci arrestati negli ultimi trent\u2019anni e mandati amministrativi inconcludenti).<\/p>\n<p>&nbsp;<\/p>\n<p>Prendiamo atto del fatto che questa strada non sia perseguibile, e per questo abbiamo deciso di portare avanti il dialogo con la coalizione di Rossi, confrontandoci e valutando tutte le condizioni politiche rispetto a un totale rinnovamento della classe politica, rispetto alla convergenza nei programmi di intenti e di idee.<\/p>\n<p>&nbsp;<\/p>\n<p>Una volta valutate e confermate queste ultime due premesse, abbiamo preso la decisione di aderire a questa coalizione e dare il nostro contributo dall\u2019interno, provando a costruire la lista di Ora Tocca a Noi.<\/p>\n<p>&nbsp;<\/p>\n<p>Crediamo che l\u2019unica alternativa possibile per Brindisi, l\u2019unico spazio in cui il nostro contributo possa essere utile al risollevamento della citt\u00e0, sia nella coalizione che vede Riccardo Rossi come candidato sindaco e come Ora tocca a Noi aspiriamo ad eleggere una rappresentanza politica diretta all\u2019interno del consiglio comunale.<\/p>\n<p>&nbsp;<\/p>\n","protected":false},"excerpt":{"rendered":"<p>Oggi a distanza di un mese dalla prima iniziativa svolta al Susumaniello il 31\/03, abbiamo dato vita ad un secondo incontro di partecipazione e discussione, presentando le idee e proposte emerse fino ad ora dai nostri gruppi di lavoro. &nbsp; Oggi abbiamo dimostrato come in questo mese non siamo stati fermi e passivi, aspettando scelte e proposte dall\u2019alto, ma ci siamo impegnati in prima persona, mettendoci la faccia, dimostrando come anche tra lavoro e studio, con pochi mezzi a disposizione e con tutte le difficolt\u00e0 dovute alla distanza, un\u2019altra politica \u00e8 possibile, un\u2019altra idea di citt\u00e0 \u00e8 possibile. &nbsp; Abbiamo riflettuto molto su quella che dev\u2019essere la natura e la finalit\u00e0 di questo movimento, dandoci quindi da un lato l\u2019obiettivo di costruire un contenitore stabile che a lungo termine possa rappresentare un punto di riferimento per i giovani che vogliono mettere al servizio le proprie energie per il bene della citt\u00e0, costituendoci in associazione. &nbsp; Dall\u2019altro lato abbiamo discusso e valutato la necessit\u00e0 di essere presenti e far parte di&#8230;<\/p>\n","protected":false},"author":2,"featured_media":131281,"comment_status":"open","ping_status":"closed","sticky":false,"template":"","format":"standard","meta":{"footnotes":""},"categories":[7],"tags":[5772],"class_list":["post-131279","post","type-post","status-publish","format-standard","has-post-thumbnail","hentry","category-news","tag-ora-tocca-a-noi"],"_links":{"self":[{"href":"https:\/\/www.brundisium.net\/index.php\/wp-json\/wp\/v2\/posts\/131279","targetHints":{"allow":["GET"]}}],"collection":[{"href":"https:\/\/www.brundisium.net\/index.php\/wp-json\/wp\/v2\/posts"}],"about":[{"href":"https:\/\/www.brundisium.net\/index.php\/wp-json\/wp\/v2\/types\/post"}],"author":[{"embeddable":true,"href":"https:\/\/www.brundisium.net\/index.php\/wp-json\/wp\/v2\/users\/2"}],"replies":[{"embeddable":true,"href":"https:\/\/www.brundisium.net\/index.php\/wp-json\/wp\/v2\/comments?post=131279"}],"version-history":[{"count":1,"href":"https:\/\/www.brundisium.net\/index.php\/wp-json\/wp\/v2\/posts\/131279\/revisions"}],"predecessor-version":[{"id":131283,"href":"https:\/\/www.brundisium.net\/index.php\/wp-json\/wp\/v2\/posts\/131279\/revisions\/131283"}],"wp:featuredmedia":[{"embeddable":true,"href":"https:\/\/www.brundisium.net\/index.php\/wp-json\/wp\/v2\/media\/131281"}],"wp:attachment":[{"href":"https:\/\/www.brundisium.net\/index.php\/wp-json\/wp\/v2\/media?parent=131279"}],"wp:term":[{"taxonomy":"category","embeddable":true,"href":"https:\/\/www.brundisium.net\/index.php\/wp-json\/wp\/v2\/categories?post=131279"},{"taxonomy":"post_tag","embeddable":true,"href":"https:\/\/www.brundisium.net\/index.php\/wp-json\/wp\/v2\/tags?post=131279"}],"curies":[{"name":"wp","href":"https:\/\/api.w.org\/{rel}","templated":true}]}}