{"id":13174,"date":"2014-05-12T17:43:01","date_gmt":"2014-05-12T15:43:01","guid":{"rendered":"http:\/\/www.brundisium.net\/brun\/?p=13174"},"modified":"2014-05-13T17:49:00","modified_gmt":"2014-05-13T15:49:00","slug":"conoscersi-in-regata-guardando-da-vicino","status":"publish","type":"post","link":"https:\/\/www.brundisium.net\/index.php\/conoscersi-in-regata-guardando-da-vicino\/","title":{"rendered":"Conoscersi in Regata&#8230; guardando da vicino"},"content":{"rendered":"<p>\u201cConoscersi in Regata&#8230; guardando da vicino\u201d, questo \u00e8 il titolo della seconda edizione della veleggiata di solidariet\u00e0 organizzata dall\u2019associazione di promozione sociale \u201cGV3 &#8211; a Gonfie Vele Verso la Vita\u201d insieme a \u00a0Lega Navale, Circolo della Vela di Brindisi e Veleria Montefusco. L&#8217;evento \u00a0sostenuto da numerose realt\u00e0 private e pubbliche \u00e8 stato inserito nel calendario degli eventi di \u00a0&#8220;Brindisi Citt\u00e0 Europea dello Sport 2014&#8221; e ha ricevuto il patrocinio del Comune di Brindisi, della Asl, della Capitaneria di Porto e di Federmanager Puglia.<br \/>\nDomenica 8 giugno alle ore 9,30, le imbarcazioni, messe a disposizione da armatori volontari, staccheranno gli ormeggi dal Lungomare brindisino e si cimenteranno in una competizione amichevole tra la diga di Punta Riso e Punta Penne. L&#8217;esperienza si appogger\u00e0 ad un percorso didattico\/formativo che coinvolger\u00e0 alcune realt\u00e0, presenti sul territorio regionale, impegnate nel reinserimento di adolescenti e giovani in difficolt\u00e0.<\/p>\n<p>Il mare non ha barriere, e pu\u00f2 essere una esperienza di crescita e di promozione umana per tutti. Guardare da vicino le esperienze altrui porta a superare le barriere dell&#8217;individualismo e dell&#8217;autosufficienza. L&#8217;esperienza in barca \u00e8 un\u2019occasione per avvicinarsi, confrontarsi, dialogare, scendere in profondit\u00e0. Questo il messaggio che l\u2019associazione intende lanciare coinvolgendo, nelle proprie iniziative, persone con diverse forme di disagio.<\/p>\n<p>Per dare la possibilit\u00e0 a pi\u00f9 partecipanti di condividere questo momento di integrazione sociale, GV3 cerca armatori interessati a partecipare all\u2019evento i quali possono contattare l\u2019associazione attraverso il suo sito web\u00a0gv3.org<\/p>\n<p>GV3 \u00e8 affiliata all&#8217;Unione Italiana Vela Solidale (UVS) e alla Unione Italiana Sport per tutti (UISP) e conta di organizzare, nelle prime settimane di giugno, diverse esperienze formative ed escursioni con bambini delle scuole elementari, con i ragazzi down e con gruppi di tetraplegici utilizzando una propria imbarcazione.<\/p>\n<p>PROGRAMMA \u201cCONOSCERSI IN REGATA&#8230; guardando da vicino\u201d<\/p>\n<p>Martedi\u0300 03 giugno<br \/>\nOre 15,00 Visita presso la Veleria Montefusco a Lecce: Guardiamo da vicino come \u00e8 fatta una vela<\/p>\n<p>Sabato 07 giugno<br \/>\nOre 10,00 presso la Casa del Turista: Minicorso formativo sulla navigazione a vela a cura degli istruttori della scuola di vela della Lega Navale di Brindisi<br \/>\nOre 14,00 presso il molo antistante la Casa del Turista: Prove in mare con gli equipaggi neofiti con istruttori e armatori volontari.<br \/>\nIn serata presso il lungomare, Conosciamoci da vicino: nei pressi delle imbarcazioni incontri e visite secondo la disponibilita\u0300 delle associazioni ed armatori.<\/p>\n<p>Domenica 8 giugno<br \/>\nOre 8,30 presso la Casa del Turista: Briefing pre-veleggiata<br \/>\nOre 9,00 diga Lungomare Regina Margherita: Molliamo gli ormeggi.<br \/>\nOre 10,00 diga Punta Riso: Partenza della veleggiata<br \/>\nOre 12,30 Scalinata Virgilio: Premiazione e saluto ai partecipanti.<\/p>\n","protected":false},"excerpt":{"rendered":"<p>\u201cConoscersi in Regata&#8230; guardando da vicino\u201d, questo \u00e8 il titolo della seconda edizione della veleggiata di solidariet\u00e0 organizzata dall\u2019associazione di promozione sociale \u201cGV3 &#8211; a Gonfie Vele Verso la Vita\u201d insieme a \u00a0Lega Navale, Circolo della Vela di Brindisi e Veleria Montefusco. L&#8217;evento \u00a0sostenuto da numerose realt\u00e0 private e pubbliche \u00e8 stato inserito nel calendario degli eventi di \u00a0&#8220;Brindisi Citt\u00e0 Europea dello Sport 2014&#8221; e ha ricevuto il patrocinio del Comune di Brindisi, della Asl, della Capitaneria di Porto e di Federmanager Puglia. Domenica 8 giugno alle ore 9,30, le imbarcazioni, messe a disposizione da armatori volontari, staccheranno gli ormeggi dal Lungomare brindisino e si cimenteranno in una competizione amichevole tra la diga di Punta Riso e Punta Penne. L&#8217;esperienza si appogger\u00e0 ad un percorso didattico\/formativo che coinvolger\u00e0 alcune realt\u00e0, presenti sul territorio regionale, impegnate nel reinserimento di adolescenti e giovani in difficolt\u00e0. Il mare non ha barriere, e pu\u00f2 essere una esperienza di crescita e di promozione umana per tutti. Guardare da vicino le esperienze altrui porta a superare&#8230;<\/p>\n","protected":false},"author":2,"featured_media":13175,"comment_status":"open","ping_status":"open","sticky":false,"template":"","format":"standard","meta":{"footnotes":""},"categories":[8,389,1232],"tags":[],"class_list":["post-13174","post","type-post","status-publish","format-standard","has-post-thumbnail","hentry","category-sport","category-territorio","category-vela"],"_links":{"self":[{"href":"https:\/\/www.brundisium.net\/index.php\/wp-json\/wp\/v2\/posts\/13174","targetHints":{"allow":["GET"]}}],"collection":[{"href":"https:\/\/www.brundisium.net\/index.php\/wp-json\/wp\/v2\/posts"}],"about":[{"href":"https:\/\/www.brundisium.net\/index.php\/wp-json\/wp\/v2\/types\/post"}],"author":[{"embeddable":true,"href":"https:\/\/www.brundisium.net\/index.php\/wp-json\/wp\/v2\/users\/2"}],"replies":[{"embeddable":true,"href":"https:\/\/www.brundisium.net\/index.php\/wp-json\/wp\/v2\/comments?post=13174"}],"version-history":[{"count":1,"href":"https:\/\/www.brundisium.net\/index.php\/wp-json\/wp\/v2\/posts\/13174\/revisions"}],"predecessor-version":[{"id":13176,"href":"https:\/\/www.brundisium.net\/index.php\/wp-json\/wp\/v2\/posts\/13174\/revisions\/13176"}],"wp:featuredmedia":[{"embeddable":true,"href":"https:\/\/www.brundisium.net\/index.php\/wp-json\/wp\/v2\/media\/13175"}],"wp:attachment":[{"href":"https:\/\/www.brundisium.net\/index.php\/wp-json\/wp\/v2\/media?parent=13174"}],"wp:term":[{"taxonomy":"category","embeddable":true,"href":"https:\/\/www.brundisium.net\/index.php\/wp-json\/wp\/v2\/categories?post=13174"},{"taxonomy":"post_tag","embeddable":true,"href":"https:\/\/www.brundisium.net\/index.php\/wp-json\/wp\/v2\/tags?post=13174"}],"curies":[{"name":"wp","href":"https:\/\/api.w.org\/{rel}","templated":true}]}}