{"id":132449,"date":"2018-05-12T18:24:28","date_gmt":"2018-05-12T16:24:28","guid":{"rendered":"http:\/\/www.brundisium.net\/?p=132449"},"modified":"2018-05-17T08:33:21","modified_gmt":"2018-05-17T06:33:21","slug":"a-spasso-nel-temporary-shop-reparto-numero-1-di-a-serni","status":"publish","type":"post","link":"https:\/\/www.brundisium.net\/index.php\/a-spasso-nel-temporary-shop-reparto-numero-1-di-a-serni\/","title":{"rendered":"A spasso nel temporary shop &#8211; reparto numero 1. Di A.Serni"},"content":{"rendered":"<p>&#8230; tre &#8230; due &#8230; uno &#8230; viaaaaaa &#8230;<br \/>\n&#8230; \u00e8 partito oggi alle ore 12 il temporary shop &#8230;<br \/>\ngrande affluenza e grande pubblicit\u00e0 &#8230;<\/p>\n<p>&nbsp;<\/p>\n<p>per circa tre ore i siti web non hanno parlato d\u2019altro prima di ritornare a informare su furti di elettricit\u00e0, incidenti stradali, fughe dai domiciliari e convegni di nicchia &#8230;<br \/>\nil pubblico ha risposto alla grande &#8230; grandissima attenzione e grande accoglienza &#8230;<\/p>\n<p>&nbsp;<\/p>\n<p>fra assunti veri e propri e indotto si parla di circa 500 assunzioni che di questi tempi non sono male &#8230;<br \/>\nanche se 470 o gi\u00f9 di l\u00ec saranno a tempo determinato e circa una trentina con contratto di(forse) cinque anni &#8230;<br \/>\nnon male &#8230;<\/p>\n<p>&nbsp;<\/p>\n<p>si \u00e8 registrata qualche piccola tensione proprio nelle fasi ultime di preparazione ma niente di che &#8230;<br \/>\ntutto sommato l\u2019inaugurazione c\u2019\u00e8 stata e adesso per un mese (trenta giorni esatti) tutti i cittadini potranno osservare, guardare, valutare, considerare, fare di conto e poi, eventualmente, acquistare &#8230;<\/p>\n<p>&nbsp;<\/p>\n<p>la chiusura \u00e8 prevista per il 10 giugno ma si parla gi\u00e0 di una proroga di quindici giorni &#8230;<br \/>\ninsomma sar\u00e0 una festa che durer\u00e0 circa un mese e mezzo e sicuramente ne sentiremo parlare quotidianamente &#8230;<br \/>\nlo spazio interno \u00e8 diviso in 5 settori diversissimi per qualit\u00e0, storia aziendale, importanza e &#8230; aspettative &#8230;<br \/>\nse proroga ci sar\u00e0 essa riguarder\u00e0 solamente due delle grandi marche presenti e cio\u00e8 quelle che avranno venduto di pi\u00f9 &#8230;<br \/>\nper le altre tre il gioco finir\u00e0 sicuramente fra un mese &#8230;<\/p>\n<p>&nbsp;<\/p>\n<p>ogni marca ha un proprio front man al quale ha affidato la propria immagine &#8230;<\/p>\n<p>&nbsp;<\/p>\n<p>il direttore del settore pi\u00f9 vasto, quello con pi\u00f9 scaffali, quello che ha sempre registrato il maggior numero di vendite, \u00e8 un tipo tosto, autorevole, bene impostato , forse troppo serio e inamidato ma che infonde una certa sicurezza e competenza &#8230;<\/p>\n<p>&nbsp;<\/p>\n<p>\u00e8 nuovo nel commercio, proviene dal mondo delle professioni e non sappiamo se, vendendo bene e vincendo questa specie di gara, sar\u00e0 capace di gestire poi un negozio cos\u00ec grande e eterogeneo &#8230;<\/p>\n<p>&nbsp;<\/p>\n<p>i suoi commessi sono fra i pi\u00f9 bravi e capaci nelle vendite ma rissosi e poco propensi al gioco di squadra &#8230;<br \/>\nognuno di loro pensa per se e la capacit\u00e0 di diventare capo commesso o addirittura vicedirettore complicher\u00e0 non poco la gestione futura &#8230;<br \/>\nfra di loro ci sono giovani talentuosi, figli di commessi gi\u00e0 licenziati,idealisti del commercio equo e solidale e simpatici avventurieri che si giocano il tutto per tutto &#8230;<\/p>\n<p>&nbsp;<\/p>\n<p>le critiche che muoveranno gli altri competitors saranno proprio di questo tipo &#8230;<br \/>\npasseranno tutto il mese a parlare dei commessi di questo reparto &#8230; li insulteranno, li vivisezioneranno, li attaccheranno e continueranno a parlare di loro mentre la gente continuer\u00e0 a comprare proprio quella merce della quale nessuno si preoccupa di dire niente &#8230;<br \/>\nuna pazzia &#8230;<br \/>\nper questo, in genere, questo reparto \u00e8 il pi\u00f9 visitato &#8230;<\/p>\n<p>&nbsp;<\/p>\n<p>vive di pubblicit\u00e0 indiretta &#8230;<br \/>\nal momento chi sa fare pronostici dice che questo sar\u00e0 uno dei due reparti che rimarranno aperti per quindici giorni in pi\u00f9 &#8230;<br \/>\nstaremo a vedere &#8230;<\/p>\n<p>&nbsp;<\/p>\n<p>la merce sugli scaffali \u00e8 di tipo classico &#8230; c\u2019\u00e8 qualche capo buono ma non buonissimo &#8230;<br \/>\ni soliti tagli riveduti e corretti &#8230;<br \/>\ni soliti slogans rassicuranti &#8230;<\/p>\n<p>&nbsp;<\/p>\n<p>qui la materia la conoscono e sanno cosa, come e a chi vendere &#8230; sono intenditori &#8230;<br \/>\n&#8230; per ora dipende soprattutto dalla capacit\u00e0 di questi 192 commessi motivatissimi &#8230;<br \/>\nstaremo a vedere &#8230;<\/p>\n<p>&nbsp;<\/p>\n<p>(segue)<\/p>\n<p>&nbsp;<\/p>\n<p><em><strong>Apunto Serni<\/strong><\/em><\/p>\n","protected":false},"excerpt":{"rendered":"<p>&#8230; tre &#8230; due &#8230; uno &#8230; viaaaaaa &#8230; &#8230; \u00e8 partito oggi alle ore 12 il temporary shop &#8230; grande affluenza e grande pubblicit\u00e0 &#8230; &nbsp; per circa tre ore i siti web non hanno parlato d\u2019altro prima di ritornare a informare su furti di elettricit\u00e0, incidenti stradali, fughe dai domiciliari e convegni di nicchia &#8230; il pubblico ha risposto alla grande &#8230; grandissima attenzione e grande accoglienza &#8230; &nbsp; fra assunti veri e propri e indotto si parla di circa 500 assunzioni che di questi tempi non sono male &#8230; anche se 470 o gi\u00f9 di l\u00ec saranno a tempo determinato e circa una trentina con contratto di(forse) cinque anni &#8230; non male &#8230; &nbsp; si \u00e8 registrata qualche piccola tensione proprio nelle fasi ultime di preparazione ma niente di che &#8230; tutto sommato l\u2019inaugurazione c\u2019\u00e8 stata e adesso per un mese (trenta giorni esatti) tutti i cittadini potranno osservare, guardare, valutare, considerare, fare di conto e poi, eventualmente, acquistare &#8230; &nbsp; la chiusura \u00e8 prevista per il&#8230;<\/p>\n","protected":false},"author":2,"featured_media":132450,"comment_status":"open","ping_status":"closed","sticky":false,"template":"","format":"standard","meta":{"footnotes":""},"categories":[1618],"tags":[1619,3215],"class_list":["post-132449","post","type-post","status-publish","format-standard","has-post-thumbnail","hentry","category-a-serni","tag-a-serni-2","tag-apunto-serni"],"_links":{"self":[{"href":"https:\/\/www.brundisium.net\/index.php\/wp-json\/wp\/v2\/posts\/132449","targetHints":{"allow":["GET"]}}],"collection":[{"href":"https:\/\/www.brundisium.net\/index.php\/wp-json\/wp\/v2\/posts"}],"about":[{"href":"https:\/\/www.brundisium.net\/index.php\/wp-json\/wp\/v2\/types\/post"}],"author":[{"embeddable":true,"href":"https:\/\/www.brundisium.net\/index.php\/wp-json\/wp\/v2\/users\/2"}],"replies":[{"embeddable":true,"href":"https:\/\/www.brundisium.net\/index.php\/wp-json\/wp\/v2\/comments?post=132449"}],"version-history":[{"count":1,"href":"https:\/\/www.brundisium.net\/index.php\/wp-json\/wp\/v2\/posts\/132449\/revisions"}],"predecessor-version":[{"id":132451,"href":"https:\/\/www.brundisium.net\/index.php\/wp-json\/wp\/v2\/posts\/132449\/revisions\/132451"}],"wp:featuredmedia":[{"embeddable":true,"href":"https:\/\/www.brundisium.net\/index.php\/wp-json\/wp\/v2\/media\/132450"}],"wp:attachment":[{"href":"https:\/\/www.brundisium.net\/index.php\/wp-json\/wp\/v2\/media?parent=132449"}],"wp:term":[{"taxonomy":"category","embeddable":true,"href":"https:\/\/www.brundisium.net\/index.php\/wp-json\/wp\/v2\/categories?post=132449"},{"taxonomy":"post_tag","embeddable":true,"href":"https:\/\/www.brundisium.net\/index.php\/wp-json\/wp\/v2\/tags?post=132449"}],"curies":[{"name":"wp","href":"https:\/\/api.w.org\/{rel}","templated":true}]}}