{"id":13276,"date":"2014-05-16T11:50:20","date_gmt":"2014-05-16T09:50:20","guid":{"rendered":"http:\/\/www.brundisium.net\/brun\/?p=13276"},"modified":"2014-05-16T12:01:08","modified_gmt":"2014-05-16T10:01:08","slug":"a-mesagne-si-prepara-la-1-edizione-di-carri-e-attacchi-depoca","status":"publish","type":"post","link":"https:\/\/www.brundisium.net\/index.php\/a-mesagne-si-prepara-la-1-edizione-di-carri-e-attacchi-depoca\/","title":{"rendered":"Domenica a Mesagne la 1^ edizione di &#8220;Carri e Attacchi d&#8217;epoca&#8221;"},"content":{"rendered":"<p><a href=\"http:\/\/www.brundisium.net\/brun\/wp-content\/uploads\/2014\/05\/articolo-attacchi1.jpg\"><img loading=\"lazy\" decoding=\"async\" class=\"alignleft size-medium wp-image-13277\" src=\"http:\/\/www.brundisium.net\/brun\/wp-content\/uploads\/2014\/05\/articolo-attacchi1-300x174.jpg\" alt=\"attacchi cavalli carri\" width=\"300\" height=\"174\" data-id=\"13277\" srcset=\"https:\/\/www.brundisium.net\/brun\/wp-content\/uploads\/2014\/05\/articolo-attacchi1-300x174.jpg 300w, https:\/\/www.brundisium.net\/brun\/wp-content\/uploads\/2014\/05\/articolo-attacchi1.jpg 550w\" sizes=\"auto, (max-width: 300px) 100vw, 300px\" \/><\/a>Dopo il successo della annuale edizione di \u201cMesagne in bicicletta\u201d, la locale Associazione Pro Loco, con il Patrocinio del Comune di Mesagne, \u00e8 lieta di invitarvi alla prima edizione dell\u2019evento dedicato agli \u201cattacchi d\u2019epoca\u201d.<\/p>\n<p>L\u2019idea di una manifestazione ad hoc \u00e8 nata per far rivivere una parte della cultura del nostro territorio, quella legata da sempre alla civilt\u00e0 contadina, grazie all\u2019impegno di due soci della Pro Loco, Saverio e Francesco Campana. La loro idea \u00e8 stata subito sposata dal Direttivo e dalla Presidenza che hanno cos\u00ec organizzato l\u2019evento, sostenuti dall\u2019Assessorato al Turismo.<\/p>\n<p>Alla manifestazione, che avr\u00e0 luogo domenica 18 maggio a partire dalle ore 16.30, parteciperanno 30 carrozze, tra mezzi da cerimonia, dediti al trasporto delle botti di uva e quelli utilizzati dai signori terrieri di una volta per controllare il lavoro nei campi.<\/p>\n<p>La sfilata partir\u00e0 dalla zona mercatale (via Brodolini) per poi percorrere le principali vie della citt\u00e0 e poi far rientro sempre in via Brodolini, dove ci sar\u00e0 una premiazione per i partecipanti al corteo, vestiti con abiti d\u2019epoca: un boccale in ceramica offerto da Nimes Arte con del vino della Cantina di Mesagne per i conducenti dei mezzi e i figuranti, tanta buona biada per i cavalli. Su ogni carro, poi, si esibiranno musicisti che allieteranno il corteo con musica e canti della tradizione popolare e contadina.<\/p>\n<p>Si potr\u00e0 rivivere, quindi, nella nostra citt\u00e0, il clima che respiravano i nostri antenati, che usavano andare nei campi con i carri trainati da cavalli: per ognuno di loro, si utilizzava un attacco diverso. Una tradizione, questa, ormai quasi scomparsa e mai conosciuta dalle generazioni pi\u00f9 giovani, che hanno cos\u00ec modo di fare un tuffo nel passato.<\/p>\n","protected":false},"excerpt":{"rendered":"<p>Dopo il successo della annuale edizione di \u201cMesagne in bicicletta\u201d, la locale Associazione Pro Loco, con il Patrocinio del Comune di Mesagne, \u00e8 lieta di invitarvi alla prima edizione dell\u2019evento dedicato agli \u201cattacchi d\u2019epoca\u201d. L\u2019idea di una manifestazione ad hoc \u00e8 nata per far rivivere una parte della cultura del nostro territorio, quella legata da sempre alla civilt\u00e0 contadina, grazie all\u2019impegno di due soci della Pro Loco, Saverio e Francesco Campana. La loro idea \u00e8 stata subito sposata dal Direttivo e dalla Presidenza che hanno cos\u00ec organizzato l\u2019evento, sostenuti dall\u2019Assessorato al Turismo. Alla manifestazione, che avr\u00e0 luogo domenica 18 maggio a partire dalle ore 16.30, parteciperanno 30 carrozze, tra mezzi da cerimonia, dediti al trasporto delle botti di uva e quelli utilizzati dai signori terrieri di una volta per controllare il lavoro nei campi. La sfilata partir\u00e0 dalla zona mercatale (via Brodolini) per poi percorrere le principali vie della citt\u00e0 e poi far rientro sempre in via Brodolini, dove ci sar\u00e0 una premiazione per i partecipanti al corteo, vestiti con&#8230;<\/p>\n","protected":false},"author":2,"featured_media":13429,"comment_status":"open","ping_status":"open","sticky":false,"template":"","format":"standard","meta":{"footnotes":""},"categories":[389],"tags":[210],"class_list":["post-13276","post","type-post","status-publish","format-standard","has-post-thumbnail","hentry","category-territorio","tag-mesagne"],"_links":{"self":[{"href":"https:\/\/www.brundisium.net\/index.php\/wp-json\/wp\/v2\/posts\/13276","targetHints":{"allow":["GET"]}}],"collection":[{"href":"https:\/\/www.brundisium.net\/index.php\/wp-json\/wp\/v2\/posts"}],"about":[{"href":"https:\/\/www.brundisium.net\/index.php\/wp-json\/wp\/v2\/types\/post"}],"author":[{"embeddable":true,"href":"https:\/\/www.brundisium.net\/index.php\/wp-json\/wp\/v2\/users\/2"}],"replies":[{"embeddable":true,"href":"https:\/\/www.brundisium.net\/index.php\/wp-json\/wp\/v2\/comments?post=13276"}],"version-history":[{"count":3,"href":"https:\/\/www.brundisium.net\/index.php\/wp-json\/wp\/v2\/posts\/13276\/revisions"}],"predecessor-version":[{"id":13431,"href":"https:\/\/www.brundisium.net\/index.php\/wp-json\/wp\/v2\/posts\/13276\/revisions\/13431"}],"wp:featuredmedia":[{"embeddable":true,"href":"https:\/\/www.brundisium.net\/index.php\/wp-json\/wp\/v2\/media\/13429"}],"wp:attachment":[{"href":"https:\/\/www.brundisium.net\/index.php\/wp-json\/wp\/v2\/media?parent=13276"}],"wp:term":[{"taxonomy":"category","embeddable":true,"href":"https:\/\/www.brundisium.net\/index.php\/wp-json\/wp\/v2\/categories?post=13276"},{"taxonomy":"post_tag","embeddable":true,"href":"https:\/\/www.brundisium.net\/index.php\/wp-json\/wp\/v2\/tags?post=13276"}],"curies":[{"name":"wp","href":"https:\/\/api.w.org\/{rel}","templated":true}]}}