{"id":133317,"date":"2018-05-21T16:43:39","date_gmt":"2018-05-21T14:43:39","guid":{"rendered":"http:\/\/www.brundisium.net\/?p=133317"},"modified":"2018-05-21T16:51:09","modified_gmt":"2018-05-21T14:51:09","slug":"settimana-della-legalita-al-giorgi-di-brindisi-due-importanti-incontri-sulla-cultura-del-rispetto-e-del-fare","status":"publish","type":"post","link":"https:\/\/www.brundisium.net\/index.php\/settimana-della-legalita-al-giorgi-di-brindisi-due-importanti-incontri-sulla-cultura-del-rispetto-e-del-fare\/","title":{"rendered":"Settimana della Legalit\u00e0 al Giorgi di Brindisi: due importanti incontri sulla cultura del rispetto e del fare"},"content":{"rendered":"<p>Marted\u00ec 22 e Mercoled\u00ec 23 maggio pp.vv., in occasione della Settimana della Legalit\u00e0, il \u201cGiorgi\u201d di Brindisi organizza una due giorni per continuare a diffondere tra i suoi studenti la cultura del rispetto e della legalit\u00e0, perch\u00e9, per usare le parole di Don Puglisi, \u201cse ognuno di noi fa qualcosa, allora si pu\u00f2 fare molto\u201d.<\/p>\n<p>Marted\u00ec 22 maggio i giorgini, a conclusione del progetto \u201cCorretti e non Corrotti\u201d, saranno coinvolti in un dibattito con il Prefetto di Brindisi, Valerio Valenti, e con il Procuratore Capo della Repubblica di Brindisi, Antonio De Donno, con inizio alle ore 11:00. Il progetto \u201cCorretti e non Corrotti\u201d \u00e8 stato promosso nel corso del corrente anno scolastico dalla Prefettura di Brindisi, da Confindustria e dall\u2019Associazione Rassegna Azzurro Salento, con lo scopo di realizzare un percorso di approfondimento sul tema della lotta alla corruzione e del rispetto della legalit\u00e0.<\/p>\n<p>Per riflettere sul XXVI anniversario delle stragi di Capaci e di Via D\u2019Amelio e continuare il cammino verso la consapevolezza, Mercoled\u00ec 23 maggio, a  partire dalle ore 9:00,  gli studenti del \u201cGiorgi\u201d incontreranno il Magistrato Gherardo Colombo, Presidente dell\u2019Associazione \u201cSulle Regole\u201d. All\u2019evento, organizzato in collaborazione con la Fondazione Tonino Di Giulio e la Scuola di Formazione \u201cAntonio Caponnetto\u201d,  parteciper\u00e0 il Procuratore Capo della Repubblica di Brindisi, Antonio De Donno.<\/p>\n","protected":false},"excerpt":{"rendered":"<p>Marted\u00ec 22 e Mercoled\u00ec 23 maggio pp.vv., in occasione della Settimana della Legalit\u00e0, il \u201cGiorgi\u201d di Brindisi organizza una due giorni per continuare a diffondere tra i suoi studenti la cultura del rispetto e della legalit\u00e0, perch\u00e9, per usare le parole di Don Puglisi, \u201cse ognuno di noi fa qualcosa, allora si pu\u00f2 fare molto\u201d. Marted\u00ec 22 maggio i giorgini, a conclusione del progetto \u201cCorretti e non Corrotti\u201d, saranno coinvolti in un dibattito con il Prefetto di Brindisi, Valerio Valenti, e con il Procuratore Capo della Repubblica di Brindisi, Antonio De Donno, con inizio alle ore 11:00. Il progetto \u201cCorretti e non Corrotti\u201d \u00e8 stato promosso nel corso del corrente anno scolastico dalla Prefettura di Brindisi, da Confindustria e dall\u2019Associazione Rassegna Azzurro Salento, con lo scopo di realizzare un percorso di approfondimento sul tema della lotta alla corruzione e del rispetto della legalit\u00e0. Per riflettere sul XXVI anniversario delle stragi di Capaci e di Via D\u2019Amelio e continuare il cammino verso la consapevolezza, Mercoled\u00ec 23 maggio, a partire dalle ore&#8230;<\/p>\n","protected":false},"author":2,"featured_media":133318,"comment_status":"open","ping_status":"closed","sticky":false,"template":"","format":"standard","meta":{"footnotes":""},"categories":[7],"tags":[1269,1405],"class_list":["post-133317","post","type-post","status-publish","format-standard","has-post-thumbnail","hentry","category-news","tag-itt-giorgi","tag-settimana-della-legalita"],"_links":{"self":[{"href":"https:\/\/www.brundisium.net\/index.php\/wp-json\/wp\/v2\/posts\/133317","targetHints":{"allow":["GET"]}}],"collection":[{"href":"https:\/\/www.brundisium.net\/index.php\/wp-json\/wp\/v2\/posts"}],"about":[{"href":"https:\/\/www.brundisium.net\/index.php\/wp-json\/wp\/v2\/types\/post"}],"author":[{"embeddable":true,"href":"https:\/\/www.brundisium.net\/index.php\/wp-json\/wp\/v2\/users\/2"}],"replies":[{"embeddable":true,"href":"https:\/\/www.brundisium.net\/index.php\/wp-json\/wp\/v2\/comments?post=133317"}],"version-history":[{"count":1,"href":"https:\/\/www.brundisium.net\/index.php\/wp-json\/wp\/v2\/posts\/133317\/revisions"}],"predecessor-version":[{"id":133320,"href":"https:\/\/www.brundisium.net\/index.php\/wp-json\/wp\/v2\/posts\/133317\/revisions\/133320"}],"wp:featuredmedia":[{"embeddable":true,"href":"https:\/\/www.brundisium.net\/index.php\/wp-json\/wp\/v2\/media\/133318"}],"wp:attachment":[{"href":"https:\/\/www.brundisium.net\/index.php\/wp-json\/wp\/v2\/media?parent=133317"}],"wp:term":[{"taxonomy":"category","embeddable":true,"href":"https:\/\/www.brundisium.net\/index.php\/wp-json\/wp\/v2\/categories?post=133317"},{"taxonomy":"post_tag","embeddable":true,"href":"https:\/\/www.brundisium.net\/index.php\/wp-json\/wp\/v2\/tags?post=133317"}],"curies":[{"name":"wp","href":"https:\/\/api.w.org\/{rel}","templated":true}]}}