{"id":133695,"date":"2018-05-24T18:41:24","date_gmt":"2018-05-24T16:41:24","guid":{"rendered":"http:\/\/www.brundisium.net\/?p=133695"},"modified":"2018-05-24T23:44:19","modified_gmt":"2018-05-24T21:44:19","slug":"ospedale-di-ostuni-inaugurato-il-nuovo-pronto-soccorso","status":"publish","type":"post","link":"https:\/\/www.brundisium.net\/index.php\/ospedale-di-ostuni-inaugurato-il-nuovo-pronto-soccorso\/","title":{"rendered":"Ospedale di Ostuni: inaugurato il nuovo Pronto Soccorso"},"content":{"rendered":"<p><a href=\"http:\/\/www.brundisium.net\/brun\/wp-content\/uploads\/2018\/05\/Ospedale-di-Ostun-inaugurato-Pronto-Soccorso-7.jpg\"><img loading=\"lazy\" decoding=\"async\" class=\"alignleft size-medium wp-image-133702\" src=\"http:\/\/www.brundisium.net\/brun\/wp-content\/uploads\/2018\/05\/Ospedale-di-Ostun-inaugurato-Pronto-Soccorso-7-300x215.jpg\" alt=\"\" width=\"300\" height=\"215\" srcset=\"https:\/\/www.brundisium.net\/brun\/wp-content\/uploads\/2018\/05\/Ospedale-di-Ostun-inaugurato-Pronto-Soccorso-7-300x215.jpg 300w, https:\/\/www.brundisium.net\/brun\/wp-content\/uploads\/2018\/05\/Ospedale-di-Ostun-inaugurato-Pronto-Soccorso-7-768x551.jpg 768w, https:\/\/www.brundisium.net\/brun\/wp-content\/uploads\/2018\/05\/Ospedale-di-Ostun-inaugurato-Pronto-Soccorso-7.jpg 1024w\" sizes=\"auto, (max-width: 300px) 100vw, 300px\" \/><\/a>\u00a0 Con una cerimonia sobria e molto partecipata, \u00e8 stata inaugurata nella tarda mattinata di oggi (gioved\u00ec 24 maggio) all\u2019interno del nosocomio ostunese, la nuova area dedicata al Pronto Soccorso. Sar\u00e0 operativo da domani infatti lo spazio destinato ad accogliere le emergenze, mentre nei prossimi giorni si provveder\u00e0 al trasferimento del centro trasfusioni, temporaneamente collocato al primo piano, in attesa del completamento del Pronto Soccorso. La cerimonia d\u2019inaugurazione \u00e8 stata presieduta immancabilmente dal Sindaco Gianfranco Coppola, accompagnato da quasi tutti i membri della sua giunta, dal Presidente della Provincia di Brindisi Domenico Tanzarella, dal Dirigente della ASL brindisina Giuseppe Pasqualone, dal Primario del Pronto Soccorso ostunese Lello Di Bari e dal Dirigente medico dell\u2019azienda sanitaria locale Arturo Antonio Oliva. Assente invece il Governatore regionale e assessore alla sanit\u00e0 pubblica Michele Emiliano, di cui si prevedeva la partecipazione.<\/p>\n<p>&nbsp;<\/p>\n<p><a href=\"http:\/\/www.brundisium.net\/brun\/wp-content\/uploads\/2018\/05\/Ospedale-di-Ostun-inaugurato-Pronto-Soccorso-2.jpg\"><img loading=\"lazy\" decoding=\"async\" class=\"size-medium wp-image-133697 alignright\" src=\"http:\/\/www.brundisium.net\/brun\/wp-content\/uploads\/2018\/05\/Ospedale-di-Ostun-inaugurato-Pronto-Soccorso-2-300x187.jpg\" alt=\"\" width=\"300\" height=\"187\" srcset=\"https:\/\/www.brundisium.net\/brun\/wp-content\/uploads\/2018\/05\/Ospedale-di-Ostun-inaugurato-Pronto-Soccorso-2-300x187.jpg 300w, https:\/\/www.brundisium.net\/brun\/wp-content\/uploads\/2018\/05\/Ospedale-di-Ostun-inaugurato-Pronto-Soccorso-2-768x479.jpg 768w, https:\/\/www.brundisium.net\/brun\/wp-content\/uploads\/2018\/05\/Ospedale-di-Ostun-inaugurato-Pronto-Soccorso-2.jpg 1024w, https:\/\/www.brundisium.net\/brun\/wp-content\/uploads\/2018\/05\/Ospedale-di-Ostun-inaugurato-Pronto-Soccorso-2-112x70.jpg 112w\" sizes=\"auto, (max-width: 300px) 100vw, 300px\" \/><br \/>\n<\/a>\u00abOggi \u00e8 un giorno positivo e importante per il nostro Ospedale \u2013 ha dichiarato il Sindaco Coppola qualche attimo prima del taglio del nastro \u2013 che fa seguito a un periodo difficile per il personale medico e sanitario che opera all\u2019interno della struttura ospedaliera in generale e del Pronto Soccorso in particolare. I rapporti con il Dirigente Pasqualone e con il dott. Di Bari sono stati sempre improntati sulla stima reciproca e sulla disponibilit\u00e0, anche se bisogna ammettere che non sempre le istanze sono state prese in considerazione, o le promesse fatte siano state mantenute. Le condizioni del vecchio Pronto Soccorso erano disastrose e ci aspettavamo che l\u2019inaugurazione di oggi avvenisse al primo piano della nuova piastra. La richiesta che sento di inoltrare all\u2019amico Pasqualone \u00e8 che la nuova piastra non diventi un\u2019altra \u201cSalerno-Reggio Calabria\u201d, cio\u00e8 un\u2019opera incompleta che non risponder\u00e0 mai alle esigenze della popolazione. Cos\u00ec come si attendono ancora medici e posti letto in regime di osservazione breve all\u2019interno dei reparti di Cardiologia e Pediatria. L\u2019occasione \u00e8 ghiotta per porre nuovamente l\u2019accento sul sottodimensionamento del personale presso il reparto di Ortopedia e Chirurgia, che necessitano di Primari. Non \u00e8 detto che un Ospedale di base, come \u00e8 quello ostunese, non possa avere al suo interno delle unit\u00e0 complesse. Ad ogni modo oggi \u00e8 una giornata felice per la nostra citt\u00e0, finalmente dotata di un comparto ospedaliero per la gestione delle emergenze che presenta spazi adeguati e mezzi all\u2019avanguardia\u00bb.<\/p>\n<p>&nbsp;<\/p>\n<p>\u00abD\u2019intesa con la Regione \u2013 ha dichiarato il Dirigente Pasqualone \u2013 abbiamo gi\u00e0 individuato la possibilit\u00e0 di recuperare 7,5 \/ 8 milioni di euro per ultimare i lavori presso la nuova piastra. L\u2019intento \u00e8 quindi quello di continuare a investire su questa struttura ospedaliera, che riteniamo abbia un\u2019importanza assolutamente strategica. Devo dare atto che per oltre vent\u2019anni in questo Ospedale non \u00e8 stato operato alcun tipo di investimento, pertanto io e i dirigenti dell\u2019ASL di Brindisi, a cui va il mio sentito e doveroso ringraziamento, riteniamo sia giusto continuare a lavorare per la comunit\u00e0 locale\u00bb.<\/p>\n<p>&nbsp;<\/p>\n<p><a href=\"http:\/\/www.brundisium.net\/brun\/wp-content\/uploads\/2018\/05\/Ospedale-di-Ostun-inaugurato-Pronto-Soccorso-8.jpg\"><img loading=\"lazy\" decoding=\"async\" class=\"alignleft size-medium wp-image-133703\" src=\"http:\/\/www.brundisium.net\/brun\/wp-content\/uploads\/2018\/05\/Ospedale-di-Ostun-inaugurato-Pronto-Soccorso-8-300x200.jpg\" alt=\"\" width=\"300\" height=\"200\" srcset=\"https:\/\/www.brundisium.net\/brun\/wp-content\/uploads\/2018\/05\/Ospedale-di-Ostun-inaugurato-Pronto-Soccorso-8-300x200.jpg 300w, https:\/\/www.brundisium.net\/brun\/wp-content\/uploads\/2018\/05\/Ospedale-di-Ostun-inaugurato-Pronto-Soccorso-8-768x512.jpg 768w, https:\/\/www.brundisium.net\/brun\/wp-content\/uploads\/2018\/05\/Ospedale-di-Ostun-inaugurato-Pronto-Soccorso-8.jpg 1024w\" sizes=\"auto, (max-width: 300px) 100vw, 300px\" \/><br \/>\n<\/a>\u00abSento di dover esprimere gratitudine nei confronti del dott. Pasqualone \u2013 ha dichiarato il Primario del Pronto Soccorso ostunese, il dott. Lello Di Bari \u2013 alla cui attenzione meno di un anno fa ho sottoposto le condizioni penose in cui versava la struttura. Dal 2003 opero qui in qualit\u00e0 di responsabile, dal 2011 come Primario e nessuno sinora aveva mai preso in considerazione le mie istanze, determinate esclusivamente dall\u2019infimo livello di dignit\u00e0 riservato ai degenti di questo importante comparto sanitario. In un territorio a forte impronta turistica, che vede aumentare esponenzialmente il numero delle presenze durante la stagione estiva, si rende indispensabile la presenza di una struttura ospedaliera adeguata. Finch\u00e9 non si realizza l\u2019Ospedale tra Fasano e Monopoli, \u00e8 assolutamente necessario poter fruire di una struttura ospedaliera adeguata almeno a gestire le emergenze\u00bb.<\/p>\n<p>&nbsp;<\/p>\n","protected":false},"excerpt":{"rendered":"<p>\u00a0 Con una cerimonia sobria e molto partecipata, \u00e8 stata inaugurata nella tarda mattinata di oggi (gioved\u00ec 24 maggio) all\u2019interno del nosocomio ostunese, la nuova area dedicata al Pronto Soccorso. Sar\u00e0 operativo da domani infatti lo spazio destinato ad accogliere le emergenze, mentre nei prossimi giorni si provveder\u00e0 al trasferimento del centro trasfusioni, temporaneamente collocato al primo piano, in attesa del completamento del Pronto Soccorso. La cerimonia d\u2019inaugurazione \u00e8 stata presieduta immancabilmente dal Sindaco Gianfranco Coppola, accompagnato da quasi tutti i membri della sua giunta, dal Presidente della Provincia di Brindisi Domenico Tanzarella, dal Dirigente della ASL brindisina Giuseppe Pasqualone, dal Primario del Pronto Soccorso ostunese Lello Di Bari e dal Dirigente medico dell\u2019azienda sanitaria locale Arturo Antonio Oliva. Assente invece il Governatore regionale e assessore alla sanit\u00e0 pubblica Michele Emiliano, di cui si prevedeva la partecipazione. &nbsp; \u00abOggi \u00e8 un giorno positivo e importante per il nostro Ospedale \u2013 ha dichiarato il Sindaco Coppola qualche attimo prima del taglio del nastro \u2013 che fa seguito a un periodo difficile&#8230;<\/p>\n","protected":false},"author":2,"featured_media":133699,"comment_status":"open","ping_status":"closed","sticky":false,"template":"","format":"standard","meta":{"footnotes":""},"categories":[7],"tags":[53,4649],"class_list":["post-133695","post","type-post","status-publish","format-standard","has-post-thumbnail","hentry","category-news","tag-ostuni","tag-pronto-soccorso"],"_links":{"self":[{"href":"https:\/\/www.brundisium.net\/index.php\/wp-json\/wp\/v2\/posts\/133695","targetHints":{"allow":["GET"]}}],"collection":[{"href":"https:\/\/www.brundisium.net\/index.php\/wp-json\/wp\/v2\/posts"}],"about":[{"href":"https:\/\/www.brundisium.net\/index.php\/wp-json\/wp\/v2\/types\/post"}],"author":[{"embeddable":true,"href":"https:\/\/www.brundisium.net\/index.php\/wp-json\/wp\/v2\/users\/2"}],"replies":[{"embeddable":true,"href":"https:\/\/www.brundisium.net\/index.php\/wp-json\/wp\/v2\/comments?post=133695"}],"version-history":[{"count":1,"href":"https:\/\/www.brundisium.net\/index.php\/wp-json\/wp\/v2\/posts\/133695\/revisions"}],"predecessor-version":[{"id":133704,"href":"https:\/\/www.brundisium.net\/index.php\/wp-json\/wp\/v2\/posts\/133695\/revisions\/133704"}],"wp:featuredmedia":[{"embeddable":true,"href":"https:\/\/www.brundisium.net\/index.php\/wp-json\/wp\/v2\/media\/133699"}],"wp:attachment":[{"href":"https:\/\/www.brundisium.net\/index.php\/wp-json\/wp\/v2\/media?parent=133695"}],"wp:term":[{"taxonomy":"category","embeddable":true,"href":"https:\/\/www.brundisium.net\/index.php\/wp-json\/wp\/v2\/categories?post=133695"},{"taxonomy":"post_tag","embeddable":true,"href":"https:\/\/www.brundisium.net\/index.php\/wp-json\/wp\/v2\/tags?post=133695"}],"curies":[{"name":"wp","href":"https:\/\/api.w.org\/{rel}","templated":true}]}}