{"id":133758,"date":"2018-05-25T14:39:37","date_gmt":"2018-05-25T12:39:37","guid":{"rendered":"http:\/\/www.brundisium.net\/?p=133758"},"modified":"2018-05-26T15:45:49","modified_gmt":"2018-05-26T13:45:49","slug":"non-una-di-meno-consultorio-in-piazza-contro-gli-attacchi-alla-194","status":"publish","type":"post","link":"https:\/\/www.brundisium.net\/index.php\/non-una-di-meno-consultorio-in-piazza-contro-gli-attacchi-alla-194\/","title":{"rendered":"Non una di meno: consultorio in piazza contro gli attacchi alla 194"},"content":{"rendered":"<p><a href=\"http:\/\/www.brundisium.net\/brun\/wp-content\/uploads\/2018\/05\/consultorio.jpg\"><img loading=\"lazy\" decoding=\"async\" class=\"alignleft size-medium wp-image-133759\" src=\"http:\/\/www.brundisium.net\/brun\/wp-content\/uploads\/2018\/05\/consultorio-300x135.jpg\" alt=\"\" width=\"300\" height=\"135\" srcset=\"https:\/\/www.brundisium.net\/brun\/wp-content\/uploads\/2018\/05\/consultorio-300x135.jpg 300w, https:\/\/www.brundisium.net\/brun\/wp-content\/uploads\/2018\/05\/consultorio.jpg 723w\" sizes=\"auto, (max-width: 300px) 100vw, 300px\" \/><\/a>Continuano gli attacchi alla 194 e alla nostra autodeterminazione!<br \/>\nSaremo venerd\u00ec 25 maggio a Brindisi alle spalle del Teatro Verdi, luogo di ritrovo della giovent\u00f9 brindisina, alle 22.00 con il \u201cConsultorio in Piazza\u201d.<\/p>\n<p>Il nostro modo di protestare, ancora una volta, contro quella che \u00e8 una vera e propria violenza di Stato!<\/p>\n<p>&nbsp;<\/p>\n<p>In Puglia e in tutta Italia prosegue la scandalosa campagna dei cosiddetti PROLIFE ( fondamentalisti cattolici, fascisti ecc) che incide purtroppo sugli organi politici e amministrativi dello Stato e della nostra Regione in particolare, dove il tasso di obiezione di coscienza \u00e8 altissimo!<\/p>\n<p>&nbsp;<\/p>\n<p>Prova ne \u00e8 la bocciatura in Consiglio Regionale, della proposta di legge Borracino, che se pur giocata al ribasso, chiedeva garanzie per l\u2019applicazione della 194: ironia della sorte ci\u00f2 avveniva proprio il 22 maggio scorso, anniversario della suddetta, \u201cgrazie\u201d al voto di PD, M5S, FI e liste civiche di Emiliano. Lo stesso Presidente della Regione usciva dall\u2019aula ancor prima della votazione senza esprimere il suo parere.<\/p>\n<p>&nbsp;<\/p>\n<p>Come se non bastasse il sindaco di Foggia, in questi giorni ha dato il suo appoggio istituzionale alla campagna antiabortista dei PRO-VITA.<\/p>\n<p>Vorremmo inoltre sapere cosa intendono fare in merito i nostri candidati sindaco, il maschile \u00e8 obbligato dalla sola presenza di uomini per tale carica, visto che il tema risulta totalmente assente in questa campagna elettorale per le amministrative brindisine!<\/p>\n<p>&nbsp;<\/p>\n<p>Adesso BASTA! Dei nostri corpi e delle nostre vite decidiamo NOI come garantito dalla legge 194, della quale chiediamo una riforma per essere realmente attuata, vedi articolo 9, che permette al personale medico sanitario l&#8217;obiezione di coscienza e non garantisce la presenza di personale non obiettore. Gli ospedali registrano un ovvio calo delle pratiche abortive, informazione di cui le statistiche italiane vanno fiere, solo perch\u00e9 aumentano quelle in clandestinit\u00e0 per italiane e per straniere. Ci\u00f2 vale anche per la prescrizione e la vendita dei contraccettivi di emergenza.<br \/>\nNessuna reale garanzia del diritto di abortire dunque e legittimazione da parte dello Stato di soggettivit\u00e0 che fomentano la repressione invece che attivarsi per la libert\u00e0 di scelta, a nostro discapito. Anche la chiusura della \u201cCasa internazionale delle donne\u201d di Roma ci ha fatto capire, ancora una volta, da che parte sta la politica!<\/p>\n<p>&nbsp;<\/p>\n<p>Saremo in strada dunque col \u201cConsultorio in Piazza\u201d alle ore 22.00 di venerd\u00ec, per informare su 194, sessualit\u00e0 libera e consapevole, metodi contraccettivi e contraccezione d\u2019emergenza, malattie sessualmente trasmissibili, RU486 ecc ecc. Per \u201cattraversare\u201d di notte le nostre strade, insieme, senza paura e senza bisogno di \u201csicurezza\u201d data dalla militarizzazione paventata dalle istituzioni.<br \/>\nChiediamo pertanto: la contraccezione gratuita &#8211; gli obiettori fuori dalle strutture sanitarie pubbliche e dalle farmacie &#8211; l\u2019accesso gratuito all\u2019assistenza sanitaria per l\u2019IVG, la gravidanza e il parto indipendentemente dalla cittadinanza e dai documenti &#8211; la RU486 a 63 giorni e senza ospedalizzazione somministrata anche nei consultori pubblici &#8211; welfare per l\u2019autodeterminazione &#8211; sanit\u00e0 pubblica, laica e a nostra misura &#8211; i consultori aperti alle donne di qualunque et\u00e0 e provenienza, alle persone gay, lesbiche, trans\u2026 &#8211; l\u2019educazione sessuale nelle scuole &#8211; l\u2019eliminazione delle sanzioni amministrative per le donne che ricorrono all\u2019aborto fuori dalle strutture sanitarie pubbliche &#8211; portare questa lotta nelle coscienze di tutt*, perch\u00e9 l&#8217;aborto non \u00e8 un \u201cproblema\u201d solo delle donne!<br \/>\n\u201cLa Collettiva\u201d TFQ &#8211; Non Una Di Meno Brindisi<\/p>\n","protected":false},"excerpt":{"rendered":"<p>Continuano gli attacchi alla 194 e alla nostra autodeterminazione! Saremo venerd\u00ec 25 maggio a Brindisi alle spalle del Teatro Verdi, luogo di ritrovo della giovent\u00f9 brindisina, alle 22.00 con il \u201cConsultorio in Piazza\u201d. Il nostro modo di protestare, ancora una volta, contro quella che \u00e8 una vera e propria violenza di Stato! &nbsp; In Puglia e in tutta Italia prosegue la scandalosa campagna dei cosiddetti PROLIFE ( fondamentalisti cattolici, fascisti ecc) che incide purtroppo sugli organi politici e amministrativi dello Stato e della nostra Regione in particolare, dove il tasso di obiezione di coscienza \u00e8 altissimo! &nbsp; Prova ne \u00e8 la bocciatura in Consiglio Regionale, della proposta di legge Borracino, che se pur giocata al ribasso, chiedeva garanzie per l\u2019applicazione della 194: ironia della sorte ci\u00f2 avveniva proprio il 22 maggio scorso, anniversario della suddetta, \u201cgrazie\u201d al voto di PD, M5S, FI e liste civiche di Emiliano. Lo stesso Presidente della Regione usciva dall\u2019aula ancor prima della votazione senza esprimere il suo parere. &nbsp; Come se non bastasse il sindaco&#8230;<\/p>\n","protected":false},"author":2,"featured_media":133759,"comment_status":"open","ping_status":"closed","sticky":false,"template":"","format":"standard","meta":{"footnotes":""},"categories":[7],"tags":[3545],"class_list":["post-133758","post","type-post","status-publish","format-standard","has-post-thumbnail","hentry","category-news","tag-non-una-di-meno"],"_links":{"self":[{"href":"https:\/\/www.brundisium.net\/index.php\/wp-json\/wp\/v2\/posts\/133758","targetHints":{"allow":["GET"]}}],"collection":[{"href":"https:\/\/www.brundisium.net\/index.php\/wp-json\/wp\/v2\/posts"}],"about":[{"href":"https:\/\/www.brundisium.net\/index.php\/wp-json\/wp\/v2\/types\/post"}],"author":[{"embeddable":true,"href":"https:\/\/www.brundisium.net\/index.php\/wp-json\/wp\/v2\/users\/2"}],"replies":[{"embeddable":true,"href":"https:\/\/www.brundisium.net\/index.php\/wp-json\/wp\/v2\/comments?post=133758"}],"version-history":[{"count":1,"href":"https:\/\/www.brundisium.net\/index.php\/wp-json\/wp\/v2\/posts\/133758\/revisions"}],"predecessor-version":[{"id":133760,"href":"https:\/\/www.brundisium.net\/index.php\/wp-json\/wp\/v2\/posts\/133758\/revisions\/133760"}],"wp:featuredmedia":[{"embeddable":true,"href":"https:\/\/www.brundisium.net\/index.php\/wp-json\/wp\/v2\/media\/133759"}],"wp:attachment":[{"href":"https:\/\/www.brundisium.net\/index.php\/wp-json\/wp\/v2\/media?parent=133758"}],"wp:term":[{"taxonomy":"category","embeddable":true,"href":"https:\/\/www.brundisium.net\/index.php\/wp-json\/wp\/v2\/categories?post=133758"},{"taxonomy":"post_tag","embeddable":true,"href":"https:\/\/www.brundisium.net\/index.php\/wp-json\/wp\/v2\/tags?post=133758"}],"curies":[{"name":"wp","href":"https:\/\/api.w.org\/{rel}","templated":true}]}}