{"id":134006,"date":"2018-05-28T21:28:22","date_gmt":"2018-05-28T19:28:22","guid":{"rendered":"http:\/\/www.brundisium.net\/?p=134006"},"modified":"2018-05-28T21:28:48","modified_gmt":"2018-05-28T19:28:48","slug":"leu-partecipa-al-presidio-presso-la-prefettura-per-la-difesa-delle-istituzioni-e-della-democrazia","status":"publish","type":"post","link":"https:\/\/www.brundisium.net\/index.php\/leu-partecipa-al-presidio-presso-la-prefettura-per-la-difesa-delle-istituzioni-e-della-democrazia\/","title":{"rendered":"Leu partecipa al Presidio presso la Prefettura per la difesa delle istituzioni e della democrazia"},"content":{"rendered":"<p>In queste ore stiamo assistendo ai volgari, violenti e pericolosi attacchi al Presidente Mattarella, a cui va la nostra solidariet\u00e0, e alle sue funzioni costituzionali.<\/p>\n<p>Come Liberi e Uguali per Brindisi riteniamo tutto ci\u00f2 gravemente destabilizzante per l\u2019assetto istituzionale del Paese nonch\u00e9 per la credibilit\u00e0 dello stesso a livello internazionale, con i pesanti effetti sulla tenuta finanziaria che si stanno gi\u00e0 manifestando, che colpiscono innanzi tutto le fasce pi\u00f9 deboli, le famiglie, i lavoratori, le imprese e i risparmiatori.<br \/>\nLeU per Brindisi parteciper\u00e0 a tutte le iniziative finalizzate alla difesa delle Istituzioni e alla sensibilizzazione della cittadinanza su questo tema centrale per la democrazia.<\/p>\n<p>Per queste ragioni, nella diversit\u00e0 delle posizioni politiche, LeU per Brindisi sar\u00e0 presente al presidio che si terr\u00e0 marted\u00ec 29 maggio a partire dalle ore 18 in Piazza Santa Teresa sotto la Prefettura.<\/p>\n<p>&nbsp;<\/p>\n<p>&nbsp;<\/p>\n<p><em><strong>LIBERI E UGUALI<\/strong><\/em><br \/>\n<em><strong>SEDE DI BRINDISI<\/strong><\/em><\/p>\n","protected":false},"excerpt":{"rendered":"<p>In queste ore stiamo assistendo ai volgari, violenti e pericolosi attacchi al Presidente Mattarella, a cui va la nostra solidariet\u00e0, e alle sue funzioni costituzionali. Come Liberi e Uguali per Brindisi riteniamo tutto ci\u00f2 gravemente destabilizzante per l\u2019assetto istituzionale del Paese nonch\u00e9 per la credibilit\u00e0 dello stesso a livello internazionale, con i pesanti effetti sulla tenuta finanziaria che si stanno gi\u00e0 manifestando, che colpiscono innanzi tutto le fasce pi\u00f9 deboli, le famiglie, i lavoratori, le imprese e i risparmiatori. LeU per Brindisi parteciper\u00e0 a tutte le iniziative finalizzate alla difesa delle Istituzioni e alla sensibilizzazione della cittadinanza su questo tema centrale per la democrazia. Per queste ragioni, nella diversit\u00e0 delle posizioni politiche, LeU per Brindisi sar\u00e0 presente al presidio che si terr\u00e0 marted\u00ec 29 maggio a partire dalle ore 18 in Piazza Santa Teresa sotto la Prefettura. &nbsp; &nbsp; LIBERI E UGUALI SEDE DI BRINDISI<\/p>\n","protected":false},"author":2,"featured_media":130480,"comment_status":"open","ping_status":"closed","sticky":false,"template":"","format":"standard","meta":{"footnotes":""},"categories":[7],"tags":[5496,5936],"class_list":["post-134006","post","type-post","status-publish","format-standard","has-post-thumbnail","hentry","category-news","tag-leu","tag-presidio"],"_links":{"self":[{"href":"https:\/\/www.brundisium.net\/index.php\/wp-json\/wp\/v2\/posts\/134006","targetHints":{"allow":["GET"]}}],"collection":[{"href":"https:\/\/www.brundisium.net\/index.php\/wp-json\/wp\/v2\/posts"}],"about":[{"href":"https:\/\/www.brundisium.net\/index.php\/wp-json\/wp\/v2\/types\/post"}],"author":[{"embeddable":true,"href":"https:\/\/www.brundisium.net\/index.php\/wp-json\/wp\/v2\/users\/2"}],"replies":[{"embeddable":true,"href":"https:\/\/www.brundisium.net\/index.php\/wp-json\/wp\/v2\/comments?post=134006"}],"version-history":[{"count":1,"href":"https:\/\/www.brundisium.net\/index.php\/wp-json\/wp\/v2\/posts\/134006\/revisions"}],"predecessor-version":[{"id":134007,"href":"https:\/\/www.brundisium.net\/index.php\/wp-json\/wp\/v2\/posts\/134006\/revisions\/134007"}],"wp:featuredmedia":[{"embeddable":true,"href":"https:\/\/www.brundisium.net\/index.php\/wp-json\/wp\/v2\/media\/130480"}],"wp:attachment":[{"href":"https:\/\/www.brundisium.net\/index.php\/wp-json\/wp\/v2\/media?parent=134006"}],"wp:term":[{"taxonomy":"category","embeddable":true,"href":"https:\/\/www.brundisium.net\/index.php\/wp-json\/wp\/v2\/categories?post=134006"},{"taxonomy":"post_tag","embeddable":true,"href":"https:\/\/www.brundisium.net\/index.php\/wp-json\/wp\/v2\/tags?post=134006"}],"curies":[{"name":"wp","href":"https:\/\/api.w.org\/{rel}","templated":true}]}}