{"id":134207,"date":"2018-05-31T00:44:33","date_gmt":"2018-05-30T22:44:33","guid":{"rendered":"http:\/\/www.brundisium.net\/?p=134207"},"modified":"2018-06-02T09:11:33","modified_gmt":"2018-06-02T07:11:33","slug":"inaugurata-la-fiera-dellauto-di-san-michele-salentino-2","status":"publish","type":"post","link":"https:\/\/www.brundisium.net\/index.php\/inaugurata-la-fiera-dellauto-di-san-michele-salentino-2\/","title":{"rendered":"Inaugurata la Fiera dell\u2019Auto di San Michele Salentino"},"content":{"rendered":"<p>Inaugurata la Fiera dell\u2019Auto di San Michele Salentino. Taglio del nastro alla presenza del Governatore della Puglia, Michele Emiliano. Fino al 4 giugno, nella zona Pip, circa 1000 auto in vendita e numerosi i momenti di intrattenimento per le famiglie<\/p>\n<p>&nbsp;<\/p>\n<p>Il presidente della Regione Puglia, Michele Emiliano, ha partecipato all\u2019inaugurazione della quarta edizione della Fiera dell\u2019Auto che si terr\u00e0 a San Michele Salentino, zona Pip, fino al 4 giugno prossimo. Il taglio del nastro \u00e8 avvenuto alla presenza del Prefetto di Brindisi, Valerio Valenti, del Sindaco, Giovanni Allegrini, degli imprenditori di Gestauto Group, consorzio che organizza l\u2019evento e a nome del quale \u00e8 intervenuto Giuseppe Apruzzi, del Presidente della Pro Loco di San Michele Salentino, Cosimino Bellanova.<\/p>\n<p>&nbsp;<\/p>\n<p>\u201cOgni foglia che si muove in Puglia viene seguita dalla Regione\u201d, cos\u00ec ha esordito nel corso del suo intervento il Governatore Emiliano che, con la sua presenza, ha voluto testimoniare vicinanza alla comunit\u00e0 che ospita l\u2019evento, agli imprenditori che lo organizzano e all\u2019Amministrazione Comunale che lo sostiene nella ferma convinzione che il rilancio e lo sviluppo locale passino anche da questi eventi.<\/p>\n<p>&nbsp;<\/p>\n<p>\u201cRendiamo merito agli imprenditori di Gestauto Group per quello che hanno fatto- ha dichiarato il Sindaco di San Michele Salentino, Giovanni Allegrini- speriamo fortemente che siano da esempio per tutte le altre categorie commerciali. Riteniamo, infatti, che questo modello sia vincente per creare interessanti opportunit\u00e0 a livello provinciale\u201d<\/p>\n<p>&nbsp;<\/p>\n<p>Significativa, in virt\u00f9 dell\u2019imprescindibile e proficua sinergia fra comuni limitrofi, anche la presenza dei sindaci di San Vito dei Normanni, Domenico Conte, e di Ceglie Messapica, Luigi Caroli.<\/p>\n<p>&nbsp;<\/p>\n<p>In esposizione ci saranno pi\u00f9 di 1000 automobili, ma la Fiera dell\u2019Auto, non \u00e8 solo un evento per chi deve acquistare, \u00e8 anche un\u2019 occasione di svago per le famiglie dal momento che sono previsti momenti di spettacolo e intrattenimento. E\u2019 questa una delle novit\u00e0 di quest\u2019anno. Il 1 giugno, a partire dalle ore 20.00, si esibir\u00e0 la Filarmonia Orchestra, mentre il 2 giugno sar\u00e0 ospite in Fiera il noto comico Uccio De Santis. La manifestazione si chiuder\u00e0 in bellezza il 3 giugno alla presenza di Mercedes Henger che si intratterr\u00e0 con i visitatori a partire dalle ore 18.00. A seguire, alle ore 20.00, si terr\u00e0 la sfilata di Moda Fashion Green.<\/p>\n<p>&nbsp;<\/p>\n<p>Inoltre, tutte le sere, nell\u2019ambito di un Salottino del Gusto, sar\u00e0 possibile apprezzare le specialit\u00e0 del posto, ricette della tradizione locale. Infine, ma non da ultimo, sar\u00e0 allestita un\u2019area bimbi, un Fun Park per consentire anche ai pi\u00f9 piccoli di trascorrere qualche ora di sano divertimento.<\/p>\n<p>&nbsp;<\/p>\n<p>L\u2019evento, organizzato in collaborazione con il Comune di San Michele Salentino e con la Pro Loco di San Michele Salentino, \u00e8 sponsorizzato dal Conformgest, Euro Block 1, Agenzia Gruppo Sizzi, Fiditalia.<\/p>\n<p>&nbsp;<\/p>\n<p>Il Consorzio Gestauto Group, organizzatore della Fiera dell\u2019Auto, \u00e8 formato da imprenditori con esperienza cinquantennale nel settore della vendita delle auto d\u2019occasione: Apruzzi Auto, Auto A, Auto Caliandro, Auto PRO, Autosalone Venerito, Balsamo Auto, Cosmari Auto, Giovanni Apruzzi Automobili, Prete Auto.<\/p>\n","protected":false},"excerpt":{"rendered":"<p>Inaugurata la Fiera dell\u2019Auto di San Michele Salentino. Taglio del nastro alla presenza del Governatore della Puglia, Michele Emiliano. Fino al 4 giugno, nella zona Pip, circa 1000 auto in vendita e numerosi i momenti di intrattenimento per le famiglie &nbsp; Il presidente della Regione Puglia, Michele Emiliano, ha partecipato all\u2019inaugurazione della quarta edizione della Fiera dell\u2019Auto che si terr\u00e0 a San Michele Salentino, zona Pip, fino al 4 giugno prossimo. Il taglio del nastro \u00e8 avvenuto alla presenza del Prefetto di Brindisi, Valerio Valenti, del Sindaco, Giovanni Allegrini, degli imprenditori di Gestauto Group, consorzio che organizza l\u2019evento e a nome del quale \u00e8 intervenuto Giuseppe Apruzzi, del Presidente della Pro Loco di San Michele Salentino, Cosimino Bellanova. &nbsp; \u201cOgni foglia che si muove in Puglia viene seguita dalla Regione\u201d, cos\u00ec ha esordito nel corso del suo intervento il Governatore Emiliano che, con la sua presenza, ha voluto testimoniare vicinanza alla comunit\u00e0 che ospita l\u2019evento, agli imprenditori che lo organizzano e all\u2019Amministrazione Comunale che lo sostiene nella ferma convinzione che&#8230;<\/p>\n","protected":false},"author":2,"featured_media":134208,"comment_status":"open","ping_status":"closed","sticky":false,"template":"","format":"standard","meta":{"footnotes":""},"categories":[7],"tags":[4202],"class_list":["post-134207","post","type-post","status-publish","format-standard","has-post-thumbnail","hentry","category-news","tag-fiera-dellauto"],"_links":{"self":[{"href":"https:\/\/www.brundisium.net\/index.php\/wp-json\/wp\/v2\/posts\/134207","targetHints":{"allow":["GET"]}}],"collection":[{"href":"https:\/\/www.brundisium.net\/index.php\/wp-json\/wp\/v2\/posts"}],"about":[{"href":"https:\/\/www.brundisium.net\/index.php\/wp-json\/wp\/v2\/types\/post"}],"author":[{"embeddable":true,"href":"https:\/\/www.brundisium.net\/index.php\/wp-json\/wp\/v2\/users\/2"}],"replies":[{"embeddable":true,"href":"https:\/\/www.brundisium.net\/index.php\/wp-json\/wp\/v2\/comments?post=134207"}],"version-history":[{"count":1,"href":"https:\/\/www.brundisium.net\/index.php\/wp-json\/wp\/v2\/posts\/134207\/revisions"}],"predecessor-version":[{"id":134209,"href":"https:\/\/www.brundisium.net\/index.php\/wp-json\/wp\/v2\/posts\/134207\/revisions\/134209"}],"wp:featuredmedia":[{"embeddable":true,"href":"https:\/\/www.brundisium.net\/index.php\/wp-json\/wp\/v2\/media\/134208"}],"wp:attachment":[{"href":"https:\/\/www.brundisium.net\/index.php\/wp-json\/wp\/v2\/media?parent=134207"}],"wp:term":[{"taxonomy":"category","embeddable":true,"href":"https:\/\/www.brundisium.net\/index.php\/wp-json\/wp\/v2\/categories?post=134207"},{"taxonomy":"post_tag","embeddable":true,"href":"https:\/\/www.brundisium.net\/index.php\/wp-json\/wp\/v2\/tags?post=134207"}],"curies":[{"name":"wp","href":"https:\/\/api.w.org\/{rel}","templated":true}]}}