{"id":13465,"date":"2014-05-16T23:26:35","date_gmt":"2014-05-16T21:26:35","guid":{"rendered":"http:\/\/www.brundisium.net\/brun\/?p=13465"},"modified":"2016-07-04T18:03:54","modified_gmt":"2016-07-04T16:03:54","slug":"alla-ricerca-della-vocazione-perduta-di-guido-giampietro","status":"publish","type":"post","link":"https:\/\/www.brundisium.net\/index.php\/alla-ricerca-della-vocazione-perduta-di-guido-giampietro\/","title":{"rendered":"Alla ricerca della vocazione perduta. Di Guido Giampietro"},"content":{"rendered":"<p><a href=\"http:\/\/www.brundisium.net\/brun\/wp-content\/uploads\/2014\/05\/Concerto-in-piazza-Duomo-e1400272289898.jpg\"><img loading=\"lazy\" decoding=\"async\" class=\"alignleft size-medium wp-image-13466\" src=\"http:\/\/www.brundisium.net\/brun\/wp-content\/uploads\/2014\/05\/Concerto-in-piazza-Duomo-300x224.jpg\" alt=\"Concerto in piazza Duomo\" width=\"300\" height=\"224\" data-id=\"13466\" \/><\/a>Pur nella consapevolezza che piazza Duomo presenti le caratteristiche architettoniche e spaziali di un anfiteatro (quello romano, invece, <em>deve<\/em> rimanere nascosto da qualche altra parte per evitare frettolose \u201ccoperture\u201d ad opera della \u201ctask force\u201d di Sovrintendenza e Comune!) non avrei mai pensato che potesse vantare anche un\u2019acustica da vero teatro. Finch\u00e9\u2026<\/p>\n<p>Finch\u00e9 questa mattina, odorosa di primavera e di una gentile aria marina che sale svelta per il vicoletto di Santa Chiara, non mi sono venute incontro le dolci note di un violino. Anzi, di due violini. In quel momento non ti chiedi da dove venga la musica e, meno che mai, di quale aria possa trattarsi. \u00c8 l\u2019ascolto che, come una spugna, raccoglie in un <em>unicum <\/em>tutte le sensazioni che il corpo e la mente provano.<\/p>\n<p>&nbsp;<\/p>\n<p>Dice bene Gaston Leroux: \u00ab<em>C\u2019\u00e8 una virt\u00f9 nella musica che fa s\u00ec che non esista pi\u00f9 niente del mondo esteriore al di fuori di quei suoni che vengono a colpirvi nel profondo del cuore<\/em>\u00bb\u2026<\/p>\n<p>Solo dopo un po\u2019, come attratto da un pifferaio magico, quasi senza accorgermene, mi ritrovo davanti al Portico De\u2019 Cateniano. Quello che ancora qualcuno si ostina a chiamare Portico dei Templari, i chiacchierati Cavalieri del Tempio di Gerusalemme, dai mantelli bianchi e dalla croce vermiglia sulla spalla.<\/p>\n<p>Ecco! Ora i due violinisti artefici della magia sono ad un passo da me. Approfittando di uno \u00a0\u00a0stacco, cerco di capire quale sia il motivo della loro presenza sotto le arcate gotiche di carparo di questo bellissimo retaggio della Brindisi medievale.<\/p>\n<p>Ad esaudire la mia curiosit\u00e0 \u00e8 Giovanna Pesare, di Sava, diplomata in violino e responsabile del Centro di Formazione Musicale \u201cLes Choristes\u201d. Le sta accanto l\u2019allievo, Claudio Dell\u2019Aquila, di Oria.<\/p>\n<p>Mi spiega che si deve ad un intraprendente tour operator di Pescara la loro presenza in citt\u00e0. Anche se i primi passi sono stati della Regione Puglia e di Pugliapromozioni che, grazie alla diffusione in Austria di pubblicazioni e depliant presso i circoli ricreativi per anziani, sono riusciti a raggiungere un segmento di clientela \u201cover 60\u201d. Da qui l\u2019arrivo in Puglia di ben ottomila turisti \u201csenior\u201d che, giunti a Brindisi con nugoli di voli charter, oltre alla visita delle principali attrazioni turistiche della Regione (compresa la nostra citt\u00e0), beneficiano anche di una salutare sosta presso le Terme di Torre Canne.<\/p>\n<p>&nbsp;<\/p>\n<p><a href=\"http:\/\/www.brundisium.net\/brun\/wp-content\/uploads\/2014\/05\/img115801.jpg\"><img loading=\"lazy\" decoding=\"async\" class=\"alignright size-medium wp-image-13467\" src=\"http:\/\/www.brundisium.net\/brun\/wp-content\/uploads\/2014\/05\/img115801-300x187.jpg\" alt=\"img11580[1]\" width=\"300\" height=\"187\" data-id=\"13467\" srcset=\"https:\/\/www.brundisium.net\/brun\/wp-content\/uploads\/2014\/05\/img115801-300x187.jpg 300w, https:\/\/www.brundisium.net\/brun\/wp-content\/uploads\/2014\/05\/img115801-112x70.jpg 112w, https:\/\/www.brundisium.net\/brun\/wp-content\/uploads\/2014\/05\/img115801.jpg 400w\" sizes=\"auto, (max-width: 300px) 100vw, 300px\" \/><\/a>\u00a0\u00a0 Il programma delle visite guidate (chiaramente da parte di giovani non locali), iniziato nell\u2019ultima settimana di Aprile, continuer\u00e0 fino alla fine di Maggio, con presenze \u02d7 a Brindisi \u02d7 da due a quattro volte la settimana, sia al mattino che nel pomeriggio.<\/p>\n<p>La conversazione s\u2019interrompe proprio per l\u2019arrivo di uno di questi gruppi. I musici riprendono in mano i violini e per un po\u2019 intrattengono i turisti con un repertorio che spazia dai duetti di F\u00e9r\u00e9ol Mazas, alle rielaborazioni di musiche tradizionali ebraiche di Aleksey Igudesman, alle composizioni personali della stessa professoressa Giovanna Pesare.<\/p>\n<p>&nbsp;<\/p>\n<p>L\u2019intermezzo musicale lascia piacevolmente sorpresi i turisti: qualcuno scatta delle foto, qualcun\u2019altro si complimenta con i violinisti. Poi, chiamati a raccolta dalla guida, visitano la Cattedrale, sciamano davanti al Seminario arcivescovile, rimangono estasiati al cospetto dei \u201cmerletti\u201d della loggia Balsamo. I pi\u00f9 curiosi entrano anche nella sottostante libreria.<\/p>\n<p>Sono all\u2019oscuro delle dispute sull\u2019originaria destinazione a zecca angioina di quei locali e tuttavia l\u2019alta volta di carparo, i segreti che forse nascondono le spesse pareti e, non ultimo, il profumo dei libri d\u2019antan esposti sugli scaffali, regalano loro un\u2019altra magia.<\/p>\n<p>&nbsp;<\/p>\n<p>Mi allontano anch\u2019io, con un altro spirito per\u00f2.<\/p>\n<p>Come \u00e8 possibile \u02d7 mi chiedo \u02d7 che per vedere (ri)circolare dei turisti in citt\u00e0 si debba dipendere dall\u2019iniziativa della Regione? E come \u00e8 possibile che questo tour operator di Pescara si preoccupi addirittura di allietare la presenza dei visitatori a Brindisi con la musica di due violinisti?<\/p>\n<p>&nbsp;<\/p>\n<p>Per un momento penso alla rassegna musicale \u201cPiano City\u201d che proprio in questo fine settimana si svolge a Milano. Mi chiedo perch\u00e9 non possa essercene una anche qui. E mi prende un desiderio da bambino (o da grande scrittore come Dino Buzzati): avere le ali e vedere dall\u2019alto la gente che si muove, attornia i musici per le strade, sui bus, nei parchi urbani, dentro il cortile di Palazzo Nervegna, sulle barche, nella darsena del Castello Aragonese\u2026 E noi, lass\u00f9, con le nostre piccole ali a goderci lo spettacolo.<\/p>\n<p>&nbsp;<\/p>\n<p><a href=\"http:\/\/www.brundisium.net\/brun\/wp-content\/uploads\/2014\/05\/scuolazoo.jpg\"><img loading=\"lazy\" decoding=\"async\" class=\"alignleft size-medium wp-image-13468\" src=\"http:\/\/www.brundisium.net\/brun\/wp-content\/uploads\/2014\/05\/scuolazoo-300x187.jpg\" alt=\"scuolazoo\" width=\"300\" height=\"187\" data-id=\"13468\" srcset=\"https:\/\/www.brundisium.net\/brun\/wp-content\/uploads\/2014\/05\/scuolazoo-300x187.jpg 300w, https:\/\/www.brundisium.net\/brun\/wp-content\/uploads\/2014\/05\/scuolazoo-112x70.jpg 112w, https:\/\/www.brundisium.net\/brun\/wp-content\/uploads\/2014\/05\/scuolazoo.jpg 550w\" sizes=\"auto, (max-width: 300px) 100vw, 300px\" \/><\/a>\u00a0 Nemmeno il tempo di metabolizzarlo questo sogno, che una notizia dell\u2019ultima ora mi lascia di stucco. Un centinaio (o poco pi\u00f9) di studenti aderenti alla \u201cScuola Zoo\u201d organizzano uno spettacolino presso un noto bar del lungomare.<\/p>\n<p>La Scuola Zoo \u02d7 per chi non ha dimestichezza con l\u2019ambiente giovanile e con quello dei <em>social network <\/em>\u02d7 \u00e8 la pi\u00f9 grande community italiana di studenti liceali. Nata su Facebook conta oltre un milione di fan e si prefigge lo scopo di \u201cdenunciare le ingiustizie della Scuola\u201d. Il fondatore l\u2019ha creata nel 2007, dopo che uno dei suoi docenti si era addormentato durante l\u2019esame di maturit\u00e0, senza che il preside avesse dato peso al grave fatto.<\/p>\n<p>Il Progetto Ris della suddetta Scuola assicura al ragazzo rappresentante d\u2019Istituto l\u2019appoggio della community, un legale nel caso dovessero sorgere problemi con i Dirigenti scolastici ed infine la possibilit\u00e0 di svolgere una assemblea. In linea con quanto previsto dal Progetto la Scuola Zoo ha deciso di fare tappa in Puglia dal 5 all\u201911 maggio.<\/p>\n<p>I ragazzi, dopo aver ottenuto il permesso del proprietario del bar ed aver dato comunicazione dell\u2019evento alla SIAE, si sono creati lo spazio necessario ad un intrattenimento (diurno) fatto di discussioni e musica. Tutto, dunque, all\u2019insegna di una sana allegria.<\/p>\n<p>&nbsp;<\/p>\n<p>Purtroppo a rovinare la festa c\u2019\u00e8 stato lo sconfinamento (sembra di qualche metro) dei tavolini oltre il limite prestabilito. Questo il motivo per il quale una pattuglia di vigili urbani ha redatto un verbale di contravvenzione di 335 euro a danno del titolare dell\u2019esercizio!<\/p>\n<p>Altro che turismo e accoglienza con i musici! Altro che rassegna musicale per le vie e i siti della citt\u00e0! Qui siamo in presenza di un trend addirittura negativo, nel senso che non solo manca da anni un serio impegno per riportare il turismo in citt\u00e0, ma addirittura, con comportamenti incomprensibili (anche se formalmente \u201cgiusti\u201d), si allontanano quei pochi che vengono a trovarci (per merito altrui).<\/p>\n<p>&nbsp;<\/p>\n<p>\u00c8 la vocazione turistica della citt\u00e0, oltre allo spirito di accoglienza, che viene mortificata. Mi sbaglio? E allora facciamo nostra l\u2019idea di quel tour operator pescarese e, perch\u00e9 no?, proponiamo anche per la nostra citt\u00e0 una rassegna musicale \u201con the road\u201d. Perch\u00e9, non dimentichiamolo, la musica \u02d7 tra l\u2019altro \u02d7 \u201crompe le abitudini, fertilizza le relazioni\u201d. E forse, anche se non pi\u00f9 con le navi, riporta qui i turisti\u2026<\/p>\n<p>&nbsp;<\/p>\n<p><strong>Guido Giampietro<\/strong><\/p>\n<p>&nbsp;<\/p>\n<p>&nbsp;<\/p>\n","protected":false},"excerpt":{"rendered":"<p>Pur nella consapevolezza che piazza Duomo presenti le caratteristiche architettoniche e spaziali di un anfiteatro (quello romano, invece, deve rimanere nascosto da qualche altra parte per evitare frettolose \u201ccoperture\u201d ad opera della \u201ctask force\u201d di Sovrintendenza e Comune!) non avrei mai pensato che potesse vantare anche un\u2019acustica da vero teatro. Finch\u00e9\u2026 Finch\u00e9 questa mattina, odorosa di primavera e di una gentile aria marina che sale svelta per il vicoletto di Santa Chiara, non mi sono venute incontro le dolci note di un violino. Anzi, di due violini. In quel momento non ti chiedi da dove venga la musica e, meno che mai, di quale aria possa trattarsi. \u00c8 l\u2019ascolto che, come una spugna, raccoglie in un unicum tutte le sensazioni che il corpo e la mente provano. &nbsp; Dice bene Gaston Leroux: \u00abC\u2019\u00e8 una virt\u00f9 nella musica che fa s\u00ec che non esista pi\u00f9 niente del mondo esteriore al di fuori di quei suoni che vengono a colpirvi nel profondo del cuore\u00bb\u2026 Solo dopo un po\u2019, come attratto da un&#8230;<\/p>\n","protected":false},"author":2,"featured_media":13469,"comment_status":"open","ping_status":"open","sticky":false,"template":"","format":"standard","meta":{"footnotes":""},"categories":[3129,9],"tags":[18],"class_list":["post-13465","post","type-post","status-publish","format-standard","has-post-thumbnail","hentry","category-guido-giampietro","category-interventi","tag-guido-giampietro"],"_links":{"self":[{"href":"https:\/\/www.brundisium.net\/index.php\/wp-json\/wp\/v2\/posts\/13465","targetHints":{"allow":["GET"]}}],"collection":[{"href":"https:\/\/www.brundisium.net\/index.php\/wp-json\/wp\/v2\/posts"}],"about":[{"href":"https:\/\/www.brundisium.net\/index.php\/wp-json\/wp\/v2\/types\/post"}],"author":[{"embeddable":true,"href":"https:\/\/www.brundisium.net\/index.php\/wp-json\/wp\/v2\/users\/2"}],"replies":[{"embeddable":true,"href":"https:\/\/www.brundisium.net\/index.php\/wp-json\/wp\/v2\/comments?post=13465"}],"version-history":[{"count":1,"href":"https:\/\/www.brundisium.net\/index.php\/wp-json\/wp\/v2\/posts\/13465\/revisions"}],"predecessor-version":[{"id":13470,"href":"https:\/\/www.brundisium.net\/index.php\/wp-json\/wp\/v2\/posts\/13465\/revisions\/13470"}],"wp:featuredmedia":[{"embeddable":true,"href":"https:\/\/www.brundisium.net\/index.php\/wp-json\/wp\/v2\/media\/13469"}],"wp:attachment":[{"href":"https:\/\/www.brundisium.net\/index.php\/wp-json\/wp\/v2\/media?parent=13465"}],"wp:term":[{"taxonomy":"category","embeddable":true,"href":"https:\/\/www.brundisium.net\/index.php\/wp-json\/wp\/v2\/categories?post=13465"},{"taxonomy":"post_tag","embeddable":true,"href":"https:\/\/www.brundisium.net\/index.php\/wp-json\/wp\/v2\/tags?post=13465"}],"curies":[{"name":"wp","href":"https:\/\/api.w.org\/{rel}","templated":true}]}}