{"id":134696,"date":"2018-06-05T13:25:39","date_gmt":"2018-06-05T11:25:39","guid":{"rendered":"http:\/\/www.brundisium.net\/?p=134696"},"modified":"2018-06-05T12:30:18","modified_gmt":"2018-06-05T10:30:18","slug":"domani-linaugurazione-della-nuova-sede-archivio-e-biblioteca-della-diocesi-di-oria","status":"publish","type":"post","link":"https:\/\/www.brundisium.net\/index.php\/domani-linaugurazione-della-nuova-sede-archivio-e-biblioteca-della-diocesi-di-oria\/","title":{"rendered":"Domani l&#8217;inaugurazione della nuova sede archivio e biblioteca della Diocesi di Oria"},"content":{"rendered":"<p>Mercoled\u00ec 6 giugno 2018, alle ore 19.30, il vescovo di Oria mons. Vincenzo Pisanello inaugurer\u00e0 la nuova sede dell&#8217;Archivio e della Biblioteca &#8220;Alessandro Maria Kalefati&#8221;, sita in piazza San Giustino de Jacobis a Oria.<\/p>\n<p>&nbsp;<\/p>\n<p>All&#8217;inaugurazione interverr\u00e0 il cardinale Salvatore De Giorgi, arcivescovo emerito di Palermo e gi\u00e0 vescovo di Oria.<\/p>\n<p>&nbsp;<\/p>\n<p>L&#8217;Archivio e la Biblioteca della Diocesi di Oria, diretti da don Daniele Conte, da anni ormai sono punto di riferimento culturale per l&#8217;intero territorio regionale. La nuova sede, sita presso lo storico Palazzo dei Missionari (che ospita anche il Seminario vescovile &#8220;San Carlo Borromeo&#8221; e Caritas diocesana), si presta a soddisfare meglio le esigenze degli utenti e offre le condizioni perch\u00e9 Archivio e Biblioteca possano essere un vero e proprio &#8220;luogo di comunit\u00e0&#8221;.<\/p>\n<p>&nbsp;<\/p>\n<p>L&#8217;archivio storico conserva documenti d&#8217;inestimabile valore (i pi\u00f9 antichi risalgono alla fine del &#8216;500) e ha una consistenza di oltre 2500 buste e registri riguardanti visite pastorali, il Seminario diocesano, la Mensa vescovile e la vita delle comunit\u00e0 cristiane di tutti i comuni della Diocesi.<\/p>\n<p>&nbsp;<\/p>\n<p>La biblioteca contiene circa 50mila volumi; di questi, ben 8mila fanno parte del fondo antico (incunaboli, cinquecentine e volumi fino al 1830). Diversi i fondi particolari che arricchiscono la biblioteca, provienenti da donazioni personali o istituzionali. La biblioteca diocesana \u00e8 erede della biblioteca del Seminario vescovile istituita alla fine del XVIII secolo dal vescovo di Oria Alessandro Maria Kalefati; \u00e8 stata riconosciuta di interesse locale dalla Regione Puglia nel 1981; nel 1999 \u00e8 stata riqualificata e sistemata secondo i pi\u00f9 avanzati criteri di biblioteconomia e organizzazione archivistica, attestandosi quale centro di studio per diversi ricercatori italiani e stranieri.<\/p>\n<p>&nbsp;<\/p>\n<p><em><strong>Ufficio per le Comunicazioni sociali e la Cultura della Diocesi di Oria<\/strong><\/em><\/p>\n","protected":false},"excerpt":{"rendered":"<p>Mercoled\u00ec 6 giugno 2018, alle ore 19.30, il vescovo di Oria mons. Vincenzo Pisanello inaugurer\u00e0 la nuova sede dell&#8217;Archivio e della Biblioteca &#8220;Alessandro Maria Kalefati&#8221;, sita in piazza San Giustino de Jacobis a Oria. &nbsp; All&#8217;inaugurazione interverr\u00e0 il cardinale Salvatore De Giorgi, arcivescovo emerito di Palermo e gi\u00e0 vescovo di Oria. &nbsp; L&#8217;Archivio e la Biblioteca della Diocesi di Oria, diretti da don Daniele Conte, da anni ormai sono punto di riferimento culturale per l&#8217;intero territorio regionale. La nuova sede, sita presso lo storico Palazzo dei Missionari (che ospita anche il Seminario vescovile &#8220;San Carlo Borromeo&#8221; e Caritas diocesana), si presta a soddisfare meglio le esigenze degli utenti e offre le condizioni perch\u00e9 Archivio e Biblioteca possano essere un vero e proprio &#8220;luogo di comunit\u00e0&#8221;. &nbsp; L&#8217;archivio storico conserva documenti d&#8217;inestimabile valore (i pi\u00f9 antichi risalgono alla fine del &#8216;500) e ha una consistenza di oltre 2500 buste e registri riguardanti visite pastorali, il Seminario diocesano, la Mensa vescovile e la vita delle comunit\u00e0 cristiane di tutti i comuni della&#8230;<\/p>\n","protected":false},"author":2,"featured_media":83495,"comment_status":"open","ping_status":"closed","sticky":false,"template":"","format":"standard","meta":{"footnotes":""},"categories":[308,7],"tags":[],"class_list":["post-134696","post","type-post","status-publish","format-standard","has-post-thumbnail","hentry","category-convegno-cultura-2","category-news"],"_links":{"self":[{"href":"https:\/\/www.brundisium.net\/index.php\/wp-json\/wp\/v2\/posts\/134696","targetHints":{"allow":["GET"]}}],"collection":[{"href":"https:\/\/www.brundisium.net\/index.php\/wp-json\/wp\/v2\/posts"}],"about":[{"href":"https:\/\/www.brundisium.net\/index.php\/wp-json\/wp\/v2\/types\/post"}],"author":[{"embeddable":true,"href":"https:\/\/www.brundisium.net\/index.php\/wp-json\/wp\/v2\/users\/2"}],"replies":[{"embeddable":true,"href":"https:\/\/www.brundisium.net\/index.php\/wp-json\/wp\/v2\/comments?post=134696"}],"version-history":[{"count":2,"href":"https:\/\/www.brundisium.net\/index.php\/wp-json\/wp\/v2\/posts\/134696\/revisions"}],"predecessor-version":[{"id":134699,"href":"https:\/\/www.brundisium.net\/index.php\/wp-json\/wp\/v2\/posts\/134696\/revisions\/134699"}],"wp:featuredmedia":[{"embeddable":true,"href":"https:\/\/www.brundisium.net\/index.php\/wp-json\/wp\/v2\/media\/83495"}],"wp:attachment":[{"href":"https:\/\/www.brundisium.net\/index.php\/wp-json\/wp\/v2\/media?parent=134696"}],"wp:term":[{"taxonomy":"category","embeddable":true,"href":"https:\/\/www.brundisium.net\/index.php\/wp-json\/wp\/v2\/categories?post=134696"},{"taxonomy":"post_tag","embeddable":true,"href":"https:\/\/www.brundisium.net\/index.php\/wp-json\/wp\/v2\/tags?post=134696"}],"curies":[{"name":"wp","href":"https:\/\/api.w.org\/{rel}","templated":true}]}}