{"id":141236,"date":"2018-09-23T09:13:17","date_gmt":"2018-09-23T07:13:17","guid":{"rendered":"http:\/\/www.brundisium.net\/?p=141236"},"modified":"2018-09-23T00:16:11","modified_gmt":"2018-09-22T22:16:11","slug":"al-via-in_chiostri-2018-il-programma-odierno","status":"publish","type":"post","link":"https:\/\/www.brundisium.net\/index.php\/al-via-in_chiostri-2018-il-programma-odierno\/","title":{"rendered":"Al via In_Chiostri 2018: il programma odierno"},"content":{"rendered":"<p><a href=\"http:\/\/www.brundisium.net\/brun\/wp-content\/uploads\/2018\/09\/in_chiostri-2018.jpg\"><img loading=\"lazy\" decoding=\"async\" class=\"alignright size-medium wp-image-140806\" src=\"http:\/\/www.brundisium.net\/brun\/wp-content\/uploads\/2018\/09\/in_chiostri-2018-210x300.jpg\" alt=\"\" width=\"210\" height=\"300\" srcset=\"https:\/\/www.brundisium.net\/brun\/wp-content\/uploads\/2018\/09\/in_chiostri-2018-210x300.jpg 210w, https:\/\/www.brundisium.net\/brun\/wp-content\/uploads\/2018\/09\/in_chiostri-2018.jpg 672w\" sizes=\"auto, (max-width: 210px) 100vw, 210px\" \/><\/a>Domenica 23 settembre, nell&#8217;Archivio di Stato di Brindisi, dalle 17,30 alle 21,00 nell\u2019ambito di IN_CHIOSTRI 2018 Il potere dell&#8217;immaginazione, avr\u00e0 luogo la presentazione de Il fondo bibliografico donato all\u2019Archivio di Stato da Emanuele Amoruso.<\/p>\n<p>Dopo l\u2019indirizzo di saluto di Maria A. Ventricelli, direttore dell\u2019Archivio di Stato, intervengono Emanuele Amoruso e Maria Carmela Fongaro, funzionario bibliotecario che ha curato la catalogazione e schedatura di tutte le fonti a stampa. Segue una conversazione con Marco Boato, sociologo, giornalista e professore, autore del saggio Il lungo sessantotto in Italia e nel mondo.<\/p>\n<p>&nbsp;<\/p>\n<p>Inoltre domenica sar\u00e0 possibile visitare la mostra Il potere dell\u2019immaginazione: la stagione dei Movimenti, gli anni tra il 1968 e il 1978. Rassegna bibliografica e documentaria.<\/p>\n<p>La mostra rimarr\u00e0 aperta nei giorni di IN_CHIOSTRI 2018, luned\u00ec 24, marted\u00ec 25 e mercoled\u00ec 26 dalle 10,00 alle 13,00.<\/p>\n<p>&nbsp;<\/p>\n<p>IN_CHIOSTRI 2018 \u00e8 evento organizzato dall\u2019Associazione Diecieventotto \u2013 Manifesto per la Culturae dalla sezione di Brindisi dellaSociet\u00e0 di Storia Patria per la Puglia col patrocinio del Comune di Brindisi e il concorso di enti, istituzioni culturali, associazioni e scuole della citt\u00e0.<\/p>\n<p>L\u2019edizione 2018 di IN_CHIOSTRI intende approfondire, a 50 anni da quella \u201cstagione\u201d, i tanti volti, aspetti ed espressioni, nonch\u00e9 i riflessi negli anni che seguirono, del Sessantotto. Stagione di imprevedibili e inaspettate dinamiche socio culturali che cambiarono alla radice i \u201csegni e le espressioni\u201d dei costumi, dell\u2019economia, della comunicazione, della politica, delle arti, delle fedi, dell\u2019organizzazione della vita quotidiana e sociale<\/p>\n","protected":false},"excerpt":{"rendered":"<p>Domenica 23 settembre, nell&#8217;Archivio di Stato di Brindisi, dalle 17,30 alle 21,00 nell\u2019ambito di IN_CHIOSTRI 2018 Il potere dell&#8217;immaginazione, avr\u00e0 luogo la presentazione de Il fondo bibliografico donato all\u2019Archivio di Stato da Emanuele Amoruso. Dopo l\u2019indirizzo di saluto di Maria A. Ventricelli, direttore dell\u2019Archivio di Stato, intervengono Emanuele Amoruso e Maria Carmela Fongaro, funzionario bibliotecario che ha curato la catalogazione e schedatura di tutte le fonti a stampa. Segue una conversazione con Marco Boato, sociologo, giornalista e professore, autore del saggio Il lungo sessantotto in Italia e nel mondo. &nbsp; Inoltre domenica sar\u00e0 possibile visitare la mostra Il potere dell\u2019immaginazione: la stagione dei Movimenti, gli anni tra il 1968 e il 1978. Rassegna bibliografica e documentaria. La mostra rimarr\u00e0 aperta nei giorni di IN_CHIOSTRI 2018, luned\u00ec 24, marted\u00ec 25 e mercoled\u00ec 26 dalle 10,00 alle 13,00. &nbsp; IN_CHIOSTRI 2018 \u00e8 evento organizzato dall\u2019Associazione Diecieventotto \u2013 Manifesto per la Culturae dalla sezione di Brindisi dellaSociet\u00e0 di Storia Patria per la Puglia col patrocinio del Comune di Brindisi e il concorso di&#8230;<\/p>\n","protected":false},"author":2,"featured_media":140930,"comment_status":"open","ping_status":"closed","sticky":false,"template":"","format":"standard","meta":{"footnotes":""},"categories":[198,7],"tags":[],"class_list":["post-141236","post","type-post","status-publish","format-standard","has-post-thumbnail","hentry","category-cultura-2","category-news"],"_links":{"self":[{"href":"https:\/\/www.brundisium.net\/index.php\/wp-json\/wp\/v2\/posts\/141236","targetHints":{"allow":["GET"]}}],"collection":[{"href":"https:\/\/www.brundisium.net\/index.php\/wp-json\/wp\/v2\/posts"}],"about":[{"href":"https:\/\/www.brundisium.net\/index.php\/wp-json\/wp\/v2\/types\/post"}],"author":[{"embeddable":true,"href":"https:\/\/www.brundisium.net\/index.php\/wp-json\/wp\/v2\/users\/2"}],"replies":[{"embeddable":true,"href":"https:\/\/www.brundisium.net\/index.php\/wp-json\/wp\/v2\/comments?post=141236"}],"version-history":[{"count":1,"href":"https:\/\/www.brundisium.net\/index.php\/wp-json\/wp\/v2\/posts\/141236\/revisions"}],"predecessor-version":[{"id":141237,"href":"https:\/\/www.brundisium.net\/index.php\/wp-json\/wp\/v2\/posts\/141236\/revisions\/141237"}],"wp:featuredmedia":[{"embeddable":true,"href":"https:\/\/www.brundisium.net\/index.php\/wp-json\/wp\/v2\/media\/140930"}],"wp:attachment":[{"href":"https:\/\/www.brundisium.net\/index.php\/wp-json\/wp\/v2\/media?parent=141236"}],"wp:term":[{"taxonomy":"category","embeddable":true,"href":"https:\/\/www.brundisium.net\/index.php\/wp-json\/wp\/v2\/categories?post=141236"},{"taxonomy":"post_tag","embeddable":true,"href":"https:\/\/www.brundisium.net\/index.php\/wp-json\/wp\/v2\/tags?post=141236"}],"curies":[{"name":"wp","href":"https:\/\/api.w.org\/{rel}","templated":true}]}}