{"id":144151,"date":"2018-11-10T17:52:53","date_gmt":"2018-11-10T16:52:53","guid":{"rendered":"http:\/\/www.brundisium.net\/?p=144151"},"modified":"2018-11-10T17:37:21","modified_gmt":"2018-11-10T16:37:21","slug":"domani-a-ceglie-la-biblioteca-dei-libri-rifiutati-e-ceglie-senzafiltri","status":"publish","type":"post","link":"https:\/\/www.brundisium.net\/index.php\/domani-a-ceglie-la-biblioteca-dei-libri-rifiutati-e-ceglie-senzafiltri\/","title":{"rendered":"Domani a Ceglie &#8220;La biblioteca dei libri rifiutati&#8221; e &#8220;Ceglie #senzafiltri&#8221;"},"content":{"rendered":"<p>L\u2019Amministrazione Comunale di Ceglie Messapica e l&#8217;ATI Monteco-Cogeir presentano \u201cCeglie per l\u2019Ambiente!\u201d: una serie di iniziative dedicate alla tutela del nostro territorio, alla riduzione dei rifiuti e all\u2019incentivazione della raccolta differenziata che si svolgeranno nei mesi di novembre e dicembre.<br \/>\nNella giornata di domenica 11 novembre 2018 in Piazza Sant&#8217;Antonio dalle ore 9.30 alle ore 12.30 gli eco-informatori presenzieranno uno spazio per &#8220;La biblioteca dei libri rifiutati&#8221; e per &#8220;Ceglie #senzafiltri&#8221;.<br \/>\nLa biblioteca dei libri rifiutati: i cittadini potranno portare dei libri che li hanno particolarmente appassionati o che non hanno intenzione di conservare e prenderne altri ugualmente travolgenti. Contribuiranno, in questo modo, alla riduzione dei rifiuti arricchendosi di cultura.<br \/>\nCeglie #senza filtri contro l\u2019abbondono delle cicche a terra con distribuzione di porta cicche in materiale ignifugo. Gli utenti, partecipando all\u2019iniziativa, diventeranno i protagonisti della \u201cbattaglia\u201d contro l\u2019abbandono delle cicche di sigaretta a terra grazie al contest fotografico. Chi vorr\u00e0 potr\u00e0 scattarsi una foto con la sagoma dell\u2019iniziativa, condividerla sulla pagina Facebook della Monteco con l\u2019hashtag #senzafiltri e taggare un amico. Ricever\u00e0, cos\u00ec, in regalo un porta cicche realizzato in materiale lavabile.<\/p>\n<p>&nbsp;<\/p>\n<p>Domenica 9 dicembre 2018 dalle ore 9.30 alle ore 12.30 in Piazza Sant&#8217;Antonio si svolger\u00e0 l\u2019eco-concorso \u201cPorta Pesa e Vinci con l\u2019obiettivo di promuovere i vantaggi della Raccolta Differenziata, incontrando i cittadini per scoprire in maniera diretta eventuali dubbi sulla differenziazione dei rifiuti. Ogni cittadino potr\u00e0 concorrere alla vincita dei premi in palio, portando i propri rifiuti correttamente differenziati per tipologia presso lo stand allestito per l\u2019occasione. Si potranno conferire solo le frazioni secche riciclabili, ovvero, CARTA e CARTONE, PLASTICA e METALLI. I partecipanti saranno accolti dagli operatori, i quali peseranno i rifiuti con pesa elettronica, valutando anche la qualit\u00e0 della raccolta. Al termine dell\u2019iniziativa verranno premiati i primi 5 classificati con il maggiore conferimento in termini di peso delle tipologie di rifiuto sopra indicate, i quali si aggiudicheranno un buono spesa del valore di 30 euro da spendere presso i negozi convenzionati.<\/p>\n<p>&nbsp;<\/p>\n<p>Infine, dopo il successo delle passate edizioni, torna a Ceglie Messapica la \u201cFesta del Baratto\u201d domenica 16 dicembre 2018 dalle ore 9.30 alle ore 12.30 sempre in Piazza Sant\u2019Antonio.<br \/>\nCome funziona? Il \u201cgioco\u201d \u00e8 semplice, economico, ecologico e si basa su poche regole: bisogna portare presso il punto accoglienza un massimo di dieci oggetti funzionanti e puliti e posizionarli in maniera ordinata negli spazi a disposizione; per ogni oggetto portato i partecipanti potranno ritirare il tagliando contenente un \u201cEcopunto\u201d, che potranno \u201cspendere\u201d per prendere un altro oggetto presente sui banchi del baratto.<br \/>\nGli oggetti che possono essere barattati sono: abbigliamento, accessori, oggetti per la casa, suppellettili, quadri, candele, pentole, giocattoli e giochi di societ\u00e0, fumetti, dvd, cd, libri, ecc.<br \/>\nI partecipanti sono invitati ad allegare agli oggetti che vorranno scambiare una targhetta \u201cstorica\u201d, raccontando con una parola o una frase il loro valore o il ricordo che attribuiscono all\u2019oggetto che offrono.<br \/>\nA fine evento gli oggetti ed i capi che eventualmente rimarranno senza nuovo proprietario verranno ritirati dall\u2019azienda ed avviati al corretto smaltimento\/recupero o donati ad associazioni di volontariato in accordo con l\u2019Amministrazione Comunale.<\/p>\n<p>&nbsp;<\/p>\n<p>La \u201cFesta del Baratto\u201d, quindi, prevede lo scambio di oggetti senza uso di moneta, ma offre comunque l\u2019opportunit\u00e0 ai partecipanti di soddisfare esigenze reciproche, come liberarsi di oggetti di cui non si ha pi\u00f9 alcuna necessit\u00e0 e, contemporaneamente, entrare in possesso di qualcosa che pu\u00f2 risultare utile.<br \/>\nTale iniziativa permetter\u00e0 di prendere coscienza che, riattivando circuiti virtuosi come quello del baratto, ogni cittadino pu\u00f2 in prima persona contribuire alla crescita della propria comunit\u00e0, coniugando il vantaggio ambientale a quello economico e sociale.<\/p>\n","protected":false},"excerpt":{"rendered":"<p>L\u2019Amministrazione Comunale di Ceglie Messapica e l&#8217;ATI Monteco-Cogeir presentano \u201cCeglie per l\u2019Ambiente!\u201d: una serie di iniziative dedicate alla tutela del nostro territorio, alla riduzione dei rifiuti e all\u2019incentivazione della raccolta differenziata che si svolgeranno nei mesi di novembre e dicembre. Nella giornata di domenica 11 novembre 2018 in Piazza Sant&#8217;Antonio dalle ore 9.30 alle ore 12.30 gli eco-informatori presenzieranno uno spazio per &#8220;La biblioteca dei libri rifiutati&#8221; e per &#8220;Ceglie #senzafiltri&#8221;. La biblioteca dei libri rifiutati: i cittadini potranno portare dei libri che li hanno particolarmente appassionati o che non hanno intenzione di conservare e prenderne altri ugualmente travolgenti. Contribuiranno, in questo modo, alla riduzione dei rifiuti arricchendosi di cultura. Ceglie #senza filtri contro l\u2019abbondono delle cicche a terra con distribuzione di porta cicche in materiale ignifugo. Gli utenti, partecipando all\u2019iniziativa, diventeranno i protagonisti della \u201cbattaglia\u201d contro l\u2019abbandono delle cicche di sigaretta a terra grazie al contest fotografico. Chi vorr\u00e0 potr\u00e0 scattarsi una foto con la sagoma dell\u2019iniziativa, condividerla sulla pagina Facebook della Monteco con l\u2019hashtag #senzafiltri e taggare un&#8230;<\/p>\n","protected":false},"author":2,"featured_media":144152,"comment_status":"open","ping_status":"closed","sticky":false,"template":"","format":"standard","meta":{"footnotes":""},"categories":[7],"tags":[],"class_list":["post-144151","post","type-post","status-publish","format-standard","has-post-thumbnail","hentry","category-news"],"_links":{"self":[{"href":"https:\/\/www.brundisium.net\/index.php\/wp-json\/wp\/v2\/posts\/144151","targetHints":{"allow":["GET"]}}],"collection":[{"href":"https:\/\/www.brundisium.net\/index.php\/wp-json\/wp\/v2\/posts"}],"about":[{"href":"https:\/\/www.brundisium.net\/index.php\/wp-json\/wp\/v2\/types\/post"}],"author":[{"embeddable":true,"href":"https:\/\/www.brundisium.net\/index.php\/wp-json\/wp\/v2\/users\/2"}],"replies":[{"embeddable":true,"href":"https:\/\/www.brundisium.net\/index.php\/wp-json\/wp\/v2\/comments?post=144151"}],"version-history":[{"count":1,"href":"https:\/\/www.brundisium.net\/index.php\/wp-json\/wp\/v2\/posts\/144151\/revisions"}],"predecessor-version":[{"id":144153,"href":"https:\/\/www.brundisium.net\/index.php\/wp-json\/wp\/v2\/posts\/144151\/revisions\/144153"}],"wp:featuredmedia":[{"embeddable":true,"href":"https:\/\/www.brundisium.net\/index.php\/wp-json\/wp\/v2\/media\/144152"}],"wp:attachment":[{"href":"https:\/\/www.brundisium.net\/index.php\/wp-json\/wp\/v2\/media?parent=144151"}],"wp:term":[{"taxonomy":"category","embeddable":true,"href":"https:\/\/www.brundisium.net\/index.php\/wp-json\/wp\/v2\/categories?post=144151"},{"taxonomy":"post_tag","embeddable":true,"href":"https:\/\/www.brundisium.net\/index.php\/wp-json\/wp\/v2\/tags?post=144151"}],"curies":[{"name":"wp","href":"https:\/\/api.w.org\/{rel}","templated":true}]}}