{"id":14467,"date":"2014-05-30T11:09:04","date_gmt":"2014-05-30T09:09:04","guid":{"rendered":"http:\/\/www.brundisium.net\/brun\/?p=14467"},"modified":"2014-06-01T16:46:39","modified_gmt":"2014-06-01T14:46:39","slug":"da-domani-a-cisternino-la-tre-giorni-di-spostamenti-a-sud","status":"publish","type":"post","link":"https:\/\/www.brundisium.net\/index.php\/da-domani-a-cisternino-la-tre-giorni-di-spostamenti-a-sud\/","title":{"rendered":"A Cisternino parte la tre giorni di &#8220;SpostaMenti a Sud&#8221;"},"content":{"rendered":"<p>Al via domani, <strong>sabato 31 maggio<\/strong>, l&#8217;evento formativo e informativo in materia di contrattualistica del lavoro, mercato del lavoro, opportunit\u00e0 occupazionali ed opportunit\u00e0 imprenditoriali <strong>SpostaMenti a Sud<\/strong>, la tre giorni su impresa, lavoro e occupazione in programma fino a <strong>luned\u00ec 2 giugno<\/strong>: circa 300 i consulenti del lavoro e i dottori commercialisti iscritti finora (prevista la partecipazione di almeno altri 300 professionisti), una location unica dal punto di vista del fascino e dell&#8217;aspetto turistico come la Valle d&#8217;Itria e il centro storico del Comune di <strong>Cisternino (Brindisi)<\/strong> un tema di grande attualit\u00e0 anche alla luce dei recenti accorgimenti normativi in materia di lavoro.<\/p>\n<p>&nbsp;<\/p>\n<p>L&#8217;evento organizzato da Consiglio Provinciale di Brindisi dell&#8217;Ordine dei Consulenti del Lavoro e Unione Provinciale dell&#8217;Associazione Nazionale Consulenti del Lavoro &#8211; Sindacato Unitario, con il patrocinio di Regione Puglia, Provincia di Brindisi, Comune di Cisternino e Camera di Commercio di Brindisi, in collaborazione con Consiglio Nazionale dell&#8217;Ordine dei Consulenti del Lavoro, Fondazione Studi Consulenti del Lavoro, Fondazione Lavoro, Associazione Nazionale Consulenti del Lavoro &#8211; Sindacato Unitario e Enpacl, prevede ben 12 tra convegni, approfondimenti e tavole rotonde in tema di lavoro, tutti nelle diverse location del centro storico di Cisternino, oltre al Consiglio Nazionale dei Consulenti del Lavoro e all&#8217;Ufficio di presidenza nazionale del Sindacato dei consulenti del lavoro, appuntamenti ufficiali per la categoria.<\/p>\n<p>&nbsp;<\/p>\n<p>&nbsp;<\/p>\n<p><strong>SABATO 31 MAGGIO &#8211; il programma<\/strong><\/p>\n<p>Il <strong>Teatro Paolo Grassi<\/strong> ospiter\u00e0 la registrazione dei partecipanti e i saluti delle autorit\u00e0 presenti, a partire dagli interventi di <strong>Marina Calderone<\/strong>, presidente del Consiglio Nazionale dell&#8217;Ordine dei Consulenti, e di <strong>Francesco Longobardi<\/strong>, presidente dell&#8217;Ancl &#8211; sindacato unitario dei Consulenti del Lavoro. Sempre all&#8217;interno del Teatro Grassi, <strong>Paolo Pennesi<\/strong>, segretario generale del Ministero del Lavoro parler\u00e0 di Contratto a termine &#8211; solita precariet\u00e0 o inaspettata occupazione (alle ore 11). A partire dalle ore 17,30, nella Tensostruttura Teatro Paolo Grassi e Splendida Dimora, una tavola rotonda e un workshop su tirocini e asseverazione contributiva e retributiva.<\/p>\n<p>&nbsp;<\/p>\n<p>&nbsp;<\/p>\n<p><strong>DOMENICA 1 GIUGNO<\/strong><\/p>\n<p>Dalle ore 10 alle ore 19 quattro appuntamenti al Teatro Paolo Grassi su contrattazione collettiva di secondo livello, regole base per gestire al meglio il passaggio generazionale, reti tra professionisti, accesso ai fondi comunitari, piano Garanzia Giovani e il progetto Sos Consulenti. Interverranno anche <strong>Rosario De Luca<\/strong>, presidente Fondazione Studi e <strong>Dario Montanaro<\/strong>, presidente Consiglio Provinciale dell&#8217;Ordine.<\/p>\n<p>Due eventi presso il centro aperto <strong>Splendida Dimora<\/strong>. Uno di questi, alle ore 11, a cura dell&#8217;Area Sviluppo Rurale della Regione Puglia su &#8220;Le opportunit\u00e0 d\u2019impresa nel settore agricolo &#8211; la nuova PAC&#8221;. Due appuntamenti anche nella <strong>Tensostruttura Paolo Grassi<\/strong>: tra questi, alle ore 17, Giuseppe Danese, presidente del Distretto Regionale della Nautica, parler\u00e0 di &#8220;Start up nel settore della nautica da diporto&#8221;.<\/p>\n<p>&nbsp;<\/p>\n<p>&nbsp;<\/p>\n<p><strong>LUNEDI&#8217; 2 GIUGNO<\/strong><\/p>\n<p>Si chiude con due appuntamenti alle ore 9,30: il primo nel Teatro Grassi su &#8220;Apprendistato &#8211; contratto antico con regole moderne&#8221;, il secondo nella Tensostruttura Grassi su &#8220;Start up nel settore delle nuove tecnologie&#8221; a cura del Distretto Regionale dell&#8217;Aerospazio.<\/p>\n<p>&nbsp;<\/p>\n<p>&nbsp;<\/p>\n<p>Il programma completo sul sito ufficiale di SpostaMenti a Sud <a href=\"http:\/\/www.spostamentiasud.it\"><strong>www.spostamentiasud.it<\/strong><\/a>.<\/p>\n<p>Possibile prenotare la propria partecipazione all&#8217;evento sul portale.<\/p>\n<p>Per ulteriori info e approfondimenti disponibile anche la pagina fan <strong>facebook SpostaMenti a Sud<\/strong>.<\/p>\n<p>Gli hashtag ufficiali della tre giorni sono <strong>#SpostaMentiSud<\/strong> <strong>#LavoroSud<\/strong>.<\/p>\n<p>&nbsp;<\/p>\n<p><strong>PROGRAMMA COMPLETO:<\/strong><\/p>\n<p>&nbsp;<\/p>\n<p align=\"LEFT\"><strong>Sabato 31 maggio 2014<\/strong><\/p>\n<p align=\"LEFT\"><span style=\"color: #f117ac; font-family: MyriadPro-Cond;\"><span style=\"color: #f117ac; font-family: MyriadPro-Cond;\">ore 8.30 <\/span><\/span><span style=\"color: #f117ac; font-family: MyriadPro-Cond;\"><span style=\"color: #f117ac; font-family: MyriadPro-Cond;\">\u2022 <\/span><\/span><b><span style=\"font-family: MyriadPro-BoldCond;\">Registrazione Partecipanti<\/span><\/b><\/p>\n<p align=\"LEFT\"><span style=\"color: #f117ac; font-family: MyriadPro-Cond;\"><span style=\"color: #f117ac; font-family: MyriadPro-Cond;\">ore 9.30 <\/span><\/span><span style=\"color: #f117ac; font-family: MyriadPro-Cond;\"><span style=\"color: #f117ac; font-family: MyriadPro-Cond;\">\u2022 <\/span><\/span><b><span style=\"font-family: MyriadPro-BoldCond;\">Saluti delle autorit\u00e0 presenti<\/span><\/b><\/p>\n<p align=\"LEFT\"><span style=\"color: #f117ac; font-family: MyriadPro-Cond;\"><span style=\"color: #f117ac; font-family: MyriadPro-Cond;\">ore 10.00 <\/span><\/span><span style=\"color: #f117ac; font-family: MyriadPro-Cond;\"><span style=\"color: #f117ac; font-family: MyriadPro-Cond;\">\u2022 <\/span><\/span><b><span style=\"font-family: MyriadPro-BoldCond;\">Introduzione ai lavori a cura di Francesco Longobardi Presidente<\/span><\/b><\/p>\n<p align=\"LEFT\">Nazionale ANCL SU<\/p>\n<p align=\"LEFT\"><span style=\"color: #f117ac; font-family: MyriadPro-Cond;\"><span style=\"color: #f117ac; font-family: MyriadPro-Cond;\">ore 11.00 <\/span><\/span><span style=\"color: #f117ac; font-family: MyriadPro-Cond;\"><span style=\"color: #f117ac; font-family: MyriadPro-Cond;\">\u2022 <\/span><\/span><b><span style=\"font-family: MyriadPro-BoldCond;\">Contratto a termine <\/span><\/b><span style=\"color: #f117ac; font-family: MyriadPro-Cond;\"><span style=\"color: #f117ac; font-family: MyriadPro-Cond;\">\u2022 <\/span><\/span><b><span style=\"font-family: MyriadPro-BoldCond;\">solita precariet\u00e0 o inaspettata occupazione<\/span><\/b><\/p>\n<p align=\"LEFT\"><span style=\"font-family: MyriadPro-Cond;\">Paolo Pennesi <\/span><i><span style=\"color: #3b9766; font-family: MyriadPro-CondIt;\"><span style=\"color: #3b9766; font-family: MyriadPro-CondIt;\">Segretario Generale Ministero del Lavoro<\/span><\/span><\/i><\/p>\n<p align=\"LEFT\"><span style=\"color: #f117ac; font-family: MyriadPro-Cond;\"><span style=\"color: #f117ac; font-family: MyriadPro-Cond;\">ore 13.00 <\/span><\/span><span style=\"color: #f117ac; font-family: MyriadPro-Cond;\"><span style=\"color: #f117ac; font-family: MyriadPro-Cond;\">\u2022 <\/span><\/span><b><span style=\"font-family: MyriadPro-BoldCond;\">Intervento Presidente Consiglio Nazionale Ordine Consulenti del<\/span><\/b><\/p>\n<p align=\"LEFT\">Lavoro Marina Calderone<\/p>\n<p align=\"LEFT\"><span style=\"color: #f117ac; font-family: MyriadPro-Cond;\"><span style=\"color: #f117ac; font-family: MyriadPro-Cond;\">ore 13.45 <\/span><\/span><span style=\"color: #f117ac; font-family: MyriadPro-Cond;\"><span style=\"color: #f117ac; font-family: MyriadPro-Cond;\">\u2022 <\/span><\/span><span style=\"font-family: MyriadPro-Cond;\">Pausa Pranzo<\/span><\/p>\n<p align=\"LEFT\"><span style=\"color: #f117ac; font-family: MyriadPro-Cond;\"><span style=\"color: #f117ac; font-family: MyriadPro-Cond;\">ore 15.30 <\/span><\/span><span style=\"color: #f117ac; font-family: MyriadPro-Cond;\"><span style=\"color: #f117ac; font-family: MyriadPro-Cond;\">\u2022 <\/span><\/span><b><span style=\"font-family: MyriadPro-BoldCond;\">Ucio di presidenza itinerante ANCL<\/span><\/b><\/p>\n<p align=\"LEFT\">Consiglio Nazionale itinerante Ordine Consulenti del Lavoro<\/p>\n<p align=\"LEFT\"><span style=\"color: #f117ac; font-family: MyriadPro-Cond;\"><span style=\"color: #f117ac; font-family: MyriadPro-Cond;\">ore 17.30 <\/span><\/span><span style=\"color: #f117ac; font-family: MyriadPro-Cond;\"><span style=\"color: #f117ac; font-family: MyriadPro-Cond;\">\u2022 <\/span><\/span><b><span style=\"font-family: MyriadPro-BoldCond;\">Tavola Rotonda: Tirocini <\/span><\/b><span style=\"color: #f117ac; font-family: MyriadPro-Cond;\"><span style=\"color: #f117ac; font-family: MyriadPro-Cond;\">\u2022 <\/span><\/span><b><span style=\"font-family: MyriadPro-BoldCond;\">Nuovo regolamento regionale<\/span><\/b><\/p>\n<p align=\"LEFT\"><span style=\"font-family: MyriadPro-Cond;\">Renzo La Costa <\/span><i><span style=\"color: #3b9766; font-family: MyriadPro-CondIt;\"><span style=\"color: #3b9766; font-family: MyriadPro-CondIt;\">Esperto Centro Studi nazionale ANCL<\/span><\/span><\/i><\/p>\n<p align=\"LEFT\"><span style=\"font-family: MyriadPro-Cond;\">Mauro Capitanio <\/span><i><span style=\"color: #3b9766; font-family: MyriadPro-CondIt;\"><span style=\"color: #3b9766; font-family: MyriadPro-CondIt;\">Presidente Fondazione Consulenti per il Lavoro<\/span><\/span><\/i><\/p>\n<p align=\"LEFT\">Funzionario Provincia di Brindisi<\/p>\n<p align=\"LEFT\">Workshop: Asseverazione contributiva e retributiva: una nuova<\/p>\n<p align=\"LEFT\">funzione per i CDL<\/p>\n<p align=\"LEFT\"><span style=\"font-family: MyriadPro-Cond;\">Rosario De Luca <\/span><i><span style=\"color: #3b9766; font-family: MyriadPro-CondIt;\"><span style=\"color: #3b9766; font-family: MyriadPro-CondIt;\">Presidente Fondazione Studi Ordine Consulenti del Lavoro<\/span><\/span><\/i><\/p>\n<p align=\"LEFT\"><span style=\"font-family: MyriadPro-Cond;\">Sergio Stelitano <\/span><i><span style=\"color: #3b9766; font-family: MyriadPro-CondIt;\"><span style=\"color: #3b9766; font-family: MyriadPro-CondIt;\">Consigliere Nazionale Ordine Consulenti del Lavoro<\/span><\/span><\/i><\/p>\n<p align=\"LEFT\"><span style=\"color: #f117ac; font-family: MyriadPro-Cond;\"><span style=\"color: #f117ac; font-family: MyriadPro-Cond;\">ore 19.30 <\/span><\/span><span style=\"color: #f117ac; font-family: MyriadPro-Cond;\"><span style=\"color: #f117ac; font-family: MyriadPro-Cond;\">\u2022 <\/span><\/span><span style=\"font-family: MyriadPro-Cond;\">Chiusura lavori<\/span><\/p>\n<p align=\"LEFT\"><span style=\"color: #ffffff; font-family: LifestyleMarkerM54; font-size: medium;\"><span style=\"color: #ffffff; font-family: LifestyleMarkerM54; font-size: medium;\"><span style=\"color: #ffffff; font-family: LifestyleMarkerM54; font-size: medium;\">\u00a0<\/span><\/span><\/span><\/p>\n<p align=\"LEFT\">\n<p align=\"LEFT\"><strong>Domenica 01 giugno 2014<\/strong><\/p>\n<p align=\"LEFT\"><span style=\"color: #f117ac; font-family: MyriadPro-Cond;\"><span style=\"color: #f117ac; font-family: MyriadPro-Cond;\">ore 9.30 <\/span><\/span><span style=\"color: #f117ac; font-family: MyriadPro-Cond;\"><span style=\"color: #f117ac; font-family: MyriadPro-Cond;\">\u2022 <\/span><\/span><span style=\"font-family: MyriadPro-Cond;\">Apertura lavori<\/span><\/p>\n<p align=\"LEFT\"><span style=\"color: #f117ac; font-family: MyriadPro-Cond;\"><span style=\"color: #f117ac; font-family: MyriadPro-Cond;\">ore 10.00 <\/span><\/span><span style=\"color: #f117ac; font-family: MyriadPro-Cond;\"><span style=\"color: #f117ac; font-family: MyriadPro-Cond;\">\u2022 <\/span><\/span><b><span style=\"font-family: MyriadPro-BoldCond;\">I sistemi di rappresentanza secondo i nuovi protocolli<\/span><\/b><\/p>\n<p align=\"LEFT\">La contrattazione di secondo livello<\/p>\n<p align=\"LEFT\"><span style=\"font-family: MyriadPro-Cond;\">Introduzione: Rosario De Luca <\/span><i><span style=\"color: #3b9766; font-family: MyriadPro-CondIt;\"><span style=\"color: #3b9766; font-family: MyriadPro-CondIt;\">Presidente Fondazione Studi Ordine Consulenti<\/span><\/span><\/i><\/p>\n<p align=\"LEFT\">del Lavoro<\/p>\n<p align=\"LEFT\"><span style=\"font-family: MyriadPro-Cond;\">Francesco Stolfa <\/span><i><span style=\"color: #3b9766; font-family: MyriadPro-CondIt;\"><span style=\"color: #3b9766; font-family: MyriadPro-CondIt;\">Avvocato e Professore Universitario<\/span><\/span><\/i><\/p>\n<p align=\"LEFT\"><span style=\"font-family: MyriadPro-Cond;\">Dario Montanaro <\/span><i><span style=\"color: #3b9766; font-family: MyriadPro-CondIt;\"><span style=\"color: #3b9766; font-family: MyriadPro-CondIt;\">Presidente Consiglio Provinciale Ordine Consulenti del Lavoro<\/span><\/span><\/i><\/p>\n<p align=\"LEFT\">di Brindisi<\/p>\n<p align=\"LEFT\"><span style=\"color: #f117ac; font-family: MyriadPro-Cond;\"><span style=\"color: #f117ac; font-family: MyriadPro-Cond;\">ore 11.00 <\/span><\/span><span style=\"color: #f117ac; font-family: MyriadPro-Cond;\"><span style=\"color: #f117ac; font-family: MyriadPro-Cond;\">\u2022 <\/span><\/span><b><span style=\"font-family: MyriadPro-BoldCond;\">Workshop: Le regole base per gestire al meglio il passaggio generazionale<\/span><\/b><\/p>\n<p align=\"LEFT\"><span style=\"font-family: MyriadPro-Cond;\">Giacomin Anna Maria <\/span><i><span style=\"color: #3b9766; font-family: MyriadPro-CondIt;\"><span style=\"color: #3b9766; font-family: MyriadPro-CondIt;\">Consigliere Nazionale Ordine Consulenti del Lavoro<\/span><\/span><\/i><\/p>\n<p align=\"LEFT\">Fanizzi Angelo<\/p>\n<p align=\"LEFT\"><span style=\"font-family: MyriadPro-BoldCond;\"><b>Le opportunit\u00e0 d\u2019impresa nel settore agricolo <\/b><\/span><span style=\"color: #f117ac; font-family: MyriadPro-Cond;\"><span style=\"color: #f117ac; font-family: MyriadPro-Cond;\">\u2022 <\/span><\/span><b><span style=\"font-family: MyriadPro-BoldCond;\">la nuova PAC<\/span><\/b><\/p>\n<p align=\"LEFT\">a cura di Regione Puglia Area Sviluppo Rurale<\/p>\n<p align=\"LEFT\"><span style=\"color: #f117ac; font-family: MyriadPro-Cond;\"><span style=\"color: #f117ac; font-family: MyriadPro-Cond;\">ore 13.30 <\/span><\/span><span style=\"color: #f117ac; font-family: MyriadPro-Cond;\"><span style=\"color: #f117ac; font-family: MyriadPro-Cond;\">\u2022 <\/span><\/span><span style=\"font-family: MyriadPro-Cond;\">Pausa Pranzo<\/span><\/p>\n<p align=\"LEFT\"><span style=\"color: #f117ac; font-family: MyriadPro-Cond;\"><span style=\"color: #f117ac; font-family: MyriadPro-Cond;\">ore 15.00 <\/span><\/span><span style=\"color: #f117ac; font-family: MyriadPro-Cond;\"><span style=\"color: #f117ac; font-family: MyriadPro-Cond;\">\u2022 <\/span><\/span><b><span style=\"font-family: MyriadPro-BoldCond;\">Le reti tra professionisti <\/span><\/b><span style=\"color: #f117ac; font-family: MyriadPro-Cond;\"><span style=\"color: #f117ac; font-family: MyriadPro-Cond;\">\u2022 <\/span><\/span><b><span style=\"font-family: MyriadPro-BoldCond;\">CDL Sportello d&#8217;Europa <\/span><\/b><span style=\"color: #f117ac; font-family: MyriadPro-Cond;\"><span style=\"color: #f117ac; font-family: MyriadPro-Cond;\">\u2022 <\/span><\/span><b><span style=\"font-family: MyriadPro-BoldCond;\">l&#8217;accesso ai fondi<\/span><\/b><\/p>\n<p align=\"LEFT\">comunitari tramite la rete dei CDL<\/p>\n<p align=\"LEFT\"><span style=\"font-family: MyriadPro-Cond;\">Gilberto Iannone <\/span><i><span style=\"color: #3b9766; font-family: MyriadPro-CondIt;\"><span style=\"color: #3b9766; font-family: MyriadPro-CondIt;\">Tecsial<\/span><\/span><\/i><\/p>\n<p align=\"LEFT\">Sebastiano Gadaleta<\/p>\n<p align=\"LEFT\"><span style=\"color: #f117ac; font-family: MyriadPro-Cond;\"><span style=\"color: #f117ac; font-family: MyriadPro-Cond;\">ore 16.00 <\/span><\/span><span style=\"color: #f117ac; font-family: MyriadPro-Cond;\"><span style=\"color: #f117ac; font-family: MyriadPro-Cond;\">\u2022 <\/span><\/span><b><span style=\"font-family: MyriadPro-BoldCond;\">Garanzia Giovani <\/span><\/b><span style=\"color: #f117ac; font-family: MyriadPro-Cond;\"><span style=\"color: #f117ac; font-family: MyriadPro-Cond;\">\u2022 <\/span><\/span><b><span style=\"font-family: MyriadPro-BoldCond;\">Youth Guarantee<\/span><\/b><\/p>\n<p align=\"LEFT\"><span style=\"font-family: MyriadPro-Cond;\">Francesco Duraccio <\/span><i><span style=\"color: #3b9766; font-family: MyriadPro-CondIt;\"><span style=\"color: #3b9766; font-family: MyriadPro-CondIt;\">Consigliere Nazionale Ordine Consulenti del Lavoro<\/span><\/span><\/i><\/p>\n<p align=\"LEFT\">Funzionario Regione Puglia<\/p>\n<p align=\"LEFT\"><span style=\"color: #f117ac; font-family: MyriadPro-Cond;\"><span style=\"color: #f117ac; font-family: MyriadPro-Cond;\">ore 17.00 <\/span><\/span><span style=\"color: #f117ac; font-family: MyriadPro-Cond;\"><span style=\"color: #f117ac; font-family: MyriadPro-Cond;\">\u2022 <\/span><\/span><b><span style=\"font-family: MyriadPro-BoldCond;\">Le Start-UP nel settore della nautica da diporto<\/span><\/b><\/p>\n<p align=\"LEFT\"><span style=\"font-family: MyriadPro-Cond;\">Giuseppe Danese <\/span><i><span style=\"color: #3b9766; font-family: MyriadPro-CondIt;\"><span style=\"color: #3b9766; font-family: MyriadPro-CondIt;\">Presidente Distretto Regionale della Nautica<\/span><\/span><\/i><\/p>\n<p align=\"LEFT\"><span style=\"font-family: MyriadPro-BoldCond;\"><b>SOS Consulente <\/b><\/span><span style=\"color: #f117ac; font-family: MyriadPro-Cond;\"><span style=\"color: #f117ac; font-family: MyriadPro-Cond;\">\u2022 <\/span><\/span><b><span style=\"font-family: MyriadPro-BoldCond;\">la rete dei CDL per i servizi alla professione<\/span><\/b><\/p>\n<p align=\"LEFT\">Evento a cura dell&#8217;ANCL Regionale Puglia<\/p>\n<p align=\"LEFT\">Organizzarsi per competere<\/p>\n<p align=\"LEFT\">Fanizzi Angelo<\/p>\n<p align=\"LEFT\"><span style=\"color: #f117ac; font-family: MyriadPro-Cond;\"><span style=\"color: #f117ac; font-family: MyriadPro-Cond;\">ore 19.30 <\/span><\/span><span style=\"color: #f117ac; font-family: MyriadPro-Cond;\"><span style=\"color: #f117ac; font-family: MyriadPro-Cond;\">\u2022 <\/span><\/span><span style=\"font-family: MyriadPro-Cond;\">Chiusura lavori<\/span><\/p>\n<p align=\"LEFT\"><span style=\"color: #ffffff; font-family: LifestyleMarkerM54; font-size: medium;\"><span style=\"color: #ffffff; font-family: LifestyleMarkerM54; font-size: medium;\"><span style=\"color: #ffffff; font-family: LifestyleMarkerM54; font-size: medium;\">\u00a0<\/span><\/span><\/span><\/p>\n<p align=\"LEFT\">\n<p align=\"LEFT\"><strong>Luned\u00ec 02 giugno 2014<\/strong><\/p>\n<p align=\"LEFT\"><span style=\"color: #f117ac; font-family: MyriadPro-Cond;\"><span style=\"color: #f117ac; font-family: MyriadPro-Cond;\">ore 9.00 <\/span><\/span><span style=\"color: #f117ac; font-family: MyriadPro-Cond;\"><span style=\"color: #f117ac; font-family: MyriadPro-Cond;\">\u2022 <\/span><\/span><span style=\"font-family: MyriadPro-Cond;\">Apertura lavori<\/span><\/p>\n<p align=\"LEFT\"><span style=\"color: #f117ac; font-family: MyriadPro-Cond;\"><span style=\"color: #f117ac; font-family: MyriadPro-Cond;\">ore 9.30 <\/span><\/span><span style=\"color: #f117ac; font-family: MyriadPro-Cond;\"><span style=\"color: #f117ac; font-family: MyriadPro-Cond;\">\u2022 <\/span><\/span><b><span style=\"font-family: MyriadPro-BoldCond;\">Apprendistato <\/span><\/b><span style=\"color: #f117ac; font-family: MyriadPro-Cond;\"><span style=\"color: #f117ac; font-family: MyriadPro-Cond;\">\u2022 <\/span><\/span><b><span style=\"font-family: MyriadPro-BoldCond;\">contratto antico con regole moderne<\/span><\/b><\/p>\n<p align=\"LEFT\"><span style=\"font-family: MyriadPro-Cond;\">Luca De Compatri <\/span><i><span style=\"color: #3b9766; font-family: MyriadPro-CondIt;\"><span style=\"color: #3b9766; font-family: MyriadPro-CondIt;\">Avvocato, Consulente del Lavoro ed esperto della Fondazione<\/span><\/span><\/i><\/p>\n<p align=\"LEFT\">Studi Consulenti del Lavoro<\/p>\n<p align=\"LEFT\">Le Start-UP nel settore delle nuove tecnologie<\/p>\n<p align=\"LEFT\">Evento a cura del Distretto Regionale dell&#8217;Aereospazio<\/p>\n<p><span style=\"color: #f117ac; font-family: MyriadPro-Cond;\"><span style=\"color: #f117ac; font-family: MyriadPro-Cond;\">ore 12.30 <\/span><\/span><span style=\"color: #f117ac; font-family: MyriadPro-Cond;\"><span style=\"color: #f117ac; font-family: MyriadPro-Cond;\">\u2022 <\/span><\/span><span style=\"font-family: MyriadPro-Cond;\">Chiusura Lavori <\/span><span style=\"color: #f117ac; font-family: MyriadPro-Cond;\"><span style=\"color: #f117ac; font-family: MyriadPro-Cond;\">\u2022 <\/span><\/span><span style=\"font-family: MyriadPro-Cond;\">Cocktail di arrivederci<\/span><\/p>\n<p>&nbsp;<\/p>\n","protected":false},"excerpt":{"rendered":"<p>Al via domani, sabato 31 maggio, l&#8217;evento formativo e informativo in materia di contrattualistica del lavoro, mercato del lavoro, opportunit\u00e0 occupazionali ed opportunit\u00e0 imprenditoriali SpostaMenti a Sud, la tre giorni su impresa, lavoro e occupazione in programma fino a luned\u00ec 2 giugno: circa 300 i consulenti del lavoro e i dottori commercialisti iscritti finora (prevista la partecipazione di almeno altri 300 professionisti), una location unica dal punto di vista del fascino e dell&#8217;aspetto turistico come la Valle d&#8217;Itria e il centro storico del Comune di Cisternino (Brindisi) un tema di grande attualit\u00e0 anche alla luce dei recenti accorgimenti normativi in materia di lavoro. &nbsp; L&#8217;evento organizzato da Consiglio Provinciale di Brindisi dell&#8217;Ordine dei Consulenti del Lavoro e Unione Provinciale dell&#8217;Associazione Nazionale Consulenti del Lavoro &#8211; Sindacato Unitario, con il patrocinio di Regione Puglia, Provincia di Brindisi, Comune di Cisternino e Camera di Commercio di Brindisi, in collaborazione con Consiglio Nazionale dell&#8217;Ordine dei Consulenti del Lavoro, Fondazione Studi Consulenti del Lavoro, Fondazione Lavoro, Associazione Nazionale Consulenti del Lavoro &#8211; Sindacato Unitario&#8230;<\/p>\n","protected":false},"author":2,"featured_media":14468,"comment_status":"open","ping_status":"open","sticky":false,"template":"","format":"standard","meta":{"footnotes":""},"categories":[308,198,7,389],"tags":[228,2023],"class_list":["post-14467","post","type-post","status-publish","format-standard","has-post-thumbnail","hentry","category-convegno-cultura-2","category-cultura-2","category-news","category-territorio","tag-cisternino","tag-spostamenti-a-sud"],"_links":{"self":[{"href":"https:\/\/www.brundisium.net\/index.php\/wp-json\/wp\/v2\/posts\/14467","targetHints":{"allow":["GET"]}}],"collection":[{"href":"https:\/\/www.brundisium.net\/index.php\/wp-json\/wp\/v2\/posts"}],"about":[{"href":"https:\/\/www.brundisium.net\/index.php\/wp-json\/wp\/v2\/types\/post"}],"author":[{"embeddable":true,"href":"https:\/\/www.brundisium.net\/index.php\/wp-json\/wp\/v2\/users\/2"}],"replies":[{"embeddable":true,"href":"https:\/\/www.brundisium.net\/index.php\/wp-json\/wp\/v2\/comments?post=14467"}],"version-history":[{"count":2,"href":"https:\/\/www.brundisium.net\/index.php\/wp-json\/wp\/v2\/posts\/14467\/revisions"}],"predecessor-version":[{"id":14529,"href":"https:\/\/www.brundisium.net\/index.php\/wp-json\/wp\/v2\/posts\/14467\/revisions\/14529"}],"wp:featuredmedia":[{"embeddable":true,"href":"https:\/\/www.brundisium.net\/index.php\/wp-json\/wp\/v2\/media\/14468"}],"wp:attachment":[{"href":"https:\/\/www.brundisium.net\/index.php\/wp-json\/wp\/v2\/media?parent=14467"}],"wp:term":[{"taxonomy":"category","embeddable":true,"href":"https:\/\/www.brundisium.net\/index.php\/wp-json\/wp\/v2\/categories?post=14467"},{"taxonomy":"post_tag","embeddable":true,"href":"https:\/\/www.brundisium.net\/index.php\/wp-json\/wp\/v2\/tags?post=14467"}],"curies":[{"name":"wp","href":"https:\/\/api.w.org\/{rel}","templated":true}]}}