{"id":144843,"date":"2018-11-22T17:19:08","date_gmt":"2018-11-22T16:19:08","guid":{"rendered":"http:\/\/www.brundisium.net\/?p=144843"},"modified":"2018-11-22T17:22:37","modified_gmt":"2018-11-22T16:22:37","slug":"144843","status":"publish","type":"post","link":"https:\/\/www.brundisium.net\/index.php\/144843\/","title":{"rendered":"RAS 2018\u201d. Seconda tappa nell\u2019istituto \u201cFlacco\u201d di Brindisi. Ecco chi ha ricevuto altri riconoscimenti e attestati"},"content":{"rendered":"<p><a href=\"http:\/\/www.brundisium.net\/brun\/wp-content\/uploads\/2018\/11\/Foto-RAS-22-nov.jpg\"><img loading=\"lazy\" decoding=\"async\" class=\"alignright size-medium wp-image-144845\" src=\"http:\/\/www.brundisium.net\/brun\/wp-content\/uploads\/2018\/11\/Foto-RAS-22-nov-300x150.jpg\" alt=\"\" width=\"300\" height=\"150\" srcset=\"https:\/\/www.brundisium.net\/brun\/wp-content\/uploads\/2018\/11\/Foto-RAS-22-nov-300x150.jpg 300w, https:\/\/www.brundisium.net\/brun\/wp-content\/uploads\/2018\/11\/Foto-RAS-22-nov-768x384.jpg 768w, https:\/\/www.brundisium.net\/brun\/wp-content\/uploads\/2018\/11\/Foto-RAS-22-nov-1024x512.jpg 1024w\" sizes=\"auto, (max-width: 300px) 100vw, 300px\" \/><\/a><\/p>\n<p>Teatro del secondo appuntamento con la cerimonia di consegna di riconoscimenti RAS, Rassegna Azzurro Salentino, manifestazione giunta alla decima edizione, \u00e8 stato l\u2019Auditorium dell\u2019Istituto Flacco, Marconi, Carnaro di Brindisi.<\/p>\n<p>Una iniziativa organizzata oramai da un decennio dall\u2019Associazione culturale \u201cUlisse\u201d, presieduta dal Cav. Uff. Angelo Ruggiero, in collaborazione con la Prefettura di Brindisi, e il sostegno di Confindustria, ANCE, Umana Venezia e Fondazione San Raffaele. Un evento che \u00e8 accostato gi\u00e0 da alcuni anni al concetto di legalit\u00e0 e alla diffusione dello stesso in tutto il territorio salentino, partendo proprio dalle scuole.<\/p>\n<p>&nbsp;<\/p>\n<p>Presenti in sala gli studenti dell\u2019ultimo anno del loro ciclo di studi, con l\u2019obiettivo di ricevere e diffondere il messaggio della cultura della legalit\u00e0, principalmente al mondo giovanile e studentesco, motore dell\u2019Italia del domani. I relatori e i premiati sono sati accolti splendidamente e amichevolmente dalla dirigente scolastica, prof. Clara Bianco, e da una rappresentanza del Consiglio d\u2019Istituto.<\/p>\n<p>&nbsp;<\/p>\n<p>Sono stati consegnati dei riconoscimenti e delle Menzioni d\u2019Onore ad alcuni imprenditori e personaggi di spicco di Brindisi, Lecce e Taranto e alle loro attivit\u00e0 di promozione del Grande Salento. Ha introdotto la cerimonia l\u2019intervento di S.E., il Prefetto di Brindisi, Valerio Valenti, il quale ha ricordato l\u2019importanza del rispetto della legalit\u00e0, partendo proprio dal progetto \u201cCorretti, non corrotti\u201d sviluppato nelle varie scuole del territorio, attraverso il quale gli studenti sono entrati in contatto con chi la cultura della legalit\u00e0 la affronta ogni giorno con la propria dedizione al rispetto delle regole civili di uan comunit\u00e0.<\/p>\n<p>&nbsp;<\/p>\n<p><a href=\"http:\/\/www.brundisium.net\/brun\/wp-content\/uploads\/2018\/11\/Foto-2-RAS-22-nov.jpg\"><img loading=\"lazy\" decoding=\"async\" class=\"size-medium wp-image-144844 alignleft\" src=\"http:\/\/www.brundisium.net\/brun\/wp-content\/uploads\/2018\/11\/Foto-2-RAS-22-nov-300x150.jpg\" alt=\"\" width=\"300\" height=\"150\" srcset=\"https:\/\/www.brundisium.net\/brun\/wp-content\/uploads\/2018\/11\/Foto-2-RAS-22-nov-300x150.jpg 300w, https:\/\/www.brundisium.net\/brun\/wp-content\/uploads\/2018\/11\/Foto-2-RAS-22-nov-768x384.jpg 768w, https:\/\/www.brundisium.net\/brun\/wp-content\/uploads\/2018\/11\/Foto-2-RAS-22-nov-1024x512.jpg 1024w\" sizes=\"auto, (max-width: 300px) 100vw, 300px\" \/><br \/>\n<\/a>Erano presenti il Procuratore Capo della Repubblica di Brindisi, Antonio De Donno, il direttore di Confindustria Brindisi, Angelo Guarini, il Capitano dei Baschi Verdi, Alessandro Graziano, l\u2019assessore alle attivit\u00e0 produttive del Comune di Brindisi, Oreste Pinto, e tante altre autorit\u00e0 civili e militari.<\/p>\n<p>&nbsp;<\/p>\n<p>Marted\u00ec prossimo, 27 novembre, \u00e8 prevista l\u2019ultima tappa di RAS 2018 presso la sede di Confindustria Brindisi con l\u2019evento \u201csalotto RAS\u201d, per tracciare un bilancio dell\u2019edizione 2018 e per indicare le novit\u00e0 per il 2019.<\/p>\n<p>&nbsp;<\/p>\n<p>Ecco di seguito le eccellenze premiate in questa edizione:<br \/>\n&#8211; Riconoscimento Sanit\u00e0: Dott. Giuseppe Pasqualone, direttore generale Asl di Brindisi<br \/>\n&#8211; Riconoscimento Famiglia imprenditoriale: Sergio Botrugno<br \/>\n&#8211; Riconoscimento Marketing Territoriale Lecce: Pierluigi Valentini<br \/>\n&#8211; Riconoscimento Marketing Territoriale Taranto: Azienda olearia L\u2019Acropoli di Puglia<br \/>\n&#8211; Menzione d\u2019Onore Speciale: Vincenzo Spinelli per Spinelli Caff\u00e8<br \/>\n&#8211; Menzione d\u2019Onore: Luigina Delli Santi per \u201cLe vie en rose\u201d<br \/>\n&#8211; Menzione d\u2019Onore: Francesco Romanelli per l\u2019associazione Remuri<\/p>\n","protected":false},"excerpt":{"rendered":"<p>Teatro del secondo appuntamento con la cerimonia di consegna di riconoscimenti RAS, Rassegna Azzurro Salentino, manifestazione giunta alla decima edizione, \u00e8 stato l\u2019Auditorium dell\u2019Istituto Flacco, Marconi, Carnaro di Brindisi. Una iniziativa organizzata oramai da un decennio dall\u2019Associazione culturale \u201cUlisse\u201d, presieduta dal Cav. Uff. Angelo Ruggiero, in collaborazione con la Prefettura di Brindisi, e il sostegno di Confindustria, ANCE, Umana Venezia e Fondazione San Raffaele. Un evento che \u00e8 accostato gi\u00e0 da alcuni anni al concetto di legalit\u00e0 e alla diffusione dello stesso in tutto il territorio salentino, partendo proprio dalle scuole. &nbsp; Presenti in sala gli studenti dell\u2019ultimo anno del loro ciclo di studi, con l\u2019obiettivo di ricevere e diffondere il messaggio della cultura della legalit\u00e0, principalmente al mondo giovanile e studentesco, motore dell\u2019Italia del domani. I relatori e i premiati sono sati accolti splendidamente e amichevolmente dalla dirigente scolastica, prof. Clara Bianco, e da una rappresentanza del Consiglio d\u2019Istituto. &nbsp; Sono stati consegnati dei riconoscimenti e delle Menzioni d\u2019Onore ad alcuni imprenditori e personaggi di spicco di Brindisi, Lecce&#8230;<\/p>\n","protected":false},"author":2,"featured_media":144845,"comment_status":"open","ping_status":"closed","sticky":false,"template":"","format":"standard","meta":{"footnotes":""},"categories":[7],"tags":[],"class_list":["post-144843","post","type-post","status-publish","format-standard","has-post-thumbnail","hentry","category-news"],"_links":{"self":[{"href":"https:\/\/www.brundisium.net\/index.php\/wp-json\/wp\/v2\/posts\/144843","targetHints":{"allow":["GET"]}}],"collection":[{"href":"https:\/\/www.brundisium.net\/index.php\/wp-json\/wp\/v2\/posts"}],"about":[{"href":"https:\/\/www.brundisium.net\/index.php\/wp-json\/wp\/v2\/types\/post"}],"author":[{"embeddable":true,"href":"https:\/\/www.brundisium.net\/index.php\/wp-json\/wp\/v2\/users\/2"}],"replies":[{"embeddable":true,"href":"https:\/\/www.brundisium.net\/index.php\/wp-json\/wp\/v2\/comments?post=144843"}],"version-history":[{"count":3,"href":"https:\/\/www.brundisium.net\/index.php\/wp-json\/wp\/v2\/posts\/144843\/revisions"}],"predecessor-version":[{"id":144849,"href":"https:\/\/www.brundisium.net\/index.php\/wp-json\/wp\/v2\/posts\/144843\/revisions\/144849"}],"wp:featuredmedia":[{"embeddable":true,"href":"https:\/\/www.brundisium.net\/index.php\/wp-json\/wp\/v2\/media\/144845"}],"wp:attachment":[{"href":"https:\/\/www.brundisium.net\/index.php\/wp-json\/wp\/v2\/media?parent=144843"}],"wp:term":[{"taxonomy":"category","embeddable":true,"href":"https:\/\/www.brundisium.net\/index.php\/wp-json\/wp\/v2\/categories?post=144843"},{"taxonomy":"post_tag","embeddable":true,"href":"https:\/\/www.brundisium.net\/index.php\/wp-json\/wp\/v2\/tags?post=144843"}],"curies":[{"name":"wp","href":"https:\/\/api.w.org\/{rel}","templated":true}]}}