{"id":144875,"date":"2018-11-22T16:51:05","date_gmt":"2018-11-22T15:51:05","guid":{"rendered":"http:\/\/www.brundisium.net\/?p=144875"},"modified":"2018-11-24T15:55:31","modified_gmt":"2018-11-24T14:55:31","slug":"venerdi-convegno-della-pastorale-sociale-su-ambiente-e-lavoro-sviluppo-sostenibile","status":"publish","type":"post","link":"https:\/\/www.brundisium.net\/index.php\/venerdi-convegno-della-pastorale-sociale-su-ambiente-e-lavoro-sviluppo-sostenibile\/","title":{"rendered":"Oggi convegno della Pastorale Sociale su &#8220;Ambiente e Lavoro: sviluppo sostenibile?&#8221;"},"content":{"rendered":"<p>Venerd\u00ec 23 Novembre ore 19,00 presso la Chiesa san Paolo eremita a Brindisi si terr\u00e0 l\u2019incontro organizzato dall\u2019Ufficio per la Pastorale Sociale della Diocesi di Brindisi Ostuni sul tema: \u201cAMBIENTE e LAVORO: SVILUPPO SOSTENIBILE?&#8221;.<\/p>\n<p>&nbsp;<\/p>\n<p>Interverranno: &#8211; prof. Enrico Giovannini, gi\u00e0 Ministro della Repubblica Italiana, Portavoce dell\u2019Alleanza Italiana per lo Sviluppo Sostenibile (ASviS) e professore ordinario di Statistica Economica &#8211; Universit\u00e0 di Roma &#8220;Tor Vergata&#8221;; &#8211; Dott. Angelo Colombini, segretario nazionale confederale CISL Politiche contrattuali del settore industria, artigianato, ambiente, sicurezza e dell\u2019energia; &#8211; Don Bruno Bignami, Direttore CEI Ufficio problemi sociali e lavoro, custodia del creato.<\/p>\n<p>&nbsp;<\/p>\n<p>Porteranno il proprio saluto: &#8211; Ing. Riccardo Rossi, sindaco di Brindisi e presidente della Provincia; &#8211; Dott. Valerio Valenti, Prefetto della Provincia di Brindisi (saluto per iscritto); &#8211; Mr. Michel Bergeron, Director UNGSC Base ONU di Brindisi.<br \/>\nModerer\u00e0 gli interventi la dott.ssa Maria Di Filippo, giornalista.<\/p>\n<p>&nbsp;<\/p>\n<p>Un approfondimento qualificato sul tema di strettissima attualit\u00e0 nel nostro territorio: coniugare Ambiente e Lavoro secondo uno sviluppo integrale e sostenibile.<\/p>\n<p>&nbsp;<\/p>\n<p>A fare da sfondo agli interventi la dottrina sociale della Chiesa con particolare attenzione all\u2019enciclica Laudato si\u2019 e L\u2019Agenda 2030 delle Nazioni Unite con i suoi 17 obbiettivi per lo Sviluppo Sostenibile.<\/p>\n<p>&nbsp;<\/p>\n<p>\u201cCi chiediamo perch\u00e9 non si \u00e8 ancora riusciti a tradurre in pratica quanto \u00e8 scritto nella Costituzione Pastorale Gaudium et spes: \u00abOccorre adattare tutto il processo produttivo alle esigenze della persona e alle sue forme di vita\u00bb (n. 67) e \u2013 possiamo aggiungere con l\u2019Enciclica Laudato si\u2019 \u2013 nel rispetto del creato, nostra casa comune\u201d.<br \/>\nConiugare lo sviluppo con la sostenibilit\u00e0 ambientale, riprendendo le parole di Papa Francesco pronunciate recentemente innanzi ai partecipanti all&#8217;assemblea plenaria della pontificia accademia delle scienze: \u201cMolta strada c\u2019\u00e8 ancora da fare verso uno sviluppo che sia allo stesso tempo integrale e sostenibile. Il superamento della fame e della sete, dell\u2019elevata mortalit\u00e0 e della povert\u00e0, specialmente tra gli ottocento milioni di bisognosi ed esclusi della Terra, non verr\u00e0 raggiunto senza un cambiamento negli stili di vita\u201d.<\/p>\n<p>&nbsp;<\/p>\n<p>Il fatto che la terra e tutte le sue risorse costituiscano eredit\u00e0 comune dell\u2019umanit\u00e0 rappresenta il fondamento dello sviluppo sostenibile dirigendo gli imperativi morali della giustizia, della cooperazione internazionale, della pace, della sicurezza, e del desiderio di elevare il benessere spirituale e materiale delle generazioni presenti e future. Proprio per tale motivo, la Chiesa pone il bene comune universale come fondamento dell\u2019economia, all\u2019etica ed allo sviluppo sostenibile, cio\u00e8 rispettoso del Creato perch\u00e9 ogni uomo ne \u00e8 custode.<\/p>\n<p>&nbsp;<\/p>\n<p>\u00c8 in questa chiave che va letto il messaggio cristiano di solidariet\u00e0 ecologica fra le generazioni, che trova il suo fondamento non solo nell\u2019intrinseca socialit\u00e0 delle persone e neanche nel fatto che la terra \u00e8 un bene di tutti, piuttosto nella carit\u00e0 cristiana. Infatti, San Paolo VI scriveva nella Populorum Progressio: \u201cogni uomo \u00e8 membro della societ\u00e0: appartiene all\u2019umanit\u00e0 intera. Non \u00e8 soltanto questo o quell\u2019uomo, ma tutti gli uomini sono chiamati a tale sviluppo plenario. [\u2026] Eredi delle generazioni passate e beneficiari del lavoro dei nostri contemporanei, noi abbiamo degli obblighi verso tutti, e non possiamo disinteressarci di coloro che verranno dopo di noi ad ingrandire la cerchia della famiglia umana. La solidariet\u00e0 universale, che \u00e8 un fatto e per noi un beneficio, \u00e8 altres\u00ec un dovere\u201d.<\/p>\n<p>&nbsp;<\/p>\n<p>Maggiori info sulla pagina Facebook \u201cPastorale Sociale Brindisi-Ostuni Arcidiocesi&#8221; e all\u2019indirizzo email pastoralesocialebrindisiostuni@gmail.com .<\/p>\n","protected":false},"excerpt":{"rendered":"<p>Venerd\u00ec 23 Novembre ore 19,00 presso la Chiesa san Paolo eremita a Brindisi si terr\u00e0 l\u2019incontro organizzato dall\u2019Ufficio per la Pastorale Sociale della Diocesi di Brindisi Ostuni sul tema: \u201cAMBIENTE e LAVORO: SVILUPPO SOSTENIBILE?&#8221;. &nbsp; Interverranno: &#8211; prof. Enrico Giovannini, gi\u00e0 Ministro della Repubblica Italiana, Portavoce dell\u2019Alleanza Italiana per lo Sviluppo Sostenibile (ASviS) e professore ordinario di Statistica Economica &#8211; Universit\u00e0 di Roma &#8220;Tor Vergata&#8221;; &#8211; Dott. Angelo Colombini, segretario nazionale confederale CISL Politiche contrattuali del settore industria, artigianato, ambiente, sicurezza e dell\u2019energia; &#8211; Don Bruno Bignami, Direttore CEI Ufficio problemi sociali e lavoro, custodia del creato. &nbsp; Porteranno il proprio saluto: &#8211; Ing. Riccardo Rossi, sindaco di Brindisi e presidente della Provincia; &#8211; Dott. Valerio Valenti, Prefetto della Provincia di Brindisi (saluto per iscritto); &#8211; Mr. Michel Bergeron, Director UNGSC Base ONU di Brindisi. Moderer\u00e0 gli interventi la dott.ssa Maria Di Filippo, giornalista. &nbsp; Un approfondimento qualificato sul tema di strettissima attualit\u00e0 nel nostro territorio: coniugare Ambiente e Lavoro secondo uno sviluppo integrale e sostenibile. &nbsp; A fare da&#8230;<\/p>\n","protected":false},"author":2,"featured_media":144879,"comment_status":"open","ping_status":"closed","sticky":false,"template":"","format":"standard","meta":{"footnotes":""},"categories":[7],"tags":[],"class_list":["post-144875","post","type-post","status-publish","format-standard","has-post-thumbnail","hentry","category-news"],"_links":{"self":[{"href":"https:\/\/www.brundisium.net\/index.php\/wp-json\/wp\/v2\/posts\/144875","targetHints":{"allow":["GET"]}}],"collection":[{"href":"https:\/\/www.brundisium.net\/index.php\/wp-json\/wp\/v2\/posts"}],"about":[{"href":"https:\/\/www.brundisium.net\/index.php\/wp-json\/wp\/v2\/types\/post"}],"author":[{"embeddable":true,"href":"https:\/\/www.brundisium.net\/index.php\/wp-json\/wp\/v2\/users\/2"}],"replies":[{"embeddable":true,"href":"https:\/\/www.brundisium.net\/index.php\/wp-json\/wp\/v2\/comments?post=144875"}],"version-history":[{"count":2,"href":"https:\/\/www.brundisium.net\/index.php\/wp-json\/wp\/v2\/posts\/144875\/revisions"}],"predecessor-version":[{"id":144911,"href":"https:\/\/www.brundisium.net\/index.php\/wp-json\/wp\/v2\/posts\/144875\/revisions\/144911"}],"wp:featuredmedia":[{"embeddable":true,"href":"https:\/\/www.brundisium.net\/index.php\/wp-json\/wp\/v2\/media\/144879"}],"wp:attachment":[{"href":"https:\/\/www.brundisium.net\/index.php\/wp-json\/wp\/v2\/media?parent=144875"}],"wp:term":[{"taxonomy":"category","embeddable":true,"href":"https:\/\/www.brundisium.net\/index.php\/wp-json\/wp\/v2\/categories?post=144875"},{"taxonomy":"post_tag","embeddable":true,"href":"https:\/\/www.brundisium.net\/index.php\/wp-json\/wp\/v2\/tags?post=144875"}],"curies":[{"name":"wp","href":"https:\/\/api.w.org\/{rel}","templated":true}]}}