{"id":145295,"date":"2018-11-30T01:29:18","date_gmt":"2018-11-30T00:29:18","guid":{"rendered":"http:\/\/www.brundisium.net\/?p=145295"},"modified":"2018-11-30T01:32:15","modified_gmt":"2018-11-30T00:32:15","slug":"il-comune-di-brindisi-stabilizza-altri-38-lavoratori-socialmente-utili","status":"publish","type":"post","link":"https:\/\/www.brundisium.net\/index.php\/il-comune-di-brindisi-stabilizza-altri-38-lavoratori-socialmente-utili\/","title":{"rendered":"Il Comune di Brindisi stabilizza altri 38 Lavoratori socialmente utili. Soddisfatti i sindacati"},"content":{"rendered":"<p>Oggi, 29 novembre, la giunta comunale ha deliberato la stabilizzazione degli ultimi Lavoratori socialmente utili concludendo cos\u00ec l\u2019iter gi\u00e0 avviato prima con 22 lavoratori ed ora con ulteriori 38. Nei prossimi giorni, utilizzando fondi regionali, saranno siglati i contratti.<\/p>\n<p>\u201cLa nostra intenzione &#8211; ha spiegato il sindaco Riccardo Rossi &#8211; era quella di completare la stabilizzazione entro il 2018 per tutta la platea storica. Durante le precedenti amministrazioni avevo pi\u00f9 volte sollecitato questa necessit\u00e0 che, purtroppo, \u00e8 rimasta una richiesta inascoltata. Oggi abbiamo raggiunto questo obiettivo insieme ad altri che ci eravamo prefissati, dalle risorse aggiuntive stanziate per garantire al meglio il servizio di integrazione scolastica all\u2019accordo raggiunto sul monte ore per i lavoratori impegnati nel servizio della mensa scolastica che ha comportato un risparmio per le famiglie che, infatti, ha portato all\u2019aumento del 10 per cento dei pasti per gli scolari, fino al concorso della Brindisi Multiservizi con cui rispondiamo ad un\u2019esigenza concreta di lavoro. Credo che siano risultati importanti\u201d.<\/p>\n<p> I 38 Lsu avranno contratti part time di categoria A. <\/p>\n<p>In una nota congiunta  i Segretari Generali di CGIL, CISL e UIL esprimono soddisfazione per l&#8217;importante risultato raggiunto.<br \/>\n&#8220;Finalmente le organizzazioni sindacali CGIL \u2013 CISL \u2013 UIL sono state ascoltate dopo lunghi anni di lotte e manifestazioni, grazie alla sensibilit\u00e0 Istituzionale dimostrata dall\u2019attuale Giunta Comunale.<\/p>\n<p>\tTale risultato contribuir\u00e0 a migliorare la macchina organizzativa del Comune di Brindisi in termini di efficacia ed efficienza dei servizi da erogare ai cittadini-utenti.<\/p>\n<p>\tA questo punto, le scriventi OO.SS. chiederanno con forza che anche gli altri Enti della Provincia di Brindisi (Comuni, Autorit\u00e0 portuale e Provincia) procedano con immediatezza a stabilizzare i Lavoratori Socialmente Utili in servizio che vivono da pi\u00f9 di un lustro nel limbo della precariet\u00e0.<\/p>\n<p>Basta con il precariato!<\/p>\n<p>Tutte le Amministrazioni devono garantire la pari dignit\u00e0 dei lavoratori, superando il dumping contrattuale presente sui posti di lavoro, garantendo l\u2019esigibilit\u00e0 dei contratti collettivi di riferimento.<\/p>\n<p>Resta inteso, che le confederazioni CGIL \u2013 CISL \u2013 UIL continueranno a porre in essere ogni utile iniziativa finalizzata al raggiungimento della stabilizzazione di tutti i lavoratori socialmente utili.&#8221;<\/p>\n","protected":false},"excerpt":{"rendered":"<p>Oggi, 29 novembre, la giunta comunale ha deliberato la stabilizzazione degli ultimi Lavoratori socialmente utili concludendo cos\u00ec l\u2019iter gi\u00e0 avviato prima con 22 lavoratori ed ora con ulteriori 38. Nei prossimi giorni, utilizzando fondi regionali, saranno siglati i contratti. \u201cLa nostra intenzione &#8211; ha spiegato il sindaco Riccardo Rossi &#8211; era quella di completare la stabilizzazione entro il 2018 per tutta la platea storica. Durante le precedenti amministrazioni avevo pi\u00f9 volte sollecitato questa necessit\u00e0 che, purtroppo, \u00e8 rimasta una richiesta inascoltata. Oggi abbiamo raggiunto questo obiettivo insieme ad altri che ci eravamo prefissati, dalle risorse aggiuntive stanziate per garantire al meglio il servizio di integrazione scolastica all\u2019accordo raggiunto sul monte ore per i lavoratori impegnati nel servizio della mensa scolastica che ha comportato un risparmio per le famiglie che, infatti, ha portato all\u2019aumento del 10 per cento dei pasti per gli scolari, fino al concorso della Brindisi Multiservizi con cui rispondiamo ad un\u2019esigenza concreta di lavoro. Credo che siano risultati importanti\u201d. I 38 Lsu avranno contratti part time di categoria&#8230;<\/p>\n","protected":false},"author":2,"featured_media":122175,"comment_status":"open","ping_status":"closed","sticky":false,"template":"","format":"standard","meta":{"footnotes":""},"categories":[7],"tags":[],"class_list":["post-145295","post","type-post","status-publish","format-standard","has-post-thumbnail","hentry","category-news"],"_links":{"self":[{"href":"https:\/\/www.brundisium.net\/index.php\/wp-json\/wp\/v2\/posts\/145295","targetHints":{"allow":["GET"]}}],"collection":[{"href":"https:\/\/www.brundisium.net\/index.php\/wp-json\/wp\/v2\/posts"}],"about":[{"href":"https:\/\/www.brundisium.net\/index.php\/wp-json\/wp\/v2\/types\/post"}],"author":[{"embeddable":true,"href":"https:\/\/www.brundisium.net\/index.php\/wp-json\/wp\/v2\/users\/2"}],"replies":[{"embeddable":true,"href":"https:\/\/www.brundisium.net\/index.php\/wp-json\/wp\/v2\/comments?post=145295"}],"version-history":[{"count":3,"href":"https:\/\/www.brundisium.net\/index.php\/wp-json\/wp\/v2\/posts\/145295\/revisions"}],"predecessor-version":[{"id":145300,"href":"https:\/\/www.brundisium.net\/index.php\/wp-json\/wp\/v2\/posts\/145295\/revisions\/145300"}],"wp:featuredmedia":[{"embeddable":true,"href":"https:\/\/www.brundisium.net\/index.php\/wp-json\/wp\/v2\/media\/122175"}],"wp:attachment":[{"href":"https:\/\/www.brundisium.net\/index.php\/wp-json\/wp\/v2\/media?parent=145295"}],"wp:term":[{"taxonomy":"category","embeddable":true,"href":"https:\/\/www.brundisium.net\/index.php\/wp-json\/wp\/v2\/categories?post=145295"},{"taxonomy":"post_tag","embeddable":true,"href":"https:\/\/www.brundisium.net\/index.php\/wp-json\/wp\/v2\/tags?post=145295"}],"curies":[{"name":"wp","href":"https:\/\/api.w.org\/{rel}","templated":true}]}}