{"id":147039,"date":"2018-12-27T17:26:19","date_gmt":"2018-12-27T16:26:19","guid":{"rendered":"http:\/\/www.brundisium.net\/?p=147039"},"modified":"2018-12-27T17:26:19","modified_gmt":"2018-12-27T16:26:19","slug":"consiglio-provinciale-approvati-tutti-i-punti-allidg","status":"publish","type":"post","link":"https:\/\/www.brundisium.net\/index.php\/consiglio-provinciale-approvati-tutti-i-punti-allidg\/","title":{"rendered":"Consiglio provinciale: approvati tutti i punti all\u2019idg"},"content":{"rendered":"<p><a href=\"http:\/\/www.brundisium.net\/brun\/wp-content\/uploads\/2018\/12\/Foto-Consiglio-provinciale.jpg\"><img loading=\"lazy\" decoding=\"async\" src=\"http:\/\/www.brundisium.net\/brun\/wp-content\/uploads\/2018\/12\/Foto-Consiglio-provinciale-300x150.jpg\" alt=\"\" width=\"300\" height=\"150\" class=\"alignright size-medium wp-image-147041\" srcset=\"https:\/\/www.brundisium.net\/brun\/wp-content\/uploads\/2018\/12\/Foto-Consiglio-provinciale-300x150.jpg 300w, https:\/\/www.brundisium.net\/brun\/wp-content\/uploads\/2018\/12\/Foto-Consiglio-provinciale-768x384.jpg 768w, https:\/\/www.brundisium.net\/brun\/wp-content\/uploads\/2018\/12\/Foto-Consiglio-provinciale-1024x512.jpg 1024w\" sizes=\"auto, (max-width: 300px) 100vw, 300px\" \/><\/a>Nell\u2019odierna seduta del Consiglio provinciale, l\u2019ultima dell\u2019anno 2018, sono stati approvati tutti i punti all\u2019odg, tra cui l\u2019affidamento in Convenzione alla Societ\u00e0 Teresa spa del servizio di \u201cGestione Entrate\u201d e il riconoscimento di alcuni debiti fuori bilancio per interventi urgenti eseguiti dalla Santa Teresa spa su alcune strade provinciali, sia per le nevicate del gennaio 2017, sia lavori di manutenzione del verde della rete stradale provinciale del dicembre 2017.  Approvato anche il Piano di Razionalizzazione delle partecipazioni societarie della Provincia di Brindisi, cos\u00ec come da art.20 D.Lvo n.175\/2016, con la dismissione delle quote dell\u2019Ente in seno al Ciasu di Fasano, in quanto non rispondente pi\u00f9 a quanto normato dal Decreto \u201cMadia\u201d sulle partecipate.<br \/>\n\u201cQuesto consiglio provinciale \u2013 ha dichiarato il presidente Riccardo Rossi \u2013 \u00e8 stato convocato per alcuni argomenti molto importanti. Intanto, c\u2019era l\u2019adempimento di alcuni passaggi istituzionali che  la \u2018Legge Madia\u2019 ci chiedeva, in riferimento soprattutto all\u2019approvazione del piano di razionalizzazione delle nostre partecipate e noi, da parte nostra, abbiamo confermato tutte le partecipate dell\u2019Ente, con l\u2019avvio di una fase di dismissione, gi\u00e0 previsto, delle nostre quote concernenti il Ciasu. Per la Santa Teresa, invece, ci sono stati durante l\u2019assise consiliare l\u2019affidamento, in convenzione, della nuova Gestione del Servizio Entrate, e il riconoscimento di alcuni debiti fuori bilancio per lavori eseguiti nel 2017 su alcune arterie provinciali. In merito alla Santa Teresa, in generale, ribadisco che certamente la situazione, pur rimanendo non  facile perch\u00e9 non sono stati sciolti ancora i nodi del Governo per il futuro delle Province e per le attribuzioni di risorse, \u00e8 meno grave rispetto al passato, grazie ad alcuni affidamenti di lavori gi\u00e0 deliberati. Per questo guardiamo al futuro con fiducia e ottimismo\u201d.<\/p>\n","protected":false},"excerpt":{"rendered":"<p>Nell\u2019odierna seduta del Consiglio provinciale, l\u2019ultima dell\u2019anno 2018, sono stati approvati tutti i punti all\u2019odg, tra cui l\u2019affidamento in Convenzione alla Societ\u00e0 Teresa spa del servizio di \u201cGestione Entrate\u201d e il riconoscimento di alcuni debiti fuori bilancio per interventi urgenti eseguiti dalla Santa Teresa spa su alcune strade provinciali, sia per le nevicate del gennaio 2017, sia lavori di manutenzione del verde della rete stradale provinciale del dicembre 2017. Approvato anche il Piano di Razionalizzazione delle partecipazioni societarie della Provincia di Brindisi, cos\u00ec come da art.20 D.Lvo n.175\/2016, con la dismissione delle quote dell\u2019Ente in seno al Ciasu di Fasano, in quanto non rispondente pi\u00f9 a quanto normato dal Decreto \u201cMadia\u201d sulle partecipate. \u201cQuesto consiglio provinciale \u2013 ha dichiarato il presidente Riccardo Rossi \u2013 \u00e8 stato convocato per alcuni argomenti molto importanti. Intanto, c\u2019era l\u2019adempimento di alcuni passaggi istituzionali che la \u2018Legge Madia\u2019 ci chiedeva, in riferimento soprattutto all\u2019approvazione del piano di razionalizzazione delle nostre partecipate e noi, da parte nostra, abbiamo confermato tutte le partecipate dell\u2019Ente, con l\u2019avvio di&#8230;<\/p>\n","protected":false},"author":2,"featured_media":147040,"comment_status":"open","ping_status":"closed","sticky":false,"template":"","format":"standard","meta":{"footnotes":""},"categories":[7],"tags":[],"class_list":["post-147039","post","type-post","status-publish","format-standard","has-post-thumbnail","hentry","category-news"],"_links":{"self":[{"href":"https:\/\/www.brundisium.net\/index.php\/wp-json\/wp\/v2\/posts\/147039","targetHints":{"allow":["GET"]}}],"collection":[{"href":"https:\/\/www.brundisium.net\/index.php\/wp-json\/wp\/v2\/posts"}],"about":[{"href":"https:\/\/www.brundisium.net\/index.php\/wp-json\/wp\/v2\/types\/post"}],"author":[{"embeddable":true,"href":"https:\/\/www.brundisium.net\/index.php\/wp-json\/wp\/v2\/users\/2"}],"replies":[{"embeddable":true,"href":"https:\/\/www.brundisium.net\/index.php\/wp-json\/wp\/v2\/comments?post=147039"}],"version-history":[{"count":1,"href":"https:\/\/www.brundisium.net\/index.php\/wp-json\/wp\/v2\/posts\/147039\/revisions"}],"predecessor-version":[{"id":147042,"href":"https:\/\/www.brundisium.net\/index.php\/wp-json\/wp\/v2\/posts\/147039\/revisions\/147042"}],"wp:featuredmedia":[{"embeddable":true,"href":"https:\/\/www.brundisium.net\/index.php\/wp-json\/wp\/v2\/media\/147040"}],"wp:attachment":[{"href":"https:\/\/www.brundisium.net\/index.php\/wp-json\/wp\/v2\/media?parent=147039"}],"wp:term":[{"taxonomy":"category","embeddable":true,"href":"https:\/\/www.brundisium.net\/index.php\/wp-json\/wp\/v2\/categories?post=147039"},{"taxonomy":"post_tag","embeddable":true,"href":"https:\/\/www.brundisium.net\/index.php\/wp-json\/wp\/v2\/tags?post=147039"}],"curies":[{"name":"wp","href":"https:\/\/api.w.org\/{rel}","templated":true}]}}