{"id":147095,"date":"2018-12-28T09:05:48","date_gmt":"2018-12-28T08:05:48","guid":{"rendered":"http:\/\/www.brundisium.net\/?p=147095"},"modified":"2018-12-28T14:07:24","modified_gmt":"2018-12-28T13:07:24","slug":"joseph-durso-dalla-trasmissione-rai-prodigi-al-museo-di-ostuni","status":"publish","type":"post","link":"https:\/\/www.brundisium.net\/index.php\/joseph-durso-dalla-trasmissione-rai-prodigi-al-museo-di-ostuni\/","title":{"rendered":"Joseph D&#8217;Urso dalla trasmissione Rai Prodigi al Museo di Ostuni"},"content":{"rendered":"<p>Domenica prossima 30 dicembre alle 19:30 la Chiesa di San Vito Martire nel Centro storico di Ostuni ospiter\u00e0 il concerto \u201cFantasie di fine anno\u201d con la partecipazione straordinaria del giovanissimo pianista Joseph D\u2019Urso reduce dalla partecipazione alla trasmissione di Rai 1, \u201cProdigi\u201d.<br \/>\nJoseph D\u2019Urso eseguir\u00e0 al pianoforte alcuni brani di Chopin ed un Medley di canzoni natalizie.<br \/>\nAl suo fianco ci saranno artisti affermati come la pianista Paola Negro (Adeste Fideles), il baritono Andrea Scigliuzzo (\u201cAve Maria\u201d di Gounod, \u201cNon pi\u00f9 andrai farfallone amoroso\u201d di Mozart e White Christmas) ed il soprano Tiziana Vitale (Ninna Nanna di Bhrams, Carmen, Signore ascolta, Stille Nacht e Fermarono i cieli). L\u2019ingresso al concerto sar\u00e0 gratuito fino ad esaurimento posti.<br \/>\n\u201cSiamo davvero felici di ospitare un talento puro come quello di Joseph D\u2019Urso \u201c spiega il presidente dell\u2019Istituzione Museo, Michele Conte \u201cgrazie alla disponibilit\u00e0 della sua famiglia siamo riusciti ad avere la presenza di Joseph ed alcuni artisti che lo accompagneranno in una serata che chiuder\u00e0 nel migliore dei modi un 2018 da record per il Museo di Ostuni\u201d.<br \/>\nJoseph D\u2019Urso, 11enne di San Michele Salentino (Brindisi) \u00e8 un pianista provetto. I primi a notarlo sono stati quelli di Little Big Show, il programma di Canale 5 dedicato ai baby talenti. L\u2019anno scorso ha lasciato tutti a bocca aperta, specie quando si \u00e8 saputo dei brani che ha composto e continua a comporre. La sua insegnante \u2013 la prof.ssa Rossella Ricci \u2013 lo descrive come \u201cun concentrato di sensibilit\u00e0, talento, curiosit\u00e0, intelligenza e genialit\u00e0 spiccata\u201d.<br \/>\nJoseph incontra il pianoforte, per la prima volta, da piccolo, a casa dei nonni: nessun musicista professionista, solo autodidatti, ma quel suono che emette il piano gli piace cos\u00ec tanto che, appena pu\u00f2, si siede sul panchetto per spingere i tasti. I genitori intuiscono le sue doti e a soli 5 anni lo iscrivono a lezioni private. L\u2019anno successivo Joseph inizia il Conservatorio dove studia tutt\u2019ora, anche \u201ccomposizione\u201d. Comporre per Joseph \u00e8 una passione e ha gi\u00e0 scritto vari brani. Suona nella \u201cGiovane Orchestra Ionica\u201d, che si esibisce in tutta la Puglia. Sogna di potersi esibire e suonare i suoi brani a La Scala di Milano. I suoi modelli sono Chopin e Rachmaninov, spesso ne esegue i brani mescolandoli con quelli di Freddy Mercury, suo grandissimo idolo.<\/p>\n","protected":false},"excerpt":{"rendered":"<p>Domenica prossima 30 dicembre alle 19:30 la Chiesa di San Vito Martire nel Centro storico di Ostuni ospiter\u00e0 il concerto \u201cFantasie di fine anno\u201d con la partecipazione straordinaria del giovanissimo pianista Joseph D\u2019Urso reduce dalla partecipazione alla trasmissione di Rai 1, \u201cProdigi\u201d. Joseph D\u2019Urso eseguir\u00e0 al pianoforte alcuni brani di Chopin ed un Medley di canzoni natalizie. Al suo fianco ci saranno artisti affermati come la pianista Paola Negro (Adeste Fideles), il baritono Andrea Scigliuzzo (\u201cAve Maria\u201d di Gounod, \u201cNon pi\u00f9 andrai farfallone amoroso\u201d di Mozart e White Christmas) ed il soprano Tiziana Vitale (Ninna Nanna di Bhrams, Carmen, Signore ascolta, Stille Nacht e Fermarono i cieli). L\u2019ingresso al concerto sar\u00e0 gratuito fino ad esaurimento posti. \u201cSiamo davvero felici di ospitare un talento puro come quello di Joseph D\u2019Urso \u201c spiega il presidente dell\u2019Istituzione Museo, Michele Conte \u201cgrazie alla disponibilit\u00e0 della sua famiglia siamo riusciti ad avere la presenza di Joseph ed alcuni artisti che lo accompagneranno in una serata che chiuder\u00e0 nel migliore dei modi un 2018 da record&#8230;<\/p>\n","protected":false},"author":2,"featured_media":147097,"comment_status":"open","ping_status":"closed","sticky":false,"template":"","format":"standard","meta":{"footnotes":""},"categories":[7],"tags":[],"class_list":["post-147095","post","type-post","status-publish","format-standard","has-post-thumbnail","hentry","category-news"],"_links":{"self":[{"href":"https:\/\/www.brundisium.net\/index.php\/wp-json\/wp\/v2\/posts\/147095","targetHints":{"allow":["GET"]}}],"collection":[{"href":"https:\/\/www.brundisium.net\/index.php\/wp-json\/wp\/v2\/posts"}],"about":[{"href":"https:\/\/www.brundisium.net\/index.php\/wp-json\/wp\/v2\/types\/post"}],"author":[{"embeddable":true,"href":"https:\/\/www.brundisium.net\/index.php\/wp-json\/wp\/v2\/users\/2"}],"replies":[{"embeddable":true,"href":"https:\/\/www.brundisium.net\/index.php\/wp-json\/wp\/v2\/comments?post=147095"}],"version-history":[{"count":1,"href":"https:\/\/www.brundisium.net\/index.php\/wp-json\/wp\/v2\/posts\/147095\/revisions"}],"predecessor-version":[{"id":147098,"href":"https:\/\/www.brundisium.net\/index.php\/wp-json\/wp\/v2\/posts\/147095\/revisions\/147098"}],"wp:featuredmedia":[{"embeddable":true,"href":"https:\/\/www.brundisium.net\/index.php\/wp-json\/wp\/v2\/media\/147097"}],"wp:attachment":[{"href":"https:\/\/www.brundisium.net\/index.php\/wp-json\/wp\/v2\/media?parent=147095"}],"wp:term":[{"taxonomy":"category","embeddable":true,"href":"https:\/\/www.brundisium.net\/index.php\/wp-json\/wp\/v2\/categories?post=147095"},{"taxonomy":"post_tag","embeddable":true,"href":"https:\/\/www.brundisium.net\/index.php\/wp-json\/wp\/v2\/tags?post=147095"}],"curies":[{"name":"wp","href":"https:\/\/api.w.org\/{rel}","templated":true}]}}