{"id":147130,"date":"2018-12-29T11:28:15","date_gmt":"2018-12-29T10:28:15","guid":{"rendered":"http:\/\/www.brundisium.net\/?p=147130"},"modified":"2018-12-29T14:33:53","modified_gmt":"2018-12-29T13:33:53","slug":"umberto-ribezzi-designato-coordinatore-cittadino-di-puglia-popolare","status":"publish","type":"post","link":"https:\/\/www.brundisium.net\/index.php\/umberto-ribezzi-designato-coordinatore-cittadino-di-puglia-popolare\/","title":{"rendered":"Umberto Ribezzi designato Coordinatore Cittadino di Puglia Popolare"},"content":{"rendered":"<p>Umberto Ribezzi \u00e8 stato designato Coordinatore Cittadino del Movimento Puglia Popolare nella citt\u00e0 di Brindisi.<\/p>\n<p>All&#8217;amico Umberto, di cui sono note le qualit\u00e0 umane e politiche, l&#8217;intero Movimento non far\u00e0 mancare il proprio sostegno per favorire il radicamento di Puglia Popolare anche nella citt\u00e0 di Brindisi. <\/p>\n<p>Una volta insediato i Coordinamento Cittadino sar\u00e0 organizzata una iniziativa nel capoluogo salentino con la presenza del Senatore Massimo CASSANO, del Vice Coordinatore Regionale Giuseppe CAVALLO, dell&#8217;Assessore Regionale Giovanni STEA e del Coordinatore Provinciale Giuseppe BAGNULO.<\/p>\n<p>Tanto a dimostrazione del sostegno che Puglia Popolare vuole dare alla citt\u00e0 di Brindisi tutt&#8217;ora priva di una propria rappresentanza in seno al Consiglio Regionale.<\/p>\n<p>L&#8217;Ufficio Stampa Puglia Popolare<\/p>\n","protected":false},"excerpt":{"rendered":"<p>Umberto Ribezzi \u00e8 stato designato Coordinatore Cittadino del Movimento Puglia Popolare nella citt\u00e0 di Brindisi. All&#8217;amico Umberto, di cui sono note le qualit\u00e0 umane e politiche, l&#8217;intero Movimento non far\u00e0 mancare il proprio sostegno per favorire il radicamento di Puglia Popolare anche nella citt\u00e0 di Brindisi. Una volta insediato i Coordinamento Cittadino sar\u00e0 organizzata una iniziativa nel capoluogo salentino con la presenza del Senatore Massimo CASSANO, del Vice Coordinatore Regionale Giuseppe CAVALLO, dell&#8217;Assessore Regionale Giovanni STEA e del Coordinatore Provinciale Giuseppe BAGNULO. Tanto a dimostrazione del sostegno che Puglia Popolare vuole dare alla citt\u00e0 di Brindisi tutt&#8217;ora priva di una propria rappresentanza in seno al Consiglio Regionale. L&#8217;Ufficio Stampa Puglia Popolare<\/p>\n","protected":false},"author":2,"featured_media":139045,"comment_status":"open","ping_status":"closed","sticky":false,"template":"","format":"standard","meta":{"footnotes":""},"categories":[7],"tags":[],"class_list":["post-147130","post","type-post","status-publish","format-standard","has-post-thumbnail","hentry","category-news"],"_links":{"self":[{"href":"https:\/\/www.brundisium.net\/index.php\/wp-json\/wp\/v2\/posts\/147130","targetHints":{"allow":["GET"]}}],"collection":[{"href":"https:\/\/www.brundisium.net\/index.php\/wp-json\/wp\/v2\/posts"}],"about":[{"href":"https:\/\/www.brundisium.net\/index.php\/wp-json\/wp\/v2\/types\/post"}],"author":[{"embeddable":true,"href":"https:\/\/www.brundisium.net\/index.php\/wp-json\/wp\/v2\/users\/2"}],"replies":[{"embeddable":true,"href":"https:\/\/www.brundisium.net\/index.php\/wp-json\/wp\/v2\/comments?post=147130"}],"version-history":[{"count":1,"href":"https:\/\/www.brundisium.net\/index.php\/wp-json\/wp\/v2\/posts\/147130\/revisions"}],"predecessor-version":[{"id":147131,"href":"https:\/\/www.brundisium.net\/index.php\/wp-json\/wp\/v2\/posts\/147130\/revisions\/147131"}],"wp:featuredmedia":[{"embeddable":true,"href":"https:\/\/www.brundisium.net\/index.php\/wp-json\/wp\/v2\/media\/139045"}],"wp:attachment":[{"href":"https:\/\/www.brundisium.net\/index.php\/wp-json\/wp\/v2\/media?parent=147130"}],"wp:term":[{"taxonomy":"category","embeddable":true,"href":"https:\/\/www.brundisium.net\/index.php\/wp-json\/wp\/v2\/categories?post=147130"},{"taxonomy":"post_tag","embeddable":true,"href":"https:\/\/www.brundisium.net\/index.php\/wp-json\/wp\/v2\/tags?post=147130"}],"curies":[{"name":"wp","href":"https:\/\/api.w.org\/{rel}","templated":true}]}}