{"id":147386,"date":"2019-01-03T19:16:23","date_gmt":"2019-01-03T18:16:23","guid":{"rendered":"http:\/\/www.brundisium.net\/?p=147386"},"modified":"2019-01-03T19:16:23","modified_gmt":"2019-01-03T18:16:23","slug":"dopo-50-anni-secondo-chiude-grazie-a-tutti","status":"publish","type":"post","link":"https:\/\/www.brundisium.net\/index.php\/dopo-50-anni-secondo-chiude-grazie-a-tutti\/","title":{"rendered":"Dopo 50 anni \u201cSecondo\u201d chiude: grazie a tutti !"},"content":{"rendered":"<p><a href=\"http:\/\/www.brundisium.net\/brun\/wp-content\/uploads\/2019\/01\/Secondo_31dicembre3.jpg\"><img loading=\"lazy\" decoding=\"async\" class=\"alignright size-medium wp-image-147390\" src=\"http:\/\/www.brundisium.net\/brun\/wp-content\/uploads\/2019\/01\/Secondo_31dicembre3-300x212.jpg\" alt=\"\" width=\"300\" height=\"212\" srcset=\"https:\/\/www.brundisium.net\/brun\/wp-content\/uploads\/2019\/01\/Secondo_31dicembre3-300x212.jpg 300w, https:\/\/www.brundisium.net\/brun\/wp-content\/uploads\/2019\/01\/Secondo_31dicembre3-768x544.jpg 768w, https:\/\/www.brundisium.net\/brun\/wp-content\/uploads\/2019\/01\/Secondo_31dicembre3-1024x725.jpg 1024w, https:\/\/www.brundisium.net\/brun\/wp-content\/uploads\/2019\/01\/Secondo_31dicembre3.jpg 1097w\" sizes=\"auto, (max-width: 300px) 100vw, 300px\" \/><\/a><\/p>\n<p><em>8 Settembre 1968-8 Settembre 2018 dopo cinquanta anni di attivit\u00e0 commerciale il 31 dicembre ha chiuso i battenti \u201cVery Boutique &#8211; Secondo Moda\u201d negozio storico della citt\u00e0 di Brindisi. Sorto su corso Garibaldi 94 col nome di \u201cSecondo moda\u201d col tempo divenuto \u201cPaul&amp;Shark\u201d ed infine negli ultimi vent\u2019anni \u201cVery Boutique\u201d su Corso Umberto I. Un\u2019attivit\u00e0 commerciale all\u2019insegna dello Stile, dell\u2019eleganza, dell\u2019Alta moda, della vocazione commerciale di Secondo Baldacci che lo ha gestito fino a due anni e mezzo fa e di Rosanna sua moglie che lo ha seguito, continuando nell\u2019attivit\u00e0, anche dopo la sua prematura assenza. Dopo 50 anni, senza alcuna presunzione, finisce un percorso importante della storia del commercio Brindisino. E poich\u00e9 una storia importante e bella non la si costruisce da soli oggi \u00e8 giusto fare i dovuti ringraziamenti. Ci tiene a farli Danila Baldacci, \u201cla figlia di Secondo\u201d.<\/em><\/p>\n<p>&nbsp;<\/p>\n<p><a href=\"http:\/\/www.brundisium.net\/brun\/wp-content\/uploads\/2019\/01\/Secondo-Baldacci35.jpg\"><img loading=\"lazy\" decoding=\"async\" class=\"size-medium wp-image-147389 alignleft\" src=\"http:\/\/www.brundisium.net\/brun\/wp-content\/uploads\/2019\/01\/Secondo-Baldacci35-300x188.jpg\" alt=\"\" width=\"300\" height=\"188\" srcset=\"https:\/\/www.brundisium.net\/brun\/wp-content\/uploads\/2019\/01\/Secondo-Baldacci35-300x188.jpg 300w, https:\/\/www.brundisium.net\/brun\/wp-content\/uploads\/2019\/01\/Secondo-Baldacci35-768x481.jpg 768w, https:\/\/www.brundisium.net\/brun\/wp-content\/uploads\/2019\/01\/Secondo-Baldacci35-1024x642.jpg 1024w, https:\/\/www.brundisium.net\/brun\/wp-content\/uploads\/2019\/01\/Secondo-Baldacci35-112x70.jpg 112w, https:\/\/www.brundisium.net\/brun\/wp-content\/uploads\/2019\/01\/Secondo-Baldacci35.jpg 1710w\" sizes=\"auto, (max-width: 300px) 100vw, 300px\" \/><\/a>\u201cI ringraziamenti non sono solo dovuti, ma sono fatti con un cuore carico di tutto ci\u00f2 che \u00e8 stato bello negli anni condividere con tanti volti avvicendatisi. Ringrazio innanzitutto la citt\u00e0 di Brindisi, nel particolare il Centro che ha accolto quest\u2019attivit\u00e0 commerciale; ringrazio tutti i clienti che si sono susseguiti negli anni, dall\u2019Italia e dalla Grecia, professionisti e gente comune, e i fedelissimi che fino ad oggi hanno fatto in modo che l\u2019attivit\u00e0 proseguisse.<\/p>\n<p>Senza uno staff serio e professionale poi non si raggiunge la meta e allora, forse non ricorder\u00f2 tutti i nomi, ma quelli importanti s\u00ec, ringrazio Rossella, Lucia, Mary, Elda, Luana, Stefania, Melania, Monica, in particolare chi negli ultimi anni ha dato il meglio nel seguire gli insegnamenti ricevuti: Sabrina Convertino, Antonella Caputo, Mara Pagone, grandi lavoratrici e con una professionalit\u00e0 che nel commercio ormai pochi hanno. Ringrazio le sarte storiche Liliana ed Emilia Bari, quest\u2019ultima sempre pronta a dare una mano. Un grazie speciale allo Studio Branca, in particolare a Barbara e Annalisa che negli ultimi anni mi hanno supportato e sopportato in materia di adempimenti fiscali ed allo Studio Franchin di consulenza del lavoro nelle persone di Maurizio e Valeria.<\/p>\n<p>Infine non per ultima, ma perch\u00e9 pi\u00f9 importante ringrazio di cuore mia madre Rosanna che pur vivendo un\u2019assenza importante come quella di Secondo, ha dato il meglio di s\u00e8 per continuare l\u2019attivit\u00e0 commerciale negli ultimi anni e che ora godr\u00e0 del meritato riposo! Ringrazio i colleghi commercianti di Corso Garibaldi corso Umberto, quelli con cui negli anni si \u00e9 lavorato all\u2019insegna della collaborazione e del fare insieme. A loro auguro di perseverare malgrado le difficolt\u00e0 e di provare ad essere sempre coloro che danno lustro alla citt\u00e0. Il 31 dicembre abbiamo chiuso il negozio e lo abbiamo fatto come ogni anno, per tradizione, con una bottiglia di Spumante !\u201d<\/p>\n<p>&nbsp;<\/p>\n<p><em><strong>Danila Baldacci<\/strong><\/em><\/p>\n","protected":false},"excerpt":{"rendered":"<p>8 Settembre 1968-8 Settembre 2018 dopo cinquanta anni di attivit\u00e0 commerciale il 31 dicembre ha chiuso i battenti \u201cVery Boutique &#8211; Secondo Moda\u201d negozio storico della citt\u00e0 di Brindisi. Sorto su corso Garibaldi 94 col nome di \u201cSecondo moda\u201d col tempo divenuto \u201cPaul&amp;Shark\u201d ed infine negli ultimi vent\u2019anni \u201cVery Boutique\u201d su Corso Umberto I. Un\u2019attivit\u00e0 commerciale all\u2019insegna dello Stile, dell\u2019eleganza, dell\u2019Alta moda, della vocazione commerciale di Secondo Baldacci che lo ha gestito fino a due anni e mezzo fa e di Rosanna sua moglie che lo ha seguito, continuando nell\u2019attivit\u00e0, anche dopo la sua prematura assenza. Dopo 50 anni, senza alcuna presunzione, finisce un percorso importante della storia del commercio Brindisino. E poich\u00e9 una storia importante e bella non la si costruisce da soli oggi \u00e8 giusto fare i dovuti ringraziamenti. Ci tiene a farli Danila Baldacci, \u201cla figlia di Secondo\u201d. &nbsp; \u201cI ringraziamenti non sono solo dovuti, ma sono fatti con un cuore carico di tutto ci\u00f2 che \u00e8 stato bello negli anni condividere con tanti volti avvicendatisi. Ringrazio&#8230;<\/p>\n","protected":false},"author":2,"featured_media":147388,"comment_status":"open","ping_status":"closed","sticky":false,"template":"","format":"standard","meta":{"footnotes":""},"categories":[7],"tags":[],"class_list":["post-147386","post","type-post","status-publish","format-standard","has-post-thumbnail","hentry","category-news"],"_links":{"self":[{"href":"https:\/\/www.brundisium.net\/index.php\/wp-json\/wp\/v2\/posts\/147386","targetHints":{"allow":["GET"]}}],"collection":[{"href":"https:\/\/www.brundisium.net\/index.php\/wp-json\/wp\/v2\/posts"}],"about":[{"href":"https:\/\/www.brundisium.net\/index.php\/wp-json\/wp\/v2\/types\/post"}],"author":[{"embeddable":true,"href":"https:\/\/www.brundisium.net\/index.php\/wp-json\/wp\/v2\/users\/2"}],"replies":[{"embeddable":true,"href":"https:\/\/www.brundisium.net\/index.php\/wp-json\/wp\/v2\/comments?post=147386"}],"version-history":[{"count":1,"href":"https:\/\/www.brundisium.net\/index.php\/wp-json\/wp\/v2\/posts\/147386\/revisions"}],"predecessor-version":[{"id":147391,"href":"https:\/\/www.brundisium.net\/index.php\/wp-json\/wp\/v2\/posts\/147386\/revisions\/147391"}],"wp:featuredmedia":[{"embeddable":true,"href":"https:\/\/www.brundisium.net\/index.php\/wp-json\/wp\/v2\/media\/147388"}],"wp:attachment":[{"href":"https:\/\/www.brundisium.net\/index.php\/wp-json\/wp\/v2\/media?parent=147386"}],"wp:term":[{"taxonomy":"category","embeddable":true,"href":"https:\/\/www.brundisium.net\/index.php\/wp-json\/wp\/v2\/categories?post=147386"},{"taxonomy":"post_tag","embeddable":true,"href":"https:\/\/www.brundisium.net\/index.php\/wp-json\/wp\/v2\/tags?post=147386"}],"curies":[{"name":"wp","href":"https:\/\/api.w.org\/{rel}","templated":true}]}}