{"id":147404,"date":"2019-01-03T22:03:27","date_gmt":"2019-01-03T21:03:27","guid":{"rendered":"http:\/\/www.brundisium.net\/?p=147404"},"modified":"2019-01-04T11:13:31","modified_gmt":"2019-01-04T10:13:31","slug":"ad-ostuni-ritorna-viva-viva-la-befana","status":"publish","type":"post","link":"https:\/\/www.brundisium.net\/index.php\/ad-ostuni-ritorna-viva-viva-la-befana\/","title":{"rendered":"Ad Ostuni ritorna \u201cViva Viva la Befana&#8221;"},"content":{"rendered":"<p><a href=\"http:\/\/www.brundisium.net\/brun\/wp-content\/uploads\/2019\/01\/viva-viva-la-befana-4.jpg\"><img loading=\"lazy\" decoding=\"async\" class=\"size-medium wp-image-147408 alignleft\" src=\"http:\/\/www.brundisium.net\/brun\/wp-content\/uploads\/2019\/01\/viva-viva-la-befana-4-300x300.jpg\" alt=\"\" width=\"300\" height=\"300\" srcset=\"https:\/\/www.brundisium.net\/brun\/wp-content\/uploads\/2019\/01\/viva-viva-la-befana-4-300x300.jpg 300w, https:\/\/www.brundisium.net\/brun\/wp-content\/uploads\/2019\/01\/viva-viva-la-befana-4-150x150.jpg 150w, https:\/\/www.brundisium.net\/brun\/wp-content\/uploads\/2019\/01\/viva-viva-la-befana-4-768x768.jpg 768w, https:\/\/www.brundisium.net\/brun\/wp-content\/uploads\/2019\/01\/viva-viva-la-befana-4-1024x1024.jpg 1024w, https:\/\/www.brundisium.net\/brun\/wp-content\/uploads\/2019\/01\/viva-viva-la-befana-4-600x600.jpg 600w, https:\/\/www.brundisium.net\/brun\/wp-content\/uploads\/2019\/01\/viva-viva-la-befana-4-1500x1500.jpg 1500w, https:\/\/www.brundisium.net\/brun\/wp-content\/uploads\/2019\/01\/viva-viva-la-befana-4-60x60.jpg 60w\" sizes=\"auto, (max-width: 300px) 100vw, 300px\" \/><\/a> Dopo il successo ottenuto nelle scorse edizioni, ritorna \u201cViva Viva la Befana\u201d, manifestazione giunta alla 10\u00b0 edizione organizzata dal Gruppo Folk \u201cCitt\u00e0 di Ostuni\u201d con il patrocinio del Comune di Ostuni \u2013 Assessorato al Turismo.<\/p>\n<p>&nbsp;<\/p>\n<p>\u201cViva Viva la Befana\u201d, \u00e8 una manifestazione culturale che permette ai bambini di riscoprire l\u2019antica tradizione natalizia della festa dell\u2019Epifania per ridare vigore a una figura come la Befana, molto sentita dai bambini delle generazioni precedenti.<\/p>\n<p>&nbsp;<\/p>\n<p>Domenica 13 Gennaio 2019 dalle ore 17:00 presso l\u2019area mercatale di Ostuni, si dar\u00e0 inizio a una vera e propria festa magica dedicata ai pi\u00f9 piccoli, i quali potranno usufruire gratuitamente delle varie attrazioni che saranno presenti: giro in trenino, passeggiata a cavallo, giostrine, dolce golosit\u00e0, palloncini e l\u2019immancabile visita alla casetta della Befana che dispenser\u00e0 un dono per ogni bambino.<\/p>\n<p>&nbsp;<\/p>\n<p><a href=\"http:\/\/www.brundisium.net\/brun\/wp-content\/uploads\/2019\/01\/viva-viva-la-befana-6.jpg\"><img loading=\"lazy\" decoding=\"async\" class=\"alignright size-medium wp-image-147410\" src=\"http:\/\/www.brundisium.net\/brun\/wp-content\/uploads\/2019\/01\/viva-viva-la-befana-6-300x300.jpg\" alt=\"\" width=\"300\" height=\"300\" srcset=\"https:\/\/www.brundisium.net\/brun\/wp-content\/uploads\/2019\/01\/viva-viva-la-befana-6-300x300.jpg 300w, https:\/\/www.brundisium.net\/brun\/wp-content\/uploads\/2019\/01\/viva-viva-la-befana-6-150x150.jpg 150w, https:\/\/www.brundisium.net\/brun\/wp-content\/uploads\/2019\/01\/viva-viva-la-befana-6-768x768.jpg 768w, https:\/\/www.brundisium.net\/brun\/wp-content\/uploads\/2019\/01\/viva-viva-la-befana-6-1024x1024.jpg 1024w, https:\/\/www.brundisium.net\/brun\/wp-content\/uploads\/2019\/01\/viva-viva-la-befana-6-600x600.jpg 600w, https:\/\/www.brundisium.net\/brun\/wp-content\/uploads\/2019\/01\/viva-viva-la-befana-6-1500x1500.jpg 1500w, https:\/\/www.brundisium.net\/brun\/wp-content\/uploads\/2019\/01\/viva-viva-la-befana-6-60x60.jpg 60w\" sizes=\"auto, (max-width: 300px) 100vw, 300px\" \/><br \/>\n<\/a>Nel corso della serata si potr\u00e0 assistere a spettacoli di giocolieri, trampolieri, mangiafuoco, arte di strada e animazione per bambini, nonch\u00e9 al concerto di Pizziche, Tarante e Tarantelle dal Gargano al Salento a cura del Gruppo Folk Citt\u00e0 di Ostuni.<\/p>\n<p>&nbsp;<\/p>\n<p>Alle ore 21:00 si rievocher\u00e0 l\u2019antico rito di accensione del Gran Fal\u00f2 della Befana, uno spettacolo davvero suggestivo che si consiglia di non perdere. Il Fal\u00f2, che brucia un fantoccio raffigurante la Befana, nell\u2019immaginario collettivo della tradizione, aveva l\u2019intento di lasciarsi alle spalle le brutte esperienze e le difficolt\u00e0 dell\u2019anno vecchio e dal rogo far rinascere la speranza che l\u2019anno nuovo porti solo cose positive.<\/p>\n<p>&nbsp;<\/p>\n<p>Non mancheranno i prodotti enogastronomici ostunesi come pettole, puccetedde, vin cotto, carne alla brace e ciambelle natalizie.<\/p>\n<p>&nbsp;<\/p>\n<p>La serata sar\u00e0 dedicata al ricordo del socio Tommaso Loparco, scomparso prematuramente il 02 Gennaio 2017.<\/p>\n<p>&nbsp;<\/p>\n<p><a href=\"http:\/\/www.brundisium.net\/brun\/wp-content\/uploads\/2019\/01\/viva-viva-la-befana-5.jpg\"><img loading=\"lazy\" decoding=\"async\" class=\"size-medium wp-image-147409 alignleft\" src=\"http:\/\/www.brundisium.net\/brun\/wp-content\/uploads\/2019\/01\/viva-viva-la-befana-5-300x300.jpg\" alt=\"\" width=\"300\" height=\"300\" srcset=\"https:\/\/www.brundisium.net\/brun\/wp-content\/uploads\/2019\/01\/viva-viva-la-befana-5-300x300.jpg 300w, https:\/\/www.brundisium.net\/brun\/wp-content\/uploads\/2019\/01\/viva-viva-la-befana-5-150x150.jpg 150w, https:\/\/www.brundisium.net\/brun\/wp-content\/uploads\/2019\/01\/viva-viva-la-befana-5-768x768.jpg 768w, https:\/\/www.brundisium.net\/brun\/wp-content\/uploads\/2019\/01\/viva-viva-la-befana-5-1024x1024.jpg 1024w, https:\/\/www.brundisium.net\/brun\/wp-content\/uploads\/2019\/01\/viva-viva-la-befana-5-600x600.jpg 600w, https:\/\/www.brundisium.net\/brun\/wp-content\/uploads\/2019\/01\/viva-viva-la-befana-5-1500x1500.jpg 1500w, https:\/\/www.brundisium.net\/brun\/wp-content\/uploads\/2019\/01\/viva-viva-la-befana-5-60x60.jpg 60w\" sizes=\"auto, (max-width: 300px) 100vw, 300px\" \/><br \/>\n<\/a>Le parole del Presidente del \u201cGruppo Folk \u201cCitt\u00e0 di Ostuni\u201d Antonio Greco: \u201cLa nostra macchina organizzativa non si ferma mai e per questo siamo pronti per ripartire con il nostro bellissimo evento invernale, giunto alla decima edizione. Non sono stati pochi i sacrifici fatti negli anni per dare vita a questo progetto, ma grazie anche al costante sostegno dell\u2019Amministrazione Comunale di Ostuni, siamo riusciti anche quest\u2019anno a realizzare questa manifestazione. Ci tengo a farvi notare come Viva Viva la Befana sia un evento ormai radicato nella tradizione ostunese. Basti pensare che i bambini che parteciparono alla prima edizione del 2010, oggi si affacciano alla maggiore et\u00e0! Per questo siamo enormemente soddisfatti ed orgogliosi del riconoscimento e degli apprezzamenti raccolti negli anni, i quali hanno confermato il nostro evento come un punto di riferimento della programmazione artistica natalizia della nostra citt\u00e0. Per questo mi auguro che, proprio come accaduto negli anni, ci sia una grande partecipazione dei cittadini ostunesi e dei paesi limitrofi.<\/p>\n<p>&nbsp;<\/p>\n<p>E\u2019 doveroso comunicarvi che in concomitanza con la 10\u00b0 edizione di Viva Viva la Befana, si svolger\u00e0 il 2\u00b0 memorial Tommaso Loparco, in ricordo del nostro socio scomparso prematuramente il 02 Gennaio 2017.<\/p>\n<p>&nbsp;<\/p>\n<p>Vi aspetto Domenica 13 Gennaio 2019 alle ore 17:00 presso l\u2019area mercatale di Ostuni\u201d.<\/p>\n","protected":false},"excerpt":{"rendered":"<p>Dopo il successo ottenuto nelle scorse edizioni, ritorna \u201cViva Viva la Befana\u201d, manifestazione giunta alla 10\u00b0 edizione organizzata dal Gruppo Folk \u201cCitt\u00e0 di Ostuni\u201d con il patrocinio del Comune di Ostuni \u2013 Assessorato al Turismo. &nbsp; \u201cViva Viva la Befana\u201d, \u00e8 una manifestazione culturale che permette ai bambini di riscoprire l\u2019antica tradizione natalizia della festa dell\u2019Epifania per ridare vigore a una figura come la Befana, molto sentita dai bambini delle generazioni precedenti. &nbsp; Domenica 13 Gennaio 2019 dalle ore 17:00 presso l\u2019area mercatale di Ostuni, si dar\u00e0 inizio a una vera e propria festa magica dedicata ai pi\u00f9 piccoli, i quali potranno usufruire gratuitamente delle varie attrazioni che saranno presenti: giro in trenino, passeggiata a cavallo, giostrine, dolce golosit\u00e0, palloncini e l\u2019immancabile visita alla casetta della Befana che dispenser\u00e0 un dono per ogni bambino. &nbsp; Nel corso della serata si potr\u00e0 assistere a spettacoli di giocolieri, trampolieri, mangiafuoco, arte di strada e animazione per bambini, nonch\u00e9 al concerto di Pizziche, Tarante e Tarantelle dal Gargano al Salento a cura del&#8230;<\/p>\n","protected":false},"author":2,"featured_media":147411,"comment_status":"open","ping_status":"closed","sticky":false,"template":"","format":"standard","meta":{"footnotes":""},"categories":[7],"tags":[],"class_list":["post-147404","post","type-post","status-publish","format-standard","has-post-thumbnail","hentry","category-news"],"_links":{"self":[{"href":"https:\/\/www.brundisium.net\/index.php\/wp-json\/wp\/v2\/posts\/147404","targetHints":{"allow":["GET"]}}],"collection":[{"href":"https:\/\/www.brundisium.net\/index.php\/wp-json\/wp\/v2\/posts"}],"about":[{"href":"https:\/\/www.brundisium.net\/index.php\/wp-json\/wp\/v2\/types\/post"}],"author":[{"embeddable":true,"href":"https:\/\/www.brundisium.net\/index.php\/wp-json\/wp\/v2\/users\/2"}],"replies":[{"embeddable":true,"href":"https:\/\/www.brundisium.net\/index.php\/wp-json\/wp\/v2\/comments?post=147404"}],"version-history":[{"count":3,"href":"https:\/\/www.brundisium.net\/index.php\/wp-json\/wp\/v2\/posts\/147404\/revisions"}],"predecessor-version":[{"id":147432,"href":"https:\/\/www.brundisium.net\/index.php\/wp-json\/wp\/v2\/posts\/147404\/revisions\/147432"}],"wp:featuredmedia":[{"embeddable":true,"href":"https:\/\/www.brundisium.net\/index.php\/wp-json\/wp\/v2\/media\/147411"}],"wp:attachment":[{"href":"https:\/\/www.brundisium.net\/index.php\/wp-json\/wp\/v2\/media?parent=147404"}],"wp:term":[{"taxonomy":"category","embeddable":true,"href":"https:\/\/www.brundisium.net\/index.php\/wp-json\/wp\/v2\/categories?post=147404"},{"taxonomy":"post_tag","embeddable":true,"href":"https:\/\/www.brundisium.net\/index.php\/wp-json\/wp\/v2\/tags?post=147404"}],"curies":[{"name":"wp","href":"https:\/\/api.w.org\/{rel}","templated":true}]}}