{"id":147437,"date":"2019-01-04T12:09:58","date_gmt":"2019-01-04T11:09:58","guid":{"rendered":"http:\/\/www.brundisium.net\/?p=147437"},"modified":"2019-01-04T12:09:58","modified_gmt":"2019-01-04T11:09:58","slug":"le-luci-di-brindisi-maggiore-presenta-il-nuovo-album-sul-palco-del-verdi","status":"publish","type":"post","link":"https:\/\/www.brundisium.net\/index.php\/le-luci-di-brindisi-maggiore-presenta-il-nuovo-album-sul-palco-del-verdi\/","title":{"rendered":"Le Luci di Brindisi: Maggiore presenta il nuovo album sul palco del Verdi"},"content":{"rendered":"<p><a href=\"http:\/\/www.brundisium.net\/brun\/wp-content\/uploads\/2019\/01\/Maggiore-_-ph-Dario-Rovere.jpg\"><img loading=\"lazy\" decoding=\"async\" class=\"alignright size-medium wp-image-147439\" src=\"http:\/\/www.brundisium.net\/brun\/wp-content\/uploads\/2019\/01\/Maggiore-_-ph-Dario-Rovere-300x300.jpg\" alt=\"\" width=\"300\" height=\"300\" srcset=\"https:\/\/www.brundisium.net\/brun\/wp-content\/uploads\/2019\/01\/Maggiore-_-ph-Dario-Rovere-300x300.jpg 300w, https:\/\/www.brundisium.net\/brun\/wp-content\/uploads\/2019\/01\/Maggiore-_-ph-Dario-Rovere-150x150.jpg 150w, https:\/\/www.brundisium.net\/brun\/wp-content\/uploads\/2019\/01\/Maggiore-_-ph-Dario-Rovere-768x768.jpg 768w, https:\/\/www.brundisium.net\/brun\/wp-content\/uploads\/2019\/01\/Maggiore-_-ph-Dario-Rovere-1024x1024.jpg 1024w, https:\/\/www.brundisium.net\/brun\/wp-content\/uploads\/2019\/01\/Maggiore-_-ph-Dario-Rovere-600x600.jpg 600w, https:\/\/www.brundisium.net\/brun\/wp-content\/uploads\/2019\/01\/Maggiore-_-ph-Dario-Rovere-1500x1500.jpg 1500w, https:\/\/www.brundisium.net\/brun\/wp-content\/uploads\/2019\/01\/Maggiore-_-ph-Dario-Rovere-60x60.jpg 60w, https:\/\/www.brundisium.net\/brun\/wp-content\/uploads\/2019\/01\/Maggiore-_-ph-Dario-Rovere.jpg 1600w\" sizes=\"auto, (max-width: 300px) 100vw, 300px\" \/><\/a>La rassegna \u00abLe Luci di Brindisi\u00bb ritaglia un altro spazio sul palcoscenico del Teatro Verdi e lo riserva a un appuntamento da non perdere. E cos\u00ec, sabato 5 gennaio, con inizio alle ore 20.30, il cantautore brindisino Vincenzo Maggiore presenta dal vivo il suo secondo album \u00abDa che mondo \u00e8 mondo\u2026\u00bb che arriva a distanza di tre anni dall\u2019opera prima \u00abVia di fuga\u00bb. L\u2019ingresso \u00e8 libero (per un massimo di 150 persone) con apertura porte alle ore 20.<\/p>\n<p>&nbsp;<\/p>\n<p>Con lui sul palco ci saranno i musicisti Carlo Madaghiele (tastiere e synth), Alessandro Muscillo (basso e cori), Andrea Miccoli (batteria e elettronica) e Umberto Coviello (chitarre elettriche) che ha anche firmato la produzione, gli arrangiamenti e buona parte delle musiche dell\u2019album. Il nuovo live \u00e8 fedele alle sonorit\u00e0 moderne ricercate dal cantautore in questo secondo lavoro, pi\u00f9 vicine alla musica di tendenza. Se \u00abVia di fuga\u00bb aveva i connotati tipici della canzone d\u2019autore \u201cmade in Italy\u201d, la nuova produzione strizza l\u2019occhio al pop elettronico senza mai abbandonare la propria identit\u00e0. Durante il concerto saranno proposti i dieci brani che compongono \u00abDa che mondo \u00e8 mondo\u2026\u00bb pi\u00f9 altre canzoni del repertorio del cantautore.<\/p>\n<p>&nbsp;<\/p>\n<p>Breve bio: Vincenzo Maggiore ha aperto i concerti di Max Gazz\u00e8, Simona Molinari, Zibba, Samuele Bersani e Nomadi. Ha accompagnato Mario Venuti durante il festival Yeahjas\u00ec BPF 2016. Ha partecipato a festival e concorsi su tutto il territorio nazionale (MEI &#8211; Meeting degli indipendenti, Sanremo Rock, Vulcanica live Festival, Taranto Rock festival, Primo Maggio a Matera 2017, Yeahjas\u00ec Brindisi Pop Fest). Nel 2013 ha concluso positivamente un progetto di crowdfunding grazie al quale ha realizzato il suo primo album \u00abVia di fuga\u00bb. In studio sono intervenuti ben 26 musicisti e il busker Matteo Terzi \u00abSoltanto\u00bb. L\u2019album \u00e8 stato pubblicato in versione ufficiale nel 2015 con il supporto della cooperativa sociale onlus \u00abEridano\u00bb di Brindisi e con il patrocinio di Puglia Sounds. Ha collaborato con il rapper americano Ben Barbic con il quale ha scritto il brano \u00abIl paradiso intorno\u00bb. Ha inciso due canzoni per \u00abLa carovana delle merende\u00bb, progetto discografico di Paola Petrosillo e Vito De Lorenzi destinato ai bambini. Ha accompagnato la cantante Lighea (Sanremo \u201894 e \u201895) nei tour 2010 e 2011 per le piazze del Centro e Sud Italia.<\/p>\n<p>&nbsp;<\/p>\n<p>Programma completo \u00abLe Luci di Brindisi\u00bb su <a href=\"http:\/\/goo.gl\/jWQCdx\">goo.gl\/jWQCdx<\/a>.<\/p>\n","protected":false},"excerpt":{"rendered":"<p>La rassegna \u00abLe Luci di Brindisi\u00bb ritaglia un altro spazio sul palcoscenico del Teatro Verdi e lo riserva a un appuntamento da non perdere. E cos\u00ec, sabato 5 gennaio, con inizio alle ore 20.30, il cantautore brindisino Vincenzo Maggiore presenta dal vivo il suo secondo album \u00abDa che mondo \u00e8 mondo\u2026\u00bb che arriva a distanza di tre anni dall\u2019opera prima \u00abVia di fuga\u00bb. L\u2019ingresso \u00e8 libero (per un massimo di 150 persone) con apertura porte alle ore 20. &nbsp; Con lui sul palco ci saranno i musicisti Carlo Madaghiele (tastiere e synth), Alessandro Muscillo (basso e cori), Andrea Miccoli (batteria e elettronica) e Umberto Coviello (chitarre elettriche) che ha anche firmato la produzione, gli arrangiamenti e buona parte delle musiche dell\u2019album. Il nuovo live \u00e8 fedele alle sonorit\u00e0 moderne ricercate dal cantautore in questo secondo lavoro, pi\u00f9 vicine alla musica di tendenza. Se \u00abVia di fuga\u00bb aveva i connotati tipici della canzone d\u2019autore \u201cmade in Italy\u201d, la nuova produzione strizza l\u2019occhio al pop elettronico senza mai abbandonare la propria identit\u00e0&#8230;.<\/p>\n","protected":false},"author":2,"featured_media":147440,"comment_status":"open","ping_status":"closed","sticky":false,"template":"","format":"standard","meta":{"footnotes":""},"categories":[189],"tags":[],"class_list":["post-147437","post","type-post","status-publish","format-standard","has-post-thumbnail","hentry","category-musica-2"],"_links":{"self":[{"href":"https:\/\/www.brundisium.net\/index.php\/wp-json\/wp\/v2\/posts\/147437","targetHints":{"allow":["GET"]}}],"collection":[{"href":"https:\/\/www.brundisium.net\/index.php\/wp-json\/wp\/v2\/posts"}],"about":[{"href":"https:\/\/www.brundisium.net\/index.php\/wp-json\/wp\/v2\/types\/post"}],"author":[{"embeddable":true,"href":"https:\/\/www.brundisium.net\/index.php\/wp-json\/wp\/v2\/users\/2"}],"replies":[{"embeddable":true,"href":"https:\/\/www.brundisium.net\/index.php\/wp-json\/wp\/v2\/comments?post=147437"}],"version-history":[{"count":1,"href":"https:\/\/www.brundisium.net\/index.php\/wp-json\/wp\/v2\/posts\/147437\/revisions"}],"predecessor-version":[{"id":147442,"href":"https:\/\/www.brundisium.net\/index.php\/wp-json\/wp\/v2\/posts\/147437\/revisions\/147442"}],"wp:featuredmedia":[{"embeddable":true,"href":"https:\/\/www.brundisium.net\/index.php\/wp-json\/wp\/v2\/media\/147440"}],"wp:attachment":[{"href":"https:\/\/www.brundisium.net\/index.php\/wp-json\/wp\/v2\/media?parent=147437"}],"wp:term":[{"taxonomy":"category","embeddable":true,"href":"https:\/\/www.brundisium.net\/index.php\/wp-json\/wp\/v2\/categories?post=147437"},{"taxonomy":"post_tag","embeddable":true,"href":"https:\/\/www.brundisium.net\/index.php\/wp-json\/wp\/v2\/tags?post=147437"}],"curies":[{"name":"wp","href":"https:\/\/api.w.org\/{rel}","templated":true}]}}