{"id":147464,"date":"2019-01-04T15:42:17","date_gmt":"2019-01-04T14:42:17","guid":{"rendered":"http:\/\/www.brundisium.net\/?p=147464"},"modified":"2019-01-07T10:33:47","modified_gmt":"2019-01-07T09:33:47","slug":"la-befana-vien-di-mattina-dal-tetto-del-teatro-verdi","status":"publish","type":"post","link":"https:\/\/www.brundisium.net\/index.php\/la-befana-vien-di-mattina-dal-tetto-del-teatro-verdi\/","title":{"rendered":"La Befana vien di mattina\u2026 dal tetto del Teatro Verdi"},"content":{"rendered":"<p><a href=\"http:\/\/www.brundisium.net\/brun\/wp-content\/uploads\/2019\/01\/Epifania-in-piazza.jpg\"><img loading=\"lazy\" decoding=\"async\" class=\"alignright size-medium wp-image-147465\" src=\"http:\/\/www.brundisium.net\/brun\/wp-content\/uploads\/2019\/01\/Epifania-in-piazza-206x300.jpg\" alt=\"\" width=\"206\" height=\"300\" srcset=\"https:\/\/www.brundisium.net\/brun\/wp-content\/uploads\/2019\/01\/Epifania-in-piazza-206x300.jpg 206w, https:\/\/www.brundisium.net\/brun\/wp-content\/uploads\/2019\/01\/Epifania-in-piazza-768x1120.jpg 768w, https:\/\/www.brundisium.net\/brun\/wp-content\/uploads\/2019\/01\/Epifania-in-piazza-702x1024.jpg 702w, https:\/\/www.brundisium.net\/brun\/wp-content\/uploads\/2019\/01\/Epifania-in-piazza.jpg 1094w\" sizes=\"auto, (max-width: 206px) 100vw, 206px\" \/><\/a><\/p>\n<p>&nbsp;<\/p>\n<p>Appuntamento domenica 6 gennaio, a partire dalle 11, con la discesa della \u201cvecchietta dei doni\u201d dal tetto del Teatro Verdi. A seguire la festa in piazza Vittoria (o in caso di maltempo nel foyer del Teatro) con un programma di musica, giochi, spettacoli e animazione dedicato ai pi\u00f9 piccoli.<\/p>\n<p>&nbsp;<\/p>\n<p>\u00c8 l\u2019atto finale di \u00abLe Luci di Brindisi. La Citt\u00e0 a Natale 2018\u00bb, la rassegna di iniziative culturali e di spettacolo del Comune di Brindisi organizzata dalla Fondazione Nuovo Teatro Verdi. E cos\u00ec, Brindisi si prepara a ospitare l\u2019arzilla vecchina che porta i dolci nelle calze, domenica 6 gennaio dalle ore 11 alle 13.<\/p>\n<p>Si comincia nella piazza antistante il Teatro Verdi dove la Befana far\u00e0 capolino con la sua scopa sopra il Teatro e poi scender\u00e0 calandosi dal tetto per raggiungere il cuore della piazza.<\/p>\n<p>Una discesa spettacolare, scandita dalla musica dell\u2019ensemble itinerante di \u00abMamameda\u00bb, che si aggiunge quest\u2019anno al classico programma per l\u2019Epifania grazie alla partecipazione dei Vigili del Fuoco. Una volta \u201catterrata\u201d, la Befana \u201cvoler\u00e0\u201d in piazza Vittoria (o in caso di maltempo nel foyer del Teatro) dove saranno protagonisti la musica, le danze e l\u2019animazione degli operatori di \u00abStarevents\u00bb.<\/p>\n<p>&nbsp;<\/p>\n<p>Sempre presente nell\u2019immaginario collettivo, la Befana \u00e8 una figura oltre il tempo, quasi mitologica ma anche fortemente familiare. La simpatica vecchietta, tra mille avventure, riuscir\u00e0 a rinnovare l\u2019atteso appuntamento con tutti i bambini tra selfie e la tradizionale distribuzione di caramelle. Saranno tante le sorprese per i pi\u00f9 piccoli, protagonisti della festa, soprattutto quando fioccher\u00e0 la neve artificiale e lo scenario diventer\u00e0 incantato. Ma l\u2019abbraccio della \u201cnonnina\u201d dal naso adunco e dalla scopa volante non mancher\u00e0 di essere solidale.<\/p>\n<p>Tra le sue mirabolanti evoluzioni e giri di fantasia, la Befana di \u00abStarevents\u00bb far\u00e0 tappa anche quest\u2019anno nel reparto di pediatria e oncologia pediatrica dell\u2019ospedale \u00abPerrino\u00bb di Brindisi, nel Centro della \u00abNostra Famiglia\u00bb e nell\u2019ex istituto \u00abMargiotta\u00bb gestito dalla cooperativa sociale \u00abEridano\u00bb, con il suo pacco pieno di calze: anche qui i bambini potranno incontrare di persona questa buffa signora, brutta come una strega ma buona come una fata.<\/p>\n<p>&nbsp;<\/p>\n<p>Programma completo \u00abLe Luci di Brindisi\u00bb su <a href=\"http:\/\/goo.gl\/jWQCdx\">goo.gl\/jWQCdx<\/a><\/p>\n","protected":false},"excerpt":{"rendered":"<p>&nbsp; Appuntamento domenica 6 gennaio, a partire dalle 11, con la discesa della \u201cvecchietta dei doni\u201d dal tetto del Teatro Verdi. A seguire la festa in piazza Vittoria (o in caso di maltempo nel foyer del Teatro) con un programma di musica, giochi, spettacoli e animazione dedicato ai pi\u00f9 piccoli. &nbsp; \u00c8 l\u2019atto finale di \u00abLe Luci di Brindisi. La Citt\u00e0 a Natale 2018\u00bb, la rassegna di iniziative culturali e di spettacolo del Comune di Brindisi organizzata dalla Fondazione Nuovo Teatro Verdi. E cos\u00ec, Brindisi si prepara a ospitare l\u2019arzilla vecchina che porta i dolci nelle calze, domenica 6 gennaio dalle ore 11 alle 13. Si comincia nella piazza antistante il Teatro Verdi dove la Befana far\u00e0 capolino con la sua scopa sopra il Teatro e poi scender\u00e0 calandosi dal tetto per raggiungere il cuore della piazza. Una discesa spettacolare, scandita dalla musica dell\u2019ensemble itinerante di \u00abMamameda\u00bb, che si aggiunge quest\u2019anno al classico programma per l\u2019Epifania grazie alla partecipazione dei Vigili del Fuoco. Una volta \u201catterrata\u201d, la Befana \u201cvoler\u00e0\u201d in&#8230;<\/p>\n","protected":false},"author":2,"featured_media":147466,"comment_status":"open","ping_status":"closed","sticky":false,"template":"","format":"standard","meta":{"footnotes":""},"categories":[7],"tags":[],"class_list":["post-147464","post","type-post","status-publish","format-standard","has-post-thumbnail","hentry","category-news"],"_links":{"self":[{"href":"https:\/\/www.brundisium.net\/index.php\/wp-json\/wp\/v2\/posts\/147464","targetHints":{"allow":["GET"]}}],"collection":[{"href":"https:\/\/www.brundisium.net\/index.php\/wp-json\/wp\/v2\/posts"}],"about":[{"href":"https:\/\/www.brundisium.net\/index.php\/wp-json\/wp\/v2\/types\/post"}],"author":[{"embeddable":true,"href":"https:\/\/www.brundisium.net\/index.php\/wp-json\/wp\/v2\/users\/2"}],"replies":[{"embeddable":true,"href":"https:\/\/www.brundisium.net\/index.php\/wp-json\/wp\/v2\/comments?post=147464"}],"version-history":[{"count":1,"href":"https:\/\/www.brundisium.net\/index.php\/wp-json\/wp\/v2\/posts\/147464\/revisions"}],"predecessor-version":[{"id":147467,"href":"https:\/\/www.brundisium.net\/index.php\/wp-json\/wp\/v2\/posts\/147464\/revisions\/147467"}],"wp:featuredmedia":[{"embeddable":true,"href":"https:\/\/www.brundisium.net\/index.php\/wp-json\/wp\/v2\/media\/147466"}],"wp:attachment":[{"href":"https:\/\/www.brundisium.net\/index.php\/wp-json\/wp\/v2\/media?parent=147464"}],"wp:term":[{"taxonomy":"category","embeddable":true,"href":"https:\/\/www.brundisium.net\/index.php\/wp-json\/wp\/v2\/categories?post=147464"},{"taxonomy":"post_tag","embeddable":true,"href":"https:\/\/www.brundisium.net\/index.php\/wp-json\/wp\/v2\/tags?post=147464"}],"curies":[{"name":"wp","href":"https:\/\/api.w.org\/{rel}","templated":true}]}}