{"id":147523,"date":"2019-01-05T17:45:52","date_gmt":"2019-01-05T16:45:52","guid":{"rendered":"http:\/\/www.brundisium.net\/?p=147523"},"modified":"2019-01-05T18:47:24","modified_gmt":"2019-01-05T17:47:24","slug":"epifani-via-osanna-al-buio-da-oltre-un-mese-cosa-si-aspetta-ad-intervenire","status":"publish","type":"post","link":"https:\/\/www.brundisium.net\/index.php\/epifani-via-osanna-al-buio-da-oltre-un-mese-cosa-si-aspetta-ad-intervenire\/","title":{"rendered":"Epifani: &#8220;via Osanna al buio da oltre un mese. Cosa si aspetta ad intervenire?&#8221;"},"content":{"rendered":"<p><a href=\"http:\/\/www.brundisium.net\/brun\/wp-content\/uploads\/2019\/01\/via-osanna-al-buio-1.jpg\"><img loading=\"lazy\" decoding=\"async\" class=\"alignright size-medium wp-image-147525\" src=\"http:\/\/www.brundisium.net\/brun\/wp-content\/uploads\/2019\/01\/via-osanna-al-buio-1-300x169.jpg\" alt=\"\" width=\"300\" height=\"169\" srcset=\"https:\/\/www.brundisium.net\/brun\/wp-content\/uploads\/2019\/01\/via-osanna-al-buio-1-300x169.jpg 300w, https:\/\/www.brundisium.net\/brun\/wp-content\/uploads\/2019\/01\/via-osanna-al-buio-1-768x433.jpg 768w, https:\/\/www.brundisium.net\/brun\/wp-content\/uploads\/2019\/01\/via-osanna-al-buio-1-1024x578.jpg 1024w, https:\/\/www.brundisium.net\/brun\/wp-content\/uploads\/2019\/01\/via-osanna-al-buio-1.jpg 1600w\" sizes=\"auto, (max-width: 300px) 100vw, 300px\" \/><\/a>Da oltre un mese parte di via Osanna (all\u2019altezza del civico 100) \u00e8 priva di illuminazione pubblica visto che due pali su tre sono spenti.<br \/>\nIl problema \u00e8 stato pi\u00f9 volte segnalato alla polizia municipale e alla societ\u00e0 Energeko, ma sembra non interessare a nessuno.<br \/>\nNon sono ancora note le cause di questo disagio, n\u00e9 si comprendono le ragioni di questo ritardo ma una cosa \u00e8 certa: i residenti sono molto preoccupati e arrabbiati. Non ci vuole molto a comprendere, infatti, che il buio rappresenta un richiamo per malitenzionati, soprattutto se si considera che ci sono le abitazioni poste al piano terra o al primo piano. Ed a questo bisogna aggiungere il rischio che corrono i pedoni costretti ad attraversare quel tratto di strada in presenza anche di due cantieri edili.<br \/>\nCosa si aspetta ad intervenire? Bisogna per forza aspettare che succeda l\u2019irreparabile?<\/p>\n<p>Giampiero Epifani<\/p>\n","protected":false},"excerpt":{"rendered":"<p>Da oltre un mese parte di via Osanna (all\u2019altezza del civico 100) \u00e8 priva di illuminazione pubblica visto che due pali su tre sono spenti. Il problema \u00e8 stato pi\u00f9 volte segnalato alla polizia municipale e alla societ\u00e0 Energeko, ma sembra non interessare a nessuno. Non sono ancora note le cause di questo disagio, n\u00e9 si comprendono le ragioni di questo ritardo ma una cosa \u00e8 certa: i residenti sono molto preoccupati e arrabbiati. Non ci vuole molto a comprendere, infatti, che il buio rappresenta un richiamo per malitenzionati, soprattutto se si considera che ci sono le abitazioni poste al piano terra o al primo piano. Ed a questo bisogna aggiungere il rischio che corrono i pedoni costretti ad attraversare quel tratto di strada in presenza anche di due cantieri edili. Cosa si aspetta ad intervenire? Bisogna per forza aspettare che succeda l\u2019irreparabile? Giampiero Epifani<\/p>\n","protected":false},"author":2,"featured_media":147526,"comment_status":"open","ping_status":"closed","sticky":false,"template":"","format":"standard","meta":{"footnotes":""},"categories":[7],"tags":[],"class_list":["post-147523","post","type-post","status-publish","format-standard","has-post-thumbnail","hentry","category-news"],"_links":{"self":[{"href":"https:\/\/www.brundisium.net\/index.php\/wp-json\/wp\/v2\/posts\/147523","targetHints":{"allow":["GET"]}}],"collection":[{"href":"https:\/\/www.brundisium.net\/index.php\/wp-json\/wp\/v2\/posts"}],"about":[{"href":"https:\/\/www.brundisium.net\/index.php\/wp-json\/wp\/v2\/types\/post"}],"author":[{"embeddable":true,"href":"https:\/\/www.brundisium.net\/index.php\/wp-json\/wp\/v2\/users\/2"}],"replies":[{"embeddable":true,"href":"https:\/\/www.brundisium.net\/index.php\/wp-json\/wp\/v2\/comments?post=147523"}],"version-history":[{"count":1,"href":"https:\/\/www.brundisium.net\/index.php\/wp-json\/wp\/v2\/posts\/147523\/revisions"}],"predecessor-version":[{"id":147527,"href":"https:\/\/www.brundisium.net\/index.php\/wp-json\/wp\/v2\/posts\/147523\/revisions\/147527"}],"wp:featuredmedia":[{"embeddable":true,"href":"https:\/\/www.brundisium.net\/index.php\/wp-json\/wp\/v2\/media\/147526"}],"wp:attachment":[{"href":"https:\/\/www.brundisium.net\/index.php\/wp-json\/wp\/v2\/media?parent=147523"}],"wp:term":[{"taxonomy":"category","embeddable":true,"href":"https:\/\/www.brundisium.net\/index.php\/wp-json\/wp\/v2\/categories?post=147523"},{"taxonomy":"post_tag","embeddable":true,"href":"https:\/\/www.brundisium.net\/index.php\/wp-json\/wp\/v2\/tags?post=147523"}],"curies":[{"name":"wp","href":"https:\/\/api.w.org\/{rel}","templated":true}]}}