{"id":147558,"date":"2019-01-06T16:59:37","date_gmt":"2019-01-06T15:59:37","guid":{"rendered":"http:\/\/www.brundisium.net\/?p=147558"},"modified":"2019-01-06T16:49:28","modified_gmt":"2019-01-06T15:49:28","slug":"venerdi-11-a-palazzo-nervegna-incontro-su-brindisi-in-bicicletta-scenari-per-la-mobilita-sostenibile-in-citta-e-provincia","status":"publish","type":"post","link":"https:\/\/www.brundisium.net\/index.php\/venerdi-11-a-palazzo-nervegna-incontro-su-brindisi-in-bicicletta-scenari-per-la-mobilita-sostenibile-in-citta-e-provincia\/","title":{"rendered":"Venerd\u00ec 11 a Palazzo Nervegna incontro su &#8220;Brindisi in bicicletta: Scenari per la mobilit\u00e0 sostenibile in citt\u00e0 e provincia&#8221;"},"content":{"rendered":"<p>Si svolger\u00e0 venerd\u00ec 11 gennaio alle ore 18 a Palazzo Nervegna, Sala Colonna, un incontro tra associazioni, cittadini, amministratori ed esperti di mobilit\u00e0 sostenibile.<\/p>\n<p>&nbsp;<\/p>\n<p>L\u2019incontro \u00e8 organizzato dall\u2019associazione Cicloamici FIAB Mesagne\/Brindisi, testimone attiva sui temi della mobilit\u00e0 e dell\u2019ambiente da oltre 15 anni in citt\u00e0 e nel territorio provinciale, il Comune di Brindisi patrocina l\u2019evento. Gli esperti chiamati a relazionare sono il prof. Dino Borri esperto di pianificazione urbanistica del politecnico di Bari e assessore all\u2019Urbanistica, Giulietta Pagliaccio Presidente nazionale della FIAB, Alberto Marescotti esperto di pianificazione della mobilit\u00e0 urbana.<\/p>\n<p>&nbsp;<\/p>\n<p>Da oltre 2000 anni Brindisi \u00e8 il fulcro delle reti di trasporto. I romani e i crociati ne avevano fatto il crocevia tra Oriente e Occidente; gli inglesi sul finire del XIX secolo la chiamarono \u201cvaligia delle Indie\u201d.<\/p>\n<p>&nbsp;<\/p>\n<p>Ancora oggi \u00e8 unico il patrimonio di infrastrutture di trasporto: porto, aeroporto, stazioni ferroviarie e marittime, strade. Il territorio della Provincia di Brindisi sintetizza le attrattive e l\u2019eterogeneit\u00e0 paesaggistica dell\u2019intera Puglia: i sabbiosi lidi adriatici, le colline delle Murge Sud Orientali, i paesi di pietra e calce, l\u2019assolata piana Salentina.<br \/>\nIl rinato interesse verso gli antichi itinerari e i camminamenti: la Via Appia, la via Traiana, la ciclovia dell\u2019Acquedotto, la Via Francigena, Euro Velo 5, vedono ancora una volta Brindisi punto di snodo; emergono nuove opportunit\u00e0 per forme di turismo e mobilit\u00e0 sostenibili.<\/p>\n<p>&nbsp;<\/p>\n<p>Nonostante queste premesse la citt\u00e0 rimane asservita al traffico motorizzato, vittima degli ingorghi, incapace di armonizzare le sue risorse mediante sistemi di intermodalit\u00e0. Al mattino intasamenti presso gli edifici scolastici, file interminabili ai semafori. Cronica la mancanza di infrastrutture per pedoni e ciclisti, assenza di collegamenti ciclabili e pedonali tra il centro citt\u00e0 e le sue periferie. Penalizzanti servit\u00f9 militari quali l\u2019Arsenale, ex Zona Nafta frenano lo sviluppo viario e urbanistico.<\/p>\n<p>&nbsp;<\/p>\n<p>Il luogo scelto per discutere di tutto questo, per la sua bellezza e per il valore simbolico \u00e8 la Sala Colonna a Palazzo Nervegna, sotto il capitello della Colonna Romana, punto terminale della Appia antica.<\/p>\n<p>&nbsp;<\/p>\n<p>Questo \u00e8 il programma:<br \/>\nInizio dei lavori ore 18, coordinatrice Anna Chiara Intini (associazione Cicloamici FIAB)<br \/>\n&#8211; saluti e introduzione del Sindaco Riccardo Rossi<br \/>\n&#8211; Giulietta Pagliaccio, presidente della Federazione Nazionale Amici della Bicicletta: Pedalando verso l\u2019avvenire;<br \/>\n&#8211; Giuseppe Dimunno, Coordinatore regionale FIAB: \u201cla Puglia in Bicitalia ed Eurovelo\u201d<br \/>\n&#8211; Alberto Marescotti, architetto alla pianificazione della mobilit\u00e0 urbana del Comune di Padova<br \/>\n&#8211; Dino Borri, prof.\/assessore all\u2019urbanistica del Comune di Brindisi: \u201cDomande sociali e marginali di mobilit\u00e0\u201d<br \/>\n&#8211; Antonio Licciulli, presidente FIAB Cicloamici: \u201cVerso una rete ciclabile Provinciale\u201d<br \/>\n&#8211; Anna Chiara Intini Fiab Cicloamici: &#8220;Una citt\u00e0 dalla parte delle bambine e dei bambini&#8221;<\/p>\n<p>&nbsp;<\/p>\n<p>Al termine del convegno una &#8220;pizza sociale&#8221; convivio per soci e simpatizzanti: obbligatoria prenotazione. Sar\u00e0 possibile inoltre iscriversi o rinnovare l&#8217;adesione a FIAB\/Cicloamici con tessera consegnata direttamente dalla presidente nazionale FIAB Giulietta Pagliaccio<\/p>\n<p>&nbsp;<\/p>\n<p>Info (e prenotazione al convivio): Antonio Licciulli, cell 3333744725, info@cicloamici.it<\/p>\n<p>&nbsp;<\/p>\n<p><em>Chi sono i Cicloamici: Cicloamici FIAB \u00e8 riferimento dei ciclisti urbani e dei cicloecologisti della provincia di Brindisi ed \u00e8 membro attivo della FIAB associazione di protezione ambientale e organizzazione di comprovata esperienza nel settore della prevenzione e della sicurezza stradale.<\/em><br \/>\n<em>Dal 2003 l\u2019associazione \u00e8 attiva per promuovere nel Comune di Brindisi l\u2019uso urbano e turistico della bicicletta e tutte le forme di mobilit\u00e0 sostenibile con una serie articolata di attivit\u00e0: escursioni per le famiglie, biciclettate a tema, bimbimbici, bicintreno, domeniche cicloecologiche.<\/em><br \/>\n<em>L\u2019associazione ha contribuito alla redazione della Scheda Area Vasta mobilit\u00e0 provincia di Brindisi, alla realizzazione degli itinerari PIS 12 \u201citinerario turistico culturale Normanno Svevo Angioino, ha pubblicato con APT Brindisi la guida cicloturistica \u201cLe Vie Verdi nella Provincia di Brindisi\u201d, ha affiancato la Regione Puglia nella individuazione degli itinerari provinciali nel progetto Cyronmed, ha contribuito alla redazione del Piano della Mobilit\u00e0 ciclistica e della moderazione del traffico del Comune di Mesagne. Ha partecipato a Progetti di cooperazione transfrontaliera nei Programma di Iniziativa Comunitaria Interreg con Albania e Montenegro. Quasi ogni settimana l\u2019associazione propone escursioni in bici e talvolta a piedi alla scoperta del territorio e per sensibilizzare sui temi della tutela e valorizzazione del patrimonio naturalistico e archeologico.<\/em><\/p>\n<p>&nbsp;<\/p>\n<p>Addetto stampa cicloamici<\/p>\n","protected":false},"excerpt":{"rendered":"<p>Si svolger\u00e0 venerd\u00ec 11 gennaio alle ore 18 a Palazzo Nervegna, Sala Colonna, un incontro tra associazioni, cittadini, amministratori ed esperti di mobilit\u00e0 sostenibile. &nbsp; L\u2019incontro \u00e8 organizzato dall\u2019associazione Cicloamici FIAB Mesagne\/Brindisi, testimone attiva sui temi della mobilit\u00e0 e dell\u2019ambiente da oltre 15 anni in citt\u00e0 e nel territorio provinciale, il Comune di Brindisi patrocina l\u2019evento. Gli esperti chiamati a relazionare sono il prof. Dino Borri esperto di pianificazione urbanistica del politecnico di Bari e assessore all\u2019Urbanistica, Giulietta Pagliaccio Presidente nazionale della FIAB, Alberto Marescotti esperto di pianificazione della mobilit\u00e0 urbana. &nbsp; Da oltre 2000 anni Brindisi \u00e8 il fulcro delle reti di trasporto. I romani e i crociati ne avevano fatto il crocevia tra Oriente e Occidente; gli inglesi sul finire del XIX secolo la chiamarono \u201cvaligia delle Indie\u201d. &nbsp; Ancora oggi \u00e8 unico il patrimonio di infrastrutture di trasporto: porto, aeroporto, stazioni ferroviarie e marittime, strade. Il territorio della Provincia di Brindisi sintetizza le attrattive e l\u2019eterogeneit\u00e0 paesaggistica dell\u2019intera Puglia: i sabbiosi lidi adriatici, le colline delle Murge&#8230;<\/p>\n","protected":false},"author":2,"featured_media":147560,"comment_status":"open","ping_status":"closed","sticky":false,"template":"","format":"standard","meta":{"footnotes":""},"categories":[7],"tags":[],"class_list":["post-147558","post","type-post","status-publish","format-standard","has-post-thumbnail","hentry","category-news"],"_links":{"self":[{"href":"https:\/\/www.brundisium.net\/index.php\/wp-json\/wp\/v2\/posts\/147558","targetHints":{"allow":["GET"]}}],"collection":[{"href":"https:\/\/www.brundisium.net\/index.php\/wp-json\/wp\/v2\/posts"}],"about":[{"href":"https:\/\/www.brundisium.net\/index.php\/wp-json\/wp\/v2\/types\/post"}],"author":[{"embeddable":true,"href":"https:\/\/www.brundisium.net\/index.php\/wp-json\/wp\/v2\/users\/2"}],"replies":[{"embeddable":true,"href":"https:\/\/www.brundisium.net\/index.php\/wp-json\/wp\/v2\/comments?post=147558"}],"version-history":[{"count":1,"href":"https:\/\/www.brundisium.net\/index.php\/wp-json\/wp\/v2\/posts\/147558\/revisions"}],"predecessor-version":[{"id":147561,"href":"https:\/\/www.brundisium.net\/index.php\/wp-json\/wp\/v2\/posts\/147558\/revisions\/147561"}],"wp:featuredmedia":[{"embeddable":true,"href":"https:\/\/www.brundisium.net\/index.php\/wp-json\/wp\/v2\/media\/147560"}],"wp:attachment":[{"href":"https:\/\/www.brundisium.net\/index.php\/wp-json\/wp\/v2\/media?parent=147558"}],"wp:term":[{"taxonomy":"category","embeddable":true,"href":"https:\/\/www.brundisium.net\/index.php\/wp-json\/wp\/v2\/categories?post=147558"},{"taxonomy":"post_tag","embeddable":true,"href":"https:\/\/www.brundisium.net\/index.php\/wp-json\/wp\/v2\/tags?post=147558"}],"curies":[{"name":"wp","href":"https:\/\/api.w.org\/{rel}","templated":true}]}}