{"id":147718,"date":"2019-01-09T16:21:36","date_gmt":"2019-01-09T15:21:36","guid":{"rendered":"http:\/\/www.brundisium.net\/?p=147718"},"modified":"2019-01-09T16:21:36","modified_gmt":"2019-01-09T15:21:36","slug":"domani-a-ceglie-si-inaugura-il-salone-dei-sindaci","status":"publish","type":"post","link":"https:\/\/www.brundisium.net\/index.php\/domani-a-ceglie-si-inaugura-il-salone-dei-sindaci\/","title":{"rendered":"Domani a Ceglie si inaugura il &#8220;Salone dei Sindaci&#8221;"},"content":{"rendered":"<p><a href=\"http:\/\/www.brundisium.net\/brun\/wp-content\/uploads\/2019\/01\/SALONE-DEI-SINDACI.jpg\"><img loading=\"lazy\" decoding=\"async\" class=\"alignright size-medium wp-image-147719\" src=\"http:\/\/www.brundisium.net\/brun\/wp-content\/uploads\/2019\/01\/SALONE-DEI-SINDACI-200x300.jpg\" alt=\"\" width=\"200\" height=\"300\" srcset=\"https:\/\/www.brundisium.net\/brun\/wp-content\/uploads\/2019\/01\/SALONE-DEI-SINDACI-200x300.jpg 200w, https:\/\/www.brundisium.net\/brun\/wp-content\/uploads\/2019\/01\/SALONE-DEI-SINDACI.jpg 683w\" sizes=\"auto, (max-width: 200px) 100vw, 200px\" \/><br \/>\n<\/a>Gioved\u00ec 10 gennaio, alle ore 18.00 presso il Castello Ducale, si terr\u00e0 l\u2019inaugurazione del \u201cSalone dei Sindaci\u201d. Si tratta di una particolare occasione per rendere omaggio ed dare un giusto riconoscimento alla figura dei Primi Cittadini di Ceglie Messapica che, nel corso dei secoli, hanno guidato la nostra citt\u00e0.<\/p>\n<p>&nbsp;<\/p>\n<p>Sar\u00e0 intitolato ai Sindaci il salone eventi del Castello e, con l\u2019occasione, saranno collocate lungo le pareti le diverse immagini dei Primi Cittadini dal 1800 ad oggi.<\/p>\n<p>&nbsp;<\/p>\n<p>Saranno presenti gli ex Sindaci della Citt\u00e0 ed i parenti pi\u00f9 prossimi degli ex Sindaci scomparsi.<\/p>\n<p>&nbsp;<\/p>\n<p>Moderer\u00e0 la serata la giornalista Nicla Pastore.<\/p>\n","protected":false},"excerpt":{"rendered":"<p>Gioved\u00ec 10 gennaio, alle ore 18.00 presso il Castello Ducale, si terr\u00e0 l\u2019inaugurazione del \u201cSalone dei Sindaci\u201d. Si tratta di una particolare occasione per rendere omaggio ed dare un giusto riconoscimento alla figura dei Primi Cittadini di Ceglie Messapica che, nel corso dei secoli, hanno guidato la nostra citt\u00e0. &nbsp; Sar\u00e0 intitolato ai Sindaci il salone eventi del Castello e, con l\u2019occasione, saranno collocate lungo le pareti le diverse immagini dei Primi Cittadini dal 1800 ad oggi. &nbsp; Saranno presenti gli ex Sindaci della Citt\u00e0 ed i parenti pi\u00f9 prossimi degli ex Sindaci scomparsi. &nbsp; Moderer\u00e0 la serata la giornalista Nicla Pastore.<\/p>\n","protected":false},"author":2,"featured_media":147719,"comment_status":"open","ping_status":"closed","sticky":false,"template":"","format":"standard","meta":{"footnotes":""},"categories":[7],"tags":[],"class_list":["post-147718","post","type-post","status-publish","format-standard","has-post-thumbnail","hentry","category-news"],"_links":{"self":[{"href":"https:\/\/www.brundisium.net\/index.php\/wp-json\/wp\/v2\/posts\/147718","targetHints":{"allow":["GET"]}}],"collection":[{"href":"https:\/\/www.brundisium.net\/index.php\/wp-json\/wp\/v2\/posts"}],"about":[{"href":"https:\/\/www.brundisium.net\/index.php\/wp-json\/wp\/v2\/types\/post"}],"author":[{"embeddable":true,"href":"https:\/\/www.brundisium.net\/index.php\/wp-json\/wp\/v2\/users\/2"}],"replies":[{"embeddable":true,"href":"https:\/\/www.brundisium.net\/index.php\/wp-json\/wp\/v2\/comments?post=147718"}],"version-history":[{"count":1,"href":"https:\/\/www.brundisium.net\/index.php\/wp-json\/wp\/v2\/posts\/147718\/revisions"}],"predecessor-version":[{"id":147720,"href":"https:\/\/www.brundisium.net\/index.php\/wp-json\/wp\/v2\/posts\/147718\/revisions\/147720"}],"wp:featuredmedia":[{"embeddable":true,"href":"https:\/\/www.brundisium.net\/index.php\/wp-json\/wp\/v2\/media\/147719"}],"wp:attachment":[{"href":"https:\/\/www.brundisium.net\/index.php\/wp-json\/wp\/v2\/media?parent=147718"}],"wp:term":[{"taxonomy":"category","embeddable":true,"href":"https:\/\/www.brundisium.net\/index.php\/wp-json\/wp\/v2\/categories?post=147718"},{"taxonomy":"post_tag","embeddable":true,"href":"https:\/\/www.brundisium.net\/index.php\/wp-json\/wp\/v2\/tags?post=147718"}],"curies":[{"name":"wp","href":"https:\/\/api.w.org\/{rel}","templated":true}]}}