{"id":147754,"date":"2019-01-10T10:06:06","date_gmt":"2019-01-10T09:06:06","guid":{"rendered":"http:\/\/www.brundisium.net\/?p=147754"},"modified":"2019-01-10T14:12:50","modified_gmt":"2019-01-10T13:12:50","slug":"e-tempo-di-open-day-le-scuole-di-brindisi-presentano-lofferta-formativa","status":"publish","type":"post","link":"https:\/\/www.brundisium.net\/index.php\/e-tempo-di-open-day-le-scuole-di-brindisi-presentano-lofferta-formativa\/","title":{"rendered":"E&#8217; tempo di open day: le scuole di Brindisi presentano l&#8217;offerta formativa"},"content":{"rendered":"<p><a href=\"http:\/\/www.brundisium.net\/brun\/wp-content\/uploads\/2019\/01\/locandina-open-day.jpg\"><img loading=\"lazy\" decoding=\"async\" class=\"alignright size-medium wp-image-147755\" src=\"http:\/\/www.brundisium.net\/brun\/wp-content\/uploads\/2019\/01\/locandina-open-day-210x300.jpg\" alt=\"\" width=\"210\" height=\"300\" srcset=\"https:\/\/www.brundisium.net\/brun\/wp-content\/uploads\/2019\/01\/locandina-open-day-210x300.jpg 210w, https:\/\/www.brundisium.net\/brun\/wp-content\/uploads\/2019\/01\/locandina-open-day-768x1097.jpg 768w, https:\/\/www.brundisium.net\/brun\/wp-content\/uploads\/2019\/01\/locandina-open-day-717x1024.jpg 717w, https:\/\/www.brundisium.net\/brun\/wp-content\/uploads\/2019\/01\/locandina-open-day.jpg 1985w\" sizes=\"auto, (max-width: 210px) 100vw, 210px\" \/><\/a><br \/>\nE\u2019 tempo di iscrizioni, di scelte importanti per le famiglie (\u00e8 possibile effettuarle sino alle ore 20 del 31 gennaio 2019) e l\u2019Istituto Comprensivo Santa Chiara di Brindisi apre le porte ai genitori e ai futuri studenti per far conoscere le offerte scolastiche e formative, diffondere brochure e fornire informazioni utili per una delicata scelta.<br \/>\nGli open day sono organizzati nei tre ordini di scuola nell\u2019ambito del progetto Continuit\u00e0 dal titolo \u201cIn viaggio verso la nuova scuola\u201d.<br \/>\nCinque le giornate in cui il personale scolastico accoglier\u00e0 i visitatori: nelle scuole dell\u2019infanzia Piaget e San Giovanni Bosco e nella primaria don Milani il primo appuntamento \u00e8 fissato per domenica 13 gennaio dalle ore 10 alle 12; il secondo, per sabato 19 gennaio dalle ore 16 alle 18.30. Chi invece vorr\u00e0 conoscere la Scuola Secondaria di primo grado Marco Pacuvio potr\u00e0 farlo nelle giornate di sabato 12 gennaio dalle ore 16 alle 18.30; domenica 20 gennaio dalle ore 10 alle 12; ultima, in coincidenza con la Giornata della Memoria, domenica 27 gennaio dalle 10 alle 12.<br \/>\nSar\u00e0 possibile visitare gli spazi delle scuole, dai laboratori alle aule, tutte dotate di lavagna interattiva multimediale, partecipare in modo attivo alle attivit\u00e0 di laboratorio e conoscere la ricca ed eterogenea offerta formativa della scuola: progetti, attivit\u00e0, iniziative, manifestazioni, che testimoniano la volont\u00e0 di presentare agli studenti una scuola che offre un ambiente relazionale positivo e stimolante, che favorisce lo sviluppo armonico della personalit\u00e0 di ciascuno.<br \/>\nNell\u2019Istituto brindisino sono oramai realt\u00e0 consolidate i corsi di potenziamento di inglese con docenti madrelingua, quelli di informatica, lo studio dello strumento musicale (chitarra, clarinetto, fisarmonica, flauto, percussioni, pianoforte, violino e violoncello. Gli strumenti vengono affidati in comodato d\u2019uso agli studenti nell\u2019arco dei tre anni).<\/p>\n<p>&nbsp;<\/p>\n<p>Anche l\u2019Istituto Comprensivo \u201cCommenda\u201d di Brindisi si apre al Territorio accogliendo genitori e futuri alunni che nelle giornate sotto indicate potranno vivere la realt\u00e0 pedagogica di questo sistema formativo integrato ed esplorarlo in modo attivo. &#8211; Sabato 12 gennaio ore 9.00 \u2013 12.30 \u201cOpen Day\u201d plesso scuola primaria \u201cC. Collodi\u201d via Mecenate 68; &#8211; Sabato 12 gennaio ore 9.00 \u2013 12.30 \u201cOpen Day\u201d plesso scuola infanzia \u201cCicerone\u201d via Mecenate 218; &#8211; Domenica 13 gennaio ore 9.00 \u2013 12.30 e 16.00 \u2013 19.00 \u201cOpen Day\u201d plesso scuola secondaria di 1\u00b0 grado \u201cGiulio Cesare\u201d via Tirolo 1; &#8211; Sabato 19 gennaio ore 9,00 \u2013 12.30 \u201cOpen day\u201d plesso scuola primaria \u201cSan Giovanni Bosco\u201d via Mecenate 218; &#8211; Sabato 19 gennaio ore 9,00 \u2013 12.30 \u201cOpen day\u201d plesso scuola infanzia \u201cParco Di Giulio\u201d via \u201cG. di Vittorio\u201d. Gli ospiti saranno coinvolti in attivit\u00e0 laboratoriali di informatica, scienze, lingua inglese, arte e immagine, educazione fisica e musica (strumentale e corale) condotte dai docenti dell\u2019istituto coadiuvati dagli alunni frequentanti. Il Dirigente Scolastico prof. Antonio Santoro accoglier\u00e0, presso la sala conferenze della scuola secondaria di 1\u00b0 grado \u201cGiulio Cesare: &#8211; Marted\u00ec 8 gennaio, alle ore 16,30, i genitori degli alunni interessati all\u2019iscrizione alla prima classe di scuola primaria; &#8211; Luned\u00ec 14 gennaio, alle ore 16,30, i genitori degli alunni interessati all\u2019iscrizione alla prima classe di scuola secondaria di primo grado; &#8211; Marted\u00ec 15 gennaio, alle ore 16.30, i genitori degli alunni interessati all\u2019iscrizione alla scuola dell\u2019infanzia. Nel corso degli incontri illustrer\u00e0 i punti salienti dell\u2019Offerta Formativa sottolineando la grande attenzione dell\u2019Istituto nell\u2019offrire opportunit\u00e0 diverse ai giovani alunni, tese a sviluppare la loro personalit\u00e0 e a favorire le scoperte di quelle attitudini e predisposizioni che rendono ciascuno meravigliosamente diverso dall\u2019altro.<\/p>\n<p>&nbsp;<\/p>\n<p>Per quanto concerne gli istituti superiori:<\/p>\n<p><a href=\"http:\/\/www.brundisium.net\/brun\/wp-content\/uploads\/2019\/01\/Locandina-Dec-20191.jpg\"><img loading=\"lazy\" decoding=\"async\" class=\"size-medium wp-image-147756 alignleft\" src=\"http:\/\/www.brundisium.net\/brun\/wp-content\/uploads\/2019\/01\/Locandina-Dec-20191-212x300.jpg\" alt=\"\" width=\"212\" height=\"300\" srcset=\"https:\/\/www.brundisium.net\/brun\/wp-content\/uploads\/2019\/01\/Locandina-Dec-20191-212x300.jpg 212w, https:\/\/www.brundisium.net\/brun\/wp-content\/uploads\/2019\/01\/Locandina-Dec-20191-768x1086.jpg 768w, https:\/\/www.brundisium.net\/brun\/wp-content\/uploads\/2019\/01\/Locandina-Dec-20191-724x1024.jpg 724w, https:\/\/www.brundisium.net\/brun\/wp-content\/uploads\/2019\/01\/Locandina-Dec-20191.jpg 1131w\" sizes=\"auto, (max-width: 212px) 100vw, 212px\" \/><\/a>&#8220;La scuola \u00e8 aperta&#8230; il tuo futuro in una scelta: \u00e8 il titolo dell&#8217;iniziativa organizzata dai responsabili del GIORGI&#8221;.<br \/>\nDomenica 16 dicembre \u00e8 partir\u00e0 la seconda fase dell&#8217;orientamento rivolto agli studenti di terza media che entro il 31 gennaio dovranno scegliere in quale scuola superiore proseguire i propri studi. &#8220;Conoscere per scegliere&#8221; \u00e8 il tema che ha animato i laboratori didattici orientativi della prima fase dell&#8217;orientamento, con lezioni speciali. I laboratori sono stati progettati alla luce del quadro del nuovo ordinamento scolastico degli istituti tecnici e degli indirizzi di studio che il \u201cGiorgi\u201d offrir\u00e0 al territorio e cio\u00e8: Informatica, Telecomunicazioni, Elettronica, Elettrotecnica, Automazione, Meccanica, Meccatronica ed Energia.<\/p>\n<p>ScuolAperta-Giorgi continuer\u00e0 per tutto gennaio, infatti domenica 13 gennaio, 20 gennaio e 27 gennaio dalle 10:00 alle 12:00 sar\u00e0 possibile visitare aule e laboratori, incontrare il Dirigente Scolastico e i Docenti, avere informazioni sulla Scuola, sugli Indirizzi e sulle discipline di studio, effettuare l\u2019iscrizione ondine. La Scuola, inoltre, offrir\u00e0 supporto alle famiglie non in grado di effettuare l\u2019iscrizione on-line da sole: il personale di segreteria sar\u00e0 disponibile ogni giorno per venire incontro a qualsiasi esigenza.<br \/>\nIl programma di Scuola Aperta 2019 \u00e8 pubblicato sul sito del Giorgi, ww.ittgiorgi.gov.it.<\/p>\n<p>&nbsp;<br \/>\nLa dirigente scolastica, i docenti e tutto il personale della scuola del Lieo Palumbo invitano i futuri alunni e le loro famiglie al 2\u00b0 OPEN DAY che si svolger\u00e0 domenica  13  gennaio 2019  dalle ore 10.00 alle ore 12.00 presso la sede centrale di via Achille Grandi 17 a Brindisi e presso la sede associata di via Papa Giovanni a Latiano.<\/p>\n<p>Nel corso dell&#8217;evento sar\u00e0 possibile visitare i numerosi e attrezzati laboratori linguistici, multimediali e scientifici, conoscere le attivit\u00e0 extracurriculari (alternanza scuola-lavoro, stage all&#8217;estero, progetti di arricchimento dell\u2019offerta formativa) e le innovative metodologie didattiche (CLIL, Esabac, metodo Orberg) che sostengono l&#8217;apprendimento nelle varie discipline.<br \/>\nI docenti di inglese, francese, spagnolo, tedesco, scienze umane, diritto, scienze naturali e scienze motorie organizzeranno laboratori didattici interattivi.<\/p>\n<p>Alle ore 10,30 la dirigente scolastica, prof.ssa Maria Oliva, illustrer\u00e0, nell&#8217;auditorium dell&#8217;istituto, la ricca offerta formativa che consente un&#8217;ampia possibilit\u00e0 di scelta tra:<\/p>\n<p>Liceo delle Scienze Umane (Brindisi e Latiano)<br \/>\nLiceo Economico Sociale (Brindisi)<br \/>\nLiceo Linguistico (Brindisi)<\/p>\n<p>I PROSSIMI OPEN DAYS<\/p>\n<p>domenica 13 gennaio 2019\tOre 10.00-12.00\t    sede di BRINDISI e sede di LATIANO<br \/>\ndomenica 20 gennaio 2019\tOre 10.00-12.00<br \/>\nOre 16.00-18.00\tsede di BRINDISI<br \/>\ndomenica 27 gennaio 2019\tOre 10.00-12.00<br \/>\nOre 16.00-18.00\tsede di BRINDISI e sede di LATIANO<br \/>\nDomenica 3 febbraio 2019\tOre 10.00-12.00<br \/>\n\t  sede di BRINDISI <\/p>\n<p>Il personale di segreteria sar\u00e0 a disposizione dei genitori che riterranno utile il supporto dei nostri uffici per l&#8217;iscrizione dei propri figli al primo anno della scuola secondaria di secondo grado.<\/p>\n<p>Per ogni ulteriore informazione www.liceopalumbo.edu.it o contattare la segreteria didattica al numero 0831\/583124.<\/p>\n","protected":false},"excerpt":{"rendered":"<p>E\u2019 tempo di iscrizioni, di scelte importanti per le famiglie (\u00e8 possibile effettuarle sino alle ore 20 del 31 gennaio 2019) e l\u2019Istituto Comprensivo Santa Chiara di Brindisi apre le porte ai genitori e ai futuri studenti per far conoscere le offerte scolastiche e formative, diffondere brochure e fornire informazioni utili per una delicata scelta. Gli open day sono organizzati nei tre ordini di scuola nell\u2019ambito del progetto Continuit\u00e0 dal titolo \u201cIn viaggio verso la nuova scuola\u201d. Cinque le giornate in cui il personale scolastico accoglier\u00e0 i visitatori: nelle scuole dell\u2019infanzia Piaget e San Giovanni Bosco e nella primaria don Milani il primo appuntamento \u00e8 fissato per domenica 13 gennaio dalle ore 10 alle 12; il secondo, per sabato 19 gennaio dalle ore 16 alle 18.30. Chi invece vorr\u00e0 conoscere la Scuola Secondaria di primo grado Marco Pacuvio potr\u00e0 farlo nelle giornate di sabato 12 gennaio dalle ore 16 alle 18.30; domenica 20 gennaio dalle ore 10 alle 12; ultima, in coincidenza con la Giornata della Memoria, domenica 27 gennaio&#8230;<\/p>\n","protected":false},"author":2,"featured_media":147757,"comment_status":"open","ping_status":"closed","sticky":false,"template":"","format":"standard","meta":{"footnotes":""},"categories":[7],"tags":[],"class_list":["post-147754","post","type-post","status-publish","format-standard","has-post-thumbnail","hentry","category-news"],"_links":{"self":[{"href":"https:\/\/www.brundisium.net\/index.php\/wp-json\/wp\/v2\/posts\/147754","targetHints":{"allow":["GET"]}}],"collection":[{"href":"https:\/\/www.brundisium.net\/index.php\/wp-json\/wp\/v2\/posts"}],"about":[{"href":"https:\/\/www.brundisium.net\/index.php\/wp-json\/wp\/v2\/types\/post"}],"author":[{"embeddable":true,"href":"https:\/\/www.brundisium.net\/index.php\/wp-json\/wp\/v2\/users\/2"}],"replies":[{"embeddable":true,"href":"https:\/\/www.brundisium.net\/index.php\/wp-json\/wp\/v2\/comments?post=147754"}],"version-history":[{"count":1,"href":"https:\/\/www.brundisium.net\/index.php\/wp-json\/wp\/v2\/posts\/147754\/revisions"}],"predecessor-version":[{"id":147758,"href":"https:\/\/www.brundisium.net\/index.php\/wp-json\/wp\/v2\/posts\/147754\/revisions\/147758"}],"wp:featuredmedia":[{"embeddable":true,"href":"https:\/\/www.brundisium.net\/index.php\/wp-json\/wp\/v2\/media\/147757"}],"wp:attachment":[{"href":"https:\/\/www.brundisium.net\/index.php\/wp-json\/wp\/v2\/media?parent=147754"}],"wp:term":[{"taxonomy":"category","embeddable":true,"href":"https:\/\/www.brundisium.net\/index.php\/wp-json\/wp\/v2\/categories?post=147754"},{"taxonomy":"post_tag","embeddable":true,"href":"https:\/\/www.brundisium.net\/index.php\/wp-json\/wp\/v2\/tags?post=147754"}],"curies":[{"name":"wp","href":"https:\/\/api.w.org\/{rel}","templated":true}]}}