{"id":147912,"date":"2019-01-13T19:53:09","date_gmt":"2019-01-13T18:53:09","guid":{"rendered":"http:\/\/www.brundisium.net\/?p=147912"},"modified":"2019-01-13T19:53:09","modified_gmt":"2019-01-13T18:53:09","slug":"spari-nella-movida-rossi-occorre-riempire-il-vuoto-della-cultura-della-legalita","status":"publish","type":"post","link":"https:\/\/www.brundisium.net\/index.php\/spari-nella-movida-rossi-occorre-riempire-il-vuoto-della-cultura-della-legalita\/","title":{"rendered":"Spari nella movida, Rossi: &#8220;occorre riempire il vuoto della cultura della legalit\u00e0&#8221;"},"content":{"rendered":"<p>C\u2019\u00e8 un pensiero che mi assilla e genera inquietudine, ieri sera nel centro della citt\u00e0 un giovane dopo una lite \u00e8 stato colpito da due spari. Non \u00e8 il primo episodio, al momento non conosciamo i motivi di quest\u2019ultimo gesto ma possiamo facilmente immaginarli: banali liti, comportamenti da bulli che credono di dover a tutti i costi farsi rispettare con la violenza.<\/p>\n<p>Sono preoccupato da sindaco e da genitore, ieri sera le mie due fi<span class=\"text_exposed_show\">glie erano in centro insieme a centinaia di giovani che vogliono giustamente incontrarsi, divertirsi vivere la loro adolescenza e giovent\u00f9 serenamente.<\/span><\/p>\n<p>&nbsp;<\/p>\n<p><span class=\"text_exposed_show\"><br \/>\nMa c&#8217;\u00e8 un altro aspetto inquietante: come \u00e8 possibile che i nostri giovani abbiano accesso cos\u00ec facilmente alle armi? Questa possibilit\u00e0 rende tutto pi\u00f9 complesso e pericoloso.<\/span><\/p>\n<p>&nbsp;<\/p>\n<p><span class=\"text_exposed_show\"><br \/>\nMi rendo sempre pi\u00f9 conto che l&#8217;importante e preziosa opera delle forze dell&#8217;ordine nel controllare il territorio e reprimere questi fenomeni da sola non \u00e8 sufficiente, a Brindisi c\u2019\u00e8 un vuoto, \u00e8 il vuoto della cultura della legalit\u00e0, \u00e8 il vuoto della sfiducia, il vuoto di chi non crede pi\u00f9 nel rispetto di niente e di nessuno.<\/span><\/p>\n<p>&nbsp;<\/p>\n<p><span class=\"text_exposed_show\"><br \/>\nPoliticamente e collettivamente dobbiamo riempire questo vuoto, lavorare con politiche culturali precise e costanti, agire onestamente noi per primi e scardinare vecchi sistemi, ascoltare i cittadini tutti, dare fiducia.<\/span><\/p>\n<p>&nbsp;<\/p>\n<p><span class=\"text_exposed_show\"><br \/>\nOccorre una nuova operazione primavera ma questa volta non solo di controllo del territorio ma soprattutto culturale con interventi in tutta la citt\u00e0, una vera e propria mobilitazione della cittadinanza attiva e degli attori sociali pubblici e privati. Dobbiamo essere presenti, ognuno di noi \u00e8 chiamato a questa responsabilit\u00e0. La nostra amministrazione ha avviato questo percorso, ma evidentemente dobbiamo essere ancora pi\u00f9 incisivi e preparati.<\/span><\/p>\n<p>&nbsp;<\/p>\n<p><span class=\"text_exposed_show\"><br \/>\nA questi giovani chiedo di arrabbiarsi con noi adulti, di reclamare quello che vogliono, di urlare il loro dolore, \u00e8 nostro compito dare ascolto e risposte.<\/span><\/p>\n<p>&nbsp;<\/p>\n<p><span class=\"text_exposed_show\"><br \/>\nA tutti e a tutte vorrei dire di unire le forze, ognuno porti il buon esempio, lavoriamo sodo, denunciamo l\u2019illegalit\u00e0, alimentiamo la fiducia, io ci sono.<\/span><\/p>\n<p>&nbsp;<\/p>\n<p><em><strong>Riccardo Rossi<\/strong><\/em><\/p>\n","protected":false},"excerpt":{"rendered":"<p>C\u2019\u00e8 un pensiero che mi assilla e genera inquietudine, ieri sera nel centro della citt\u00e0 un giovane dopo una lite \u00e8 stato colpito da due spari. Non \u00e8 il primo episodio, al momento non conosciamo i motivi di quest\u2019ultimo gesto ma possiamo facilmente immaginarli: banali liti, comportamenti da bulli che credono di dover a tutti i costi farsi rispettare con la violenza. Sono preoccupato da sindaco e da genitore, ieri sera le mie due figlie erano in centro insieme a centinaia di giovani che vogliono giustamente incontrarsi, divertirsi vivere la loro adolescenza e giovent\u00f9 serenamente. &nbsp; Ma c&#8217;\u00e8 un altro aspetto inquietante: come \u00e8 possibile che i nostri giovani abbiano accesso cos\u00ec facilmente alle armi? Questa possibilit\u00e0 rende tutto pi\u00f9 complesso e pericoloso. &nbsp; Mi rendo sempre pi\u00f9 conto che l&#8217;importante e preziosa opera delle forze dell&#8217;ordine nel controllare il territorio e reprimere questi fenomeni da sola non \u00e8 sufficiente, a Brindisi c\u2019\u00e8 un vuoto, \u00e8 il vuoto della cultura della legalit\u00e0, \u00e8 il vuoto della sfiducia, il vuoto di&#8230;<\/p>\n","protected":false},"author":2,"featured_media":141994,"comment_status":"open","ping_status":"closed","sticky":false,"template":"","format":"standard","meta":{"footnotes":""},"categories":[7],"tags":[],"class_list":["post-147912","post","type-post","status-publish","format-standard","has-post-thumbnail","hentry","category-news"],"_links":{"self":[{"href":"https:\/\/www.brundisium.net\/index.php\/wp-json\/wp\/v2\/posts\/147912","targetHints":{"allow":["GET"]}}],"collection":[{"href":"https:\/\/www.brundisium.net\/index.php\/wp-json\/wp\/v2\/posts"}],"about":[{"href":"https:\/\/www.brundisium.net\/index.php\/wp-json\/wp\/v2\/types\/post"}],"author":[{"embeddable":true,"href":"https:\/\/www.brundisium.net\/index.php\/wp-json\/wp\/v2\/users\/2"}],"replies":[{"embeddable":true,"href":"https:\/\/www.brundisium.net\/index.php\/wp-json\/wp\/v2\/comments?post=147912"}],"version-history":[{"count":1,"href":"https:\/\/www.brundisium.net\/index.php\/wp-json\/wp\/v2\/posts\/147912\/revisions"}],"predecessor-version":[{"id":147913,"href":"https:\/\/www.brundisium.net\/index.php\/wp-json\/wp\/v2\/posts\/147912\/revisions\/147913"}],"wp:featuredmedia":[{"embeddable":true,"href":"https:\/\/www.brundisium.net\/index.php\/wp-json\/wp\/v2\/media\/141994"}],"wp:attachment":[{"href":"https:\/\/www.brundisium.net\/index.php\/wp-json\/wp\/v2\/media?parent=147912"}],"wp:term":[{"taxonomy":"category","embeddable":true,"href":"https:\/\/www.brundisium.net\/index.php\/wp-json\/wp\/v2\/categories?post=147912"},{"taxonomy":"post_tag","embeddable":true,"href":"https:\/\/www.brundisium.net\/index.php\/wp-json\/wp\/v2\/tags?post=147912"}],"curies":[{"name":"wp","href":"https:\/\/api.w.org\/{rel}","templated":true}]}}