{"id":148010,"date":"2019-01-15T10:57:19","date_gmt":"2019-01-15T09:57:19","guid":{"rendered":"http:\/\/www.brundisium.net\/?p=148010"},"modified":"2019-01-15T10:40:47","modified_gmt":"2019-01-15T09:40:47","slug":"pianificare-la-mobilita-sostenibile-se-ne-parla-sabato-19-ad-ostuni","status":"publish","type":"post","link":"https:\/\/www.brundisium.net\/index.php\/pianificare-la-mobilita-sostenibile-se-ne-parla-sabato-19-ad-ostuni\/","title":{"rendered":"Pianificare la mobilit\u00e0 sostenibile: se ne parla sabato 19 ad Ostuni"},"content":{"rendered":"<p>Il gruppo di attivisti del M5S di Ostuni  organizza un incontro tra cittadini, tecnici ed esponenti politici sul tema della mobilit\u00e0 nei centri urbani di medie dimensioni.<\/p>\n<p>Il tema che si andr\u00e0 ad approfondire in questa occasione \u00e8 stato scelto dall&#8217;analisi delle criticit\u00e0 riportate in un questionario ancora disponibile per la compilazione online sulla pagina facebook \u201cOstuni 5 Stelle\u201d e sul gruppo \u201cL\u2019Ostuni che vorremmo\u201d. L&#8217;idea degli attivisti 5 stelle ostunesi, infatti, \u00e8 quella di creare dei momenti di conoscenza e di dibattito critico con esperti nei campi e nei settori risultati di particolare interesse per i cittadini.<\/p>\n<p>\u201cCrediamo fermamente -dichiara Andrea Martucci-  che si possano mettere in atto soluzioni che tendano a migliorare lo stile di vita collettivo attraverso l\u2019adozione di buone pratiche gi\u00e0 collaudate in altri comuni, ma soprattutto attraverso la creazione di una rete di cittadini, volontari, polizia municipale, insegnanti e genitori dei bambini che possa bypassare la carenza di fondi a disposizione della mobilit\u00e0 alternativa all&#8217;automobile.<\/p>\n<p>I temi che andremo a trattare esulano da ogni connotazione politica e tendono a sensibilizzare e diffondere una concezione dell\u2019assetto urbano ispirato ai principi di sostenibilit\u00e0, rispetto per l\u2019ambiente e senso civico che devono riguardare ogni componente istituzionale e politico della citt\u00e0.\u201d<\/p>\n<p>L\u2019appuntamento \u00e8 ad Ostuni sabato 19 gennaio alle ore 17:00  nel Salone dei Sindaci a Palazzo S.Francesco<\/p>\n<p>Interverranno l\u2019Ing. Maurizio Difronzo co-founder di Elaborazioni.Org, esperto in mobilit\u00e0 sicura e sostenibile, nonch\u00e9 in tematiche di Mobility Management Scolastico, il Dott. Giuseppe Dimunno, Coord. FIAB Puglia e Basilicata, bike to work\/school, spazio urbano, escursionismo e cicloturismo, Rete Bicitalia, l\u2019On. Emanuele Scagliusi Deputato del Movimento 5 Stelle in Commissione Trasporti della Camera, la Senatrice del Movimento 5 Stelle Patty L&#8217;Abbate della<\/p>\n<p>Commissione Ambiente.<\/p>\n<p>Modera l&#8217;incontro  Andrea Martucci attivista del Movimento 5 Stelle ad Ostuni.<\/p>\n<p>Parteciperanno al convegno l&#8217;On. Valentina Palmisano, l&#8217;On. Giovanni Luca Aresta ed il Sindaco di Ostuni Dott. Gianfranco Coppola oltre che per i saluti istituzionali per presenziare ed intervenire nel dibattito programmato a fine convegno.<\/p>\n","protected":false},"excerpt":{"rendered":"<p>Il gruppo di attivisti del M5S di Ostuni organizza un incontro tra cittadini, tecnici ed esponenti politici sul tema della mobilit\u00e0 nei centri urbani di medie dimensioni. Il tema che si andr\u00e0 ad approfondire in questa occasione \u00e8 stato scelto dall&#8217;analisi delle criticit\u00e0 riportate in un questionario ancora disponibile per la compilazione online sulla pagina facebook \u201cOstuni 5 Stelle\u201d e sul gruppo \u201cL\u2019Ostuni che vorremmo\u201d. L&#8217;idea degli attivisti 5 stelle ostunesi, infatti, \u00e8 quella di creare dei momenti di conoscenza e di dibattito critico con esperti nei campi e nei settori risultati di particolare interesse per i cittadini. \u201cCrediamo fermamente -dichiara Andrea Martucci- che si possano mettere in atto soluzioni che tendano a migliorare lo stile di vita collettivo attraverso l\u2019adozione di buone pratiche gi\u00e0 collaudate in altri comuni, ma soprattutto attraverso la creazione di una rete di cittadini, volontari, polizia municipale, insegnanti e genitori dei bambini che possa bypassare la carenza di fondi a disposizione della mobilit\u00e0 alternativa all&#8217;automobile. I temi che andremo a trattare esulano da ogni connotazione&#8230;<\/p>\n","protected":false},"author":2,"featured_media":148011,"comment_status":"open","ping_status":"closed","sticky":false,"template":"","format":"standard","meta":{"footnotes":""},"categories":[7],"tags":[],"class_list":["post-148010","post","type-post","status-publish","format-standard","has-post-thumbnail","hentry","category-news"],"_links":{"self":[{"href":"https:\/\/www.brundisium.net\/index.php\/wp-json\/wp\/v2\/posts\/148010","targetHints":{"allow":["GET"]}}],"collection":[{"href":"https:\/\/www.brundisium.net\/index.php\/wp-json\/wp\/v2\/posts"}],"about":[{"href":"https:\/\/www.brundisium.net\/index.php\/wp-json\/wp\/v2\/types\/post"}],"author":[{"embeddable":true,"href":"https:\/\/www.brundisium.net\/index.php\/wp-json\/wp\/v2\/users\/2"}],"replies":[{"embeddable":true,"href":"https:\/\/www.brundisium.net\/index.php\/wp-json\/wp\/v2\/comments?post=148010"}],"version-history":[{"count":1,"href":"https:\/\/www.brundisium.net\/index.php\/wp-json\/wp\/v2\/posts\/148010\/revisions"}],"predecessor-version":[{"id":148012,"href":"https:\/\/www.brundisium.net\/index.php\/wp-json\/wp\/v2\/posts\/148010\/revisions\/148012"}],"wp:featuredmedia":[{"embeddable":true,"href":"https:\/\/www.brundisium.net\/index.php\/wp-json\/wp\/v2\/media\/148011"}],"wp:attachment":[{"href":"https:\/\/www.brundisium.net\/index.php\/wp-json\/wp\/v2\/media?parent=148010"}],"wp:term":[{"taxonomy":"category","embeddable":true,"href":"https:\/\/www.brundisium.net\/index.php\/wp-json\/wp\/v2\/categories?post=148010"},{"taxonomy":"post_tag","embeddable":true,"href":"https:\/\/www.brundisium.net\/index.php\/wp-json\/wp\/v2\/tags?post=148010"}],"curies":[{"name":"wp","href":"https:\/\/api.w.org\/{rel}","templated":true}]}}