{"id":148063,"date":"2019-01-15T19:17:50","date_gmt":"2019-01-15T18:17:50","guid":{"rendered":"http:\/\/www.brundisium.net\/?p=148063"},"modified":"2019-01-15T19:17:50","modified_gmt":"2019-01-15T18:17:50","slug":"settimana-corta-e-diritti-alla-scuola-media-materdona-moro-di-mesagne-fioccano-le-polemiche-ecco-una-lettera-aperta-al-dirigente","status":"publish","type":"post","link":"https:\/\/www.brundisium.net\/index.php\/settimana-corta-e-diritti-alla-scuola-media-materdona-moro-di-mesagne-fioccano-le-polemiche-ecco-una-lettera-aperta-al-dirigente\/","title":{"rendered":"Settimana corta e diritti alla Scuola Media \u201cMaterdona-Moro\u201d di Mesagne: fioccano le polemiche. Ecco una lettera aperta al Dirigente"},"content":{"rendered":"<p>Caro Dirigente,<\/p>\n<p>&nbsp;<\/p>\n<p>con rammarico noto come la scuola stia perdendo, col tempo, la propria funzione di agenzia educativa e come non sempre assolva ad uno dei suoi ruoli prioritari, cio\u00e8 diffondere la conoscenza e l\u2019informazione in maniera democratica.<\/p>\n<p>&nbsp;<\/p>\n<p>In qualit\u00e0 di genitore di due ragazzi frequentanti la Scuola Media \u201cMaterdona-Moro\u201d di Mesagne, vorrei sottolinearle la mia indignazione per una questione che va oltre l\u2019attivazione o meno della settimana corta, ma che riguarda la libert\u00e0 individuale e il diritto di esprimere in maniera pacata e non urlata la propria opinione di genitori a proposito di temi riguardanti i propri figli.<\/p>\n<p>Questo tipo di atteggiamento non favorisce un clima di fiducia verso la scuola, e sappiamo invece quanto questo sia oggi necessario: se i genitori si sentono coinvolti, e soprattutto ascoltati, si possono costruire basi educative comuni e solide; diversamente, percorrendo strade antitetiche, si rende tutto pi\u00f9 difficoltoso e, inevitabilmente, a risentirne sono prima di tutto i ragazzi.<\/p>\n<p>&nbsp;<\/p>\n<p>Ho deciso di farle giungere in tal modo la mia voce, vista l\u2019impossibilit\u00e0 di farlo mediante sedi \u201copportune\u201d, come lei le definisce, in rappresentanza di tutti quei genitori il cui parere \u00e8 rimasto inascoltato, in assenza di una consultazione diffusa nella comunit\u00e0 mesagnese e di una mancata campagna informativa sui vantaggi \/ svantaggi di una articolazione oraria di 5 giorni. Ma \u00e8 davvero necessario che la scuola venga penalizzata per un modesto ritorno economico o per l\u2019esigenza di un week-end fuoriporta che non tutti si possono permettere?<\/p>\n<p>&nbsp;<\/p>\n<p>Questa \u00e8 la verit\u00e0, anche se celata da altre priorit\u00e0. Inoltre, essendo genitore di un bambino BES, che gi\u00e0 fa fatica a seguire l\u2019incalzare delle lezioni, come potr\u00e0 mai sostenere il ritmo massacrante stabilito da siffatta articolazione? Sar\u00e0 garantito ancora il suo diritto all\u2019inclusione e al successo formativo?<\/p>\n<p>&nbsp;<\/p>\n<p>Tanti genitori, per\u00f2, pensano di no alla luce di una semplice considerazione: se il futuro sar\u00e0 di chi possiede le conoscenze e le competenze, allora molti dei nostri ragazzi rischiano di perdere un\u2019opportunit\u00e0!<\/p>\n<p>Noi genitori contrari alla settimana corta, lavorando per la maggior parte sei giorni alla settimana, non accettiamo che i nostri figli rimangano in balia della sorte il sabato, che il sabato diventi il giorno riservato al sonno per compensare l\u2019irrazionale dispendio di energie subito nei cinque giorni precedenti o addirittura che i nostri ragazzi siano svuotati dai social.<\/p>\n<p>&nbsp;<\/p>\n<p>In conclusione, secondo me, alla fine sono molto di pi\u00f9 gli svantaggi dei vantaggi e, quindi, ci pensi bene e dia l\u2019opportunit\u00e0 a tutti i genitori di esprimersi!<\/p>\n","protected":false},"excerpt":{"rendered":"<p>Caro Dirigente, &nbsp; con rammarico noto come la scuola stia perdendo, col tempo, la propria funzione di agenzia educativa e come non sempre assolva ad uno dei suoi ruoli prioritari, cio\u00e8 diffondere la conoscenza e l\u2019informazione in maniera democratica. &nbsp; In qualit\u00e0 di genitore di due ragazzi frequentanti la Scuola Media \u201cMaterdona-Moro\u201d di Mesagne, vorrei sottolinearle la mia indignazione per una questione che va oltre l\u2019attivazione o meno della settimana corta, ma che riguarda la libert\u00e0 individuale e il diritto di esprimere in maniera pacata e non urlata la propria opinione di genitori a proposito di temi riguardanti i propri figli. Questo tipo di atteggiamento non favorisce un clima di fiducia verso la scuola, e sappiamo invece quanto questo sia oggi necessario: se i genitori si sentono coinvolti, e soprattutto ascoltati, si possono costruire basi educative comuni e solide; diversamente, percorrendo strade antitetiche, si rende tutto pi\u00f9 difficoltoso e, inevitabilmente, a risentirne sono prima di tutto i ragazzi. &nbsp; Ho deciso di farle giungere in tal modo la mia voce,&#8230;<\/p>\n","protected":false},"author":2,"featured_media":148064,"comment_status":"open","ping_status":"closed","sticky":false,"template":"","format":"standard","meta":{"footnotes":""},"categories":[7],"tags":[],"class_list":["post-148063","post","type-post","status-publish","format-standard","has-post-thumbnail","hentry","category-news"],"_links":{"self":[{"href":"https:\/\/www.brundisium.net\/index.php\/wp-json\/wp\/v2\/posts\/148063","targetHints":{"allow":["GET"]}}],"collection":[{"href":"https:\/\/www.brundisium.net\/index.php\/wp-json\/wp\/v2\/posts"}],"about":[{"href":"https:\/\/www.brundisium.net\/index.php\/wp-json\/wp\/v2\/types\/post"}],"author":[{"embeddable":true,"href":"https:\/\/www.brundisium.net\/index.php\/wp-json\/wp\/v2\/users\/2"}],"replies":[{"embeddable":true,"href":"https:\/\/www.brundisium.net\/index.php\/wp-json\/wp\/v2\/comments?post=148063"}],"version-history":[{"count":1,"href":"https:\/\/www.brundisium.net\/index.php\/wp-json\/wp\/v2\/posts\/148063\/revisions"}],"predecessor-version":[{"id":148065,"href":"https:\/\/www.brundisium.net\/index.php\/wp-json\/wp\/v2\/posts\/148063\/revisions\/148065"}],"wp:featuredmedia":[{"embeddable":true,"href":"https:\/\/www.brundisium.net\/index.php\/wp-json\/wp\/v2\/media\/148064"}],"wp:attachment":[{"href":"https:\/\/www.brundisium.net\/index.php\/wp-json\/wp\/v2\/media?parent=148063"}],"wp:term":[{"taxonomy":"category","embeddable":true,"href":"https:\/\/www.brundisium.net\/index.php\/wp-json\/wp\/v2\/categories?post=148063"},{"taxonomy":"post_tag","embeddable":true,"href":"https:\/\/www.brundisium.net\/index.php\/wp-json\/wp\/v2\/tags?post=148063"}],"curies":[{"name":"wp","href":"https:\/\/api.w.org\/{rel}","templated":true}]}}