{"id":148078,"date":"2019-01-16T10:23:49","date_gmt":"2019-01-16T09:23:49","guid":{"rendered":"http:\/\/www.brundisium.net\/?p=148078"},"modified":"2019-01-16T09:48:23","modified_gmt":"2019-01-16T08:48:23","slug":"bambini-in-municipio-per-convalidare-le-loro-carte-didentita","status":"publish","type":"post","link":"https:\/\/www.brundisium.net\/index.php\/bambini-in-municipio-per-convalidare-le-loro-carte-didentita\/","title":{"rendered":"Bambini in Municipio per convalidare le loro carte d\u2019identit\u00e0"},"content":{"rendered":"<p>Gioved\u00ec 17 e venerd\u00ec 18 gennaio i piccoli cinquenni della Scuola dell\u2019Infanzia dell\u2019I.C. Sant\u2019Elia-Commenda si recheranno presso il Comune di Brindisi per convalidare le loro \u201ccarte d\u2019identit\u00e0\u201d.<br \/>\nI bambini incontreranno un funzionario dell\u2019Ufficio Anagrafe che render\u00e0 \u201cufficiali\u201d i loro documenti di riconoscimento. \u00c8 questa una tappa importante del percorso verso una nuova cittadinanza intrapreso dagli alunni del Comprensivo. La scuola della Dirigente prof.ssa Lucia Portolano persegue, infatti, una doppia linea formativa: orizzontale, con il coinvolgimento del territorio, dalle famiglie alle istituzioni, e verticale con attivit\u00e0 specifiche per le diverse fasce d\u2019et\u00e0 a cominciare proprio dalla Scuola dell\u2019Infanzia.<br \/>\nIl bambino va educato fin da piccolo al riconoscimento e alla difesa dei propri diritti, poich\u00e9 egli non solo \u00e8 futuro cittadino, ma titolare sin da subito di diritti innegabili.<br \/>\nAttraverso la narrazione del s\u00e9, la conversazione e la riflessione sulle proprie e altrui caratteristiche, i piccoli cittadini sono arrivati alla realizzazione delle carte d&#8217;identit\u00e0 e non solo. Partendo dal loro vissuto, la famiglia, la scuola, la citt\u00e0, le insegnanti hanno introdotto il concetto di gruppo come comunit\u00e0 di vita regolata da leggi e principi comuni, il significato di parole chiave, come regola, convivenza, democrazia e la riflessione su alcuni articoli della Costituzione Italiana, in particolare sull\u2019art.2 \u201cRiconoscimento dei diritti e doveri di ogni uomo\u201d e sull\u2019art 12 \u201c La bandiera Italiana, simbolo della nostra identit\u00e0 nazionale\u201d.<br \/>\nTante attivit\u00e0 laboratoriali svolte: letture, racconti, drammatizzazioni, filastrocche e canzoni sui diritti e doveri. E poi la conoscenza approfondita della nostra bandiera e dello stemma della Repubblica.<br \/>\nL\u2019appuntamento in Comune \u00e8 per gioved\u00ec alle ore 17.30 per i bambini dei plessi Modigliani 8 e Giovanni XXIII e venerd\u00ec alle 10.00 per i piccoli alunni del plesso Modigliani 16.<br \/>\nLa visita al palazzo di citt\u00e0 sar\u00e0 l\u2019occasione per i bambini di eseguire \u201cFratelli d\u2019Italia\u201d che hanno ascoltato e memorizzato con le loro maestre e di portare in un luogo cos\u00ec importante il loro lavoro ma anche la loro spontaneit\u00e0 ed allegria cos\u00ec come la speranza in un futuro caratterizzato da cittadini attivi e consapevoli.<br \/>\nLa loro speciale carta d\u2019identit\u00e0 servir\u00e0 proprio a questo: rammentare alle nuove generazioni, e non solo, che buoni cittadini lo si diventa e che non  ci sono diritti senza doveri.<\/p>\n","protected":false},"excerpt":{"rendered":"<p>Gioved\u00ec 17 e venerd\u00ec 18 gennaio i piccoli cinquenni della Scuola dell\u2019Infanzia dell\u2019I.C. Sant\u2019Elia-Commenda si recheranno presso il Comune di Brindisi per convalidare le loro \u201ccarte d\u2019identit\u00e0\u201d. I bambini incontreranno un funzionario dell\u2019Ufficio Anagrafe che render\u00e0 \u201cufficiali\u201d i loro documenti di riconoscimento. \u00c8 questa una tappa importante del percorso verso una nuova cittadinanza intrapreso dagli alunni del Comprensivo. La scuola della Dirigente prof.ssa Lucia Portolano persegue, infatti, una doppia linea formativa: orizzontale, con il coinvolgimento del territorio, dalle famiglie alle istituzioni, e verticale con attivit\u00e0 specifiche per le diverse fasce d\u2019et\u00e0 a cominciare proprio dalla Scuola dell\u2019Infanzia. Il bambino va educato fin da piccolo al riconoscimento e alla difesa dei propri diritti, poich\u00e9 egli non solo \u00e8 futuro cittadino, ma titolare sin da subito di diritti innegabili. Attraverso la narrazione del s\u00e9, la conversazione e la riflessione sulle proprie e altrui caratteristiche, i piccoli cittadini sono arrivati alla realizzazione delle carte d&#8217;identit\u00e0 e non solo. Partendo dal loro vissuto, la famiglia, la scuola, la citt\u00e0, le insegnanti hanno introdotto il&#8230;<\/p>\n","protected":false},"author":2,"featured_media":33279,"comment_status":"open","ping_status":"closed","sticky":false,"template":"","format":"standard","meta":{"footnotes":""},"categories":[7],"tags":[],"class_list":["post-148078","post","type-post","status-publish","format-standard","has-post-thumbnail","hentry","category-news"],"_links":{"self":[{"href":"https:\/\/www.brundisium.net\/index.php\/wp-json\/wp\/v2\/posts\/148078","targetHints":{"allow":["GET"]}}],"collection":[{"href":"https:\/\/www.brundisium.net\/index.php\/wp-json\/wp\/v2\/posts"}],"about":[{"href":"https:\/\/www.brundisium.net\/index.php\/wp-json\/wp\/v2\/types\/post"}],"author":[{"embeddable":true,"href":"https:\/\/www.brundisium.net\/index.php\/wp-json\/wp\/v2\/users\/2"}],"replies":[{"embeddable":true,"href":"https:\/\/www.brundisium.net\/index.php\/wp-json\/wp\/v2\/comments?post=148078"}],"version-history":[{"count":1,"href":"https:\/\/www.brundisium.net\/index.php\/wp-json\/wp\/v2\/posts\/148078\/revisions"}],"predecessor-version":[{"id":148081,"href":"https:\/\/www.brundisium.net\/index.php\/wp-json\/wp\/v2\/posts\/148078\/revisions\/148081"}],"wp:featuredmedia":[{"embeddable":true,"href":"https:\/\/www.brundisium.net\/index.php\/wp-json\/wp\/v2\/media\/33279"}],"wp:attachment":[{"href":"https:\/\/www.brundisium.net\/index.php\/wp-json\/wp\/v2\/media?parent=148078"}],"wp:term":[{"taxonomy":"category","embeddable":true,"href":"https:\/\/www.brundisium.net\/index.php\/wp-json\/wp\/v2\/categories?post=148078"},{"taxonomy":"post_tag","embeddable":true,"href":"https:\/\/www.brundisium.net\/index.php\/wp-json\/wp\/v2\/tags?post=148078"}],"curies":[{"name":"wp","href":"https:\/\/api.w.org\/{rel}","templated":true}]}}