{"id":148355,"date":"2019-01-21T15:40:07","date_gmt":"2019-01-21T14:40:07","guid":{"rendered":"http:\/\/www.brundisium.net\/?p=148355"},"modified":"2019-01-21T15:40:07","modified_gmt":"2019-01-21T14:40:07","slug":"m5s-ringraziamo-il-prefetto-valenti-e-auguriamo-buon-lavoro-al-nuovo-prefetto","status":"publish","type":"post","link":"https:\/\/www.brundisium.net\/index.php\/m5s-ringraziamo-il-prefetto-valenti-e-auguriamo-buon-lavoro-al-nuovo-prefetto\/","title":{"rendered":"M5S: \u201cRingraziamo il Prefetto Valenti e auguriamo buon lavoro al nuovo Prefetto\u201d"},"content":{"rendered":"\n<p>Dopo aver appreso del trasferimento del dott. Valerio Valenti, Prefetto di Brindisi, nella nuova sede di Trieste, i portavoce brindisini del M5S e nello specifico i parlamentari del M5S Valentina Palmisano, Giovanni Luca Aresta e Anna Macina, il consigliere regionale Gianluca Bozzetti e i consiglieri comunali Gianluca Serra, Paolo Le Grazie e Tiziana Motolese, esprimono un sentito e sincero ringraziamento al Prefetto per la preziosa attivit\u00e0 svolta sul territorio a tutela della legalit\u00e0 e per il contrasto della criminalit\u00e0, in particolar modo alla lotta ad ogni forma di corruzione. Attenzione che si \u00e8 palesata anche nella recentissima convocazione del comitato per l\u2019ordine e la sicurezza a seguito dei ripetuti e spiacevoli fatti di cronaca.<\/p>\n<p>\u201cNel corso del suo incarico &#8211; dichiarano i portavoce pentastellati &#8211; \u00e8 stato possibile apprezzare, oltre alle indubbie qualit\u00e0 professionali, anche le spiccate qualit\u00e0 umane del dott. Valenti, sempre attento alle esigenze dei cittadini, in uno spirito di piena collaborazione e condivisione con le altre Istituzioni. Al dott. Valenti &#8211; proseguono &#8211; vogliamo sinceramente augurare di continuare il suo brillante percorso lavorativo con le doti di umanit\u00e0 e professionalit\u00e0 che lo hanno ampiamente contraddistinto sul nostro territorio.<br \/>\nAl contempo facciamo gli auguri al nuovo Prefetto della provincia di Brindisi al quale, fin da ora, offriamo la nostra massima disponibilit\u00e0 e collaborazione, sempre nell\u2019interesse dei nostri concittadini.\u201d<\/p>\n<p> Comunicazione M5S Puglia<\/p>\n","protected":false},"excerpt":{"rendered":"<p>Dopo aver appreso del trasferimento del dott. Valerio Valenti, Prefetto di Brindisi, nella nuova sede di Trieste, i portavoce brindisini del M5S e nello specifico i parlamentari del M5S Valentina Palmisano, Giovanni Luca Aresta e Anna Macina, il consigliere regionale Gianluca Bozzetti e i consiglieri comunali Gianluca Serra, Paolo Le Grazie e Tiziana Motolese, esprimono un sentito e sincero ringraziamento al Prefetto per la preziosa attivit\u00e0 svolta sul territorio a tutela della legalit\u00e0 e per il contrasto della criminalit\u00e0, in particolar modo alla lotta ad ogni forma di corruzione. Attenzione che si \u00e8 palesata anche nella recentissima convocazione del comitato per l\u2019ordine e la sicurezza a seguito dei ripetuti e spiacevoli fatti di cronaca. \u201cNel corso del suo incarico &#8211; dichiarano i portavoce pentastellati &#8211; \u00e8 stato possibile apprezzare, oltre alle indubbie qualit\u00e0 professionali, anche le spiccate qualit\u00e0 umane del dott. Valenti, sempre attento alle esigenze dei cittadini, in uno spirito di piena collaborazione e condivisione con le altre Istituzioni. Al dott. Valenti &#8211; proseguono &#8211; vogliamo sinceramente augurare di&#8230;<\/p>\n","protected":false},"author":2,"featured_media":104699,"comment_status":"open","ping_status":"closed","sticky":false,"template":"","format":"standard","meta":{"footnotes":""},"categories":[7],"tags":[],"class_list":["post-148355","post","type-post","status-publish","format-standard","has-post-thumbnail","hentry","category-news"],"_links":{"self":[{"href":"https:\/\/www.brundisium.net\/index.php\/wp-json\/wp\/v2\/posts\/148355","targetHints":{"allow":["GET"]}}],"collection":[{"href":"https:\/\/www.brundisium.net\/index.php\/wp-json\/wp\/v2\/posts"}],"about":[{"href":"https:\/\/www.brundisium.net\/index.php\/wp-json\/wp\/v2\/types\/post"}],"author":[{"embeddable":true,"href":"https:\/\/www.brundisium.net\/index.php\/wp-json\/wp\/v2\/users\/2"}],"replies":[{"embeddable":true,"href":"https:\/\/www.brundisium.net\/index.php\/wp-json\/wp\/v2\/comments?post=148355"}],"version-history":[{"count":1,"href":"https:\/\/www.brundisium.net\/index.php\/wp-json\/wp\/v2\/posts\/148355\/revisions"}],"predecessor-version":[{"id":148357,"href":"https:\/\/www.brundisium.net\/index.php\/wp-json\/wp\/v2\/posts\/148355\/revisions\/148357"}],"wp:featuredmedia":[{"embeddable":true,"href":"https:\/\/www.brundisium.net\/index.php\/wp-json\/wp\/v2\/media\/104699"}],"wp:attachment":[{"href":"https:\/\/www.brundisium.net\/index.php\/wp-json\/wp\/v2\/media?parent=148355"}],"wp:term":[{"taxonomy":"category","embeddable":true,"href":"https:\/\/www.brundisium.net\/index.php\/wp-json\/wp\/v2\/categories?post=148355"},{"taxonomy":"post_tag","embeddable":true,"href":"https:\/\/www.brundisium.net\/index.php\/wp-json\/wp\/v2\/tags?post=148355"}],"curies":[{"name":"wp","href":"https:\/\/api.w.org\/{rel}","templated":true}]}}