{"id":148394,"date":"2019-01-22T07:21:17","date_gmt":"2019-01-22T06:21:17","guid":{"rendered":"http:\/\/www.brundisium.net\/?p=148394"},"modified":"2019-01-21T22:22:42","modified_gmt":"2019-01-21T21:22:42","slug":"open-day-con-lautore-al-classico-marzolla-di-brindisi","status":"publish","type":"post","link":"https:\/\/www.brundisium.net\/index.php\/open-day-con-lautore-al-classico-marzolla-di-brindisi\/","title":{"rendered":"Open day con l\u2019autore al classico \u201cMarzolla\u201d di Brindisi"},"content":{"rendered":"<p>Raffaele Valentini domenica 27 gennaio, dalle ore 10:00 alle ore 13:00 circa, nell\u2019auditorium \u201cCinzia Zonno\u201d di recentissima dedica, dialogher\u00e0 con gli alunni delle classi quarte ed incontrer\u00e0 gli alunni delle altre classi e delle scuole medie presenti. Dopo il previsto saluto della DS , Prof.ssa Carmen Taurino e l\u2019intervento del primo collaboratore, prof.ssa Maria Diletta Martucci, moderer\u00e0 l\u2019incontro la prof.ssa Pierangela Del Prete, che presenter\u00e0 l\u2019autore ed il libro, coadiuvata dagli alunni Rebecca Romolaccio, Stefano Baglione, Giulia di Geronimo, Caterina Graniti, che leggeranno passi del libro e Sara Piccigallo, che eseguir\u00e0 dei brani musicali alla tastiera.<\/p>\n<p>&nbsp;<\/p>\n<p>\u201cCi sar\u00e0 tempo per chiedermi\u201d, casa editrice \u201cIl Papavero\u201d, \u00e8 un romanzo a met\u00e0 tra memorie di una vita e viaggio nella cultura intima e nei valori profondi di un centro di provincia. Tra incontri presso il barista che conosce cose dette e non dette del paese; la festa del Santo Patrono che riunisce magicamente una comunit\u00e0; l\u2019attaccamento viscerale a chi non c\u2019\u00e8 pi\u00f9, ma \u00e8 presenza viva come un sacro lare che protegge le nostre scelte; il mistero da giallo per un\u2019eredit\u00e0 contesa, la narrazione ci avvolge come in una danza concentrica e ci prende. Il pubblico, dopo aver gustato un breve video sul libro, avr\u00e0 il suo tempo per chiedere, per trovare risposte con l\u2019autore nella vita calda di un paese.<\/p>\n<p>&nbsp;<\/p>\n<p>Poi anche la possibilit\u00e0 di visitare la scuola, di informarsi sui suoi indirizzi e sulle su attivit\u00e0, un focus sul quadriennale\u2026 Ad accogliere i presenti le figure di sistema, proff. Vittoria Fedele, Daniela Franco, Elisabetta Carluccio, gli altri docenti e gli alunni pi\u00f9 grandi.<\/p>\n","protected":false},"excerpt":{"rendered":"<p>Raffaele Valentini domenica 27 gennaio, dalle ore 10:00 alle ore 13:00 circa, nell\u2019auditorium \u201cCinzia Zonno\u201d di recentissima dedica, dialogher\u00e0 con gli alunni delle classi quarte ed incontrer\u00e0 gli alunni delle altre classi e delle scuole medie presenti. Dopo il previsto saluto della DS , Prof.ssa Carmen Taurino e l\u2019intervento del primo collaboratore, prof.ssa Maria Diletta Martucci, moderer\u00e0 l\u2019incontro la prof.ssa Pierangela Del Prete, che presenter\u00e0 l\u2019autore ed il libro, coadiuvata dagli alunni Rebecca Romolaccio, Stefano Baglione, Giulia di Geronimo, Caterina Graniti, che leggeranno passi del libro e Sara Piccigallo, che eseguir\u00e0 dei brani musicali alla tastiera. &nbsp; \u201cCi sar\u00e0 tempo per chiedermi\u201d, casa editrice \u201cIl Papavero\u201d, \u00e8 un romanzo a met\u00e0 tra memorie di una vita e viaggio nella cultura intima e nei valori profondi di un centro di provincia. Tra incontri presso il barista che conosce cose dette e non dette del paese; la festa del Santo Patrono che riunisce magicamente una comunit\u00e0; l\u2019attaccamento viscerale a chi non c\u2019\u00e8 pi\u00f9, ma \u00e8 presenza viva come un sacro lare che&#8230;<\/p>\n","protected":false},"author":2,"featured_media":148395,"comment_status":"open","ping_status":"closed","sticky":false,"template":"","format":"standard","meta":{"footnotes":""},"categories":[7],"tags":[],"class_list":["post-148394","post","type-post","status-publish","format-standard","has-post-thumbnail","hentry","category-news"],"_links":{"self":[{"href":"https:\/\/www.brundisium.net\/index.php\/wp-json\/wp\/v2\/posts\/148394","targetHints":{"allow":["GET"]}}],"collection":[{"href":"https:\/\/www.brundisium.net\/index.php\/wp-json\/wp\/v2\/posts"}],"about":[{"href":"https:\/\/www.brundisium.net\/index.php\/wp-json\/wp\/v2\/types\/post"}],"author":[{"embeddable":true,"href":"https:\/\/www.brundisium.net\/index.php\/wp-json\/wp\/v2\/users\/2"}],"replies":[{"embeddable":true,"href":"https:\/\/www.brundisium.net\/index.php\/wp-json\/wp\/v2\/comments?post=148394"}],"version-history":[{"count":1,"href":"https:\/\/www.brundisium.net\/index.php\/wp-json\/wp\/v2\/posts\/148394\/revisions"}],"predecessor-version":[{"id":148396,"href":"https:\/\/www.brundisium.net\/index.php\/wp-json\/wp\/v2\/posts\/148394\/revisions\/148396"}],"wp:featuredmedia":[{"embeddable":true,"href":"https:\/\/www.brundisium.net\/index.php\/wp-json\/wp\/v2\/media\/148395"}],"wp:attachment":[{"href":"https:\/\/www.brundisium.net\/index.php\/wp-json\/wp\/v2\/media?parent=148394"}],"wp:term":[{"taxonomy":"category","embeddable":true,"href":"https:\/\/www.brundisium.net\/index.php\/wp-json\/wp\/v2\/categories?post=148394"},{"taxonomy":"post_tag","embeddable":true,"href":"https:\/\/www.brundisium.net\/index.php\/wp-json\/wp\/v2\/tags?post=148394"}],"curies":[{"name":"wp","href":"https:\/\/api.w.org\/{rel}","templated":true}]}}