{"id":148397,"date":"2019-01-22T07:26:25","date_gmt":"2019-01-22T06:26:25","guid":{"rendered":"http:\/\/www.brundisium.net\/?p=148397"},"modified":"2019-01-28T17:44:47","modified_gmt":"2019-01-28T16:44:47","slug":"prefetto-valenti-brindisini-non-mollate-ed-impegnatevi-non-aspettate-che-qualcun-altro-lotti-per-voi","status":"publish","type":"post","link":"https:\/\/www.brundisium.net\/index.php\/prefetto-valenti-brindisini-non-mollate-ed-impegnatevi-non-aspettate-che-qualcun-altro-lotti-per-voi\/","title":{"rendered":"Prefetto Valenti: &#8220;brindisini non mollate ed impegnatevi. Non aspettate che qualcun altro lotti per voi&#8221;"},"content":{"rendered":"<p>Il 4 Febbraio lascer\u00e0 Brindisi per un ruolo di prestigio a Trieste, ma gi\u00e0 stamattina il Prefetto Valerio Valenti ha voluto lasciare un primo saluto a Brindisi.<\/p>\n<p>Lo ha fatto tramite il suo profilo Facebook in un post in cui ha ringraziato &#8220;tutti gli oltre 630 amici che mi hanno apprezzato e agli oltre 230 che mi hanno incoraggiato in vista di questo ulteriore \u201ctratto\u201d della vita che mi accingo a percorrere&#8221;. <\/p>\n<p>Queste le parole rivolte a Brindisi ed ai Brindisini: &#8220;nel lasciare questa ultima sede desidero abbracciare idealmente tutti gli amici che ho conosciuto ed a cui rester\u00f2 legato per i sentimenti che sono nati in questi 20 mesi.<br \/>\n\u00c8 una provincia dalle mille potenzialit\u00e0 che pochi territori possiedono ma che, tuttavia, per tante ragioni, restano inespresse al meglio.<br \/>\nAuguro ai brindisini ogni bene e, sopratutto, auguro loro di impegnarsi di pi\u00f9 non solo per il benessere individuale e dei propri cari, ma sopratutto di saperlo fare per la comunit\u00e0 intera.<br \/>\nSolo lottando per il bene comune, senza aspettare che sia qualcun altro a farlo per loro, essi potranno raggiungere un benessere maggiore ed una qualit\u00e0 di vita migliore. Non mollate!&#8221;<\/p>\n","protected":false},"excerpt":{"rendered":"<p>Il 4 Febbraio lascer\u00e0 Brindisi per un ruolo di prestigio a Trieste, ma gi\u00e0 stamattina il Prefetto Valerio Valenti ha voluto lasciare un primo saluto a Brindisi. Lo ha fatto tramite il suo profilo Facebook in un post in cui ha ringraziato &#8220;tutti gli oltre 630 amici che mi hanno apprezzato e agli oltre 230 che mi hanno incoraggiato in vista di questo ulteriore \u201ctratto\u201d della vita che mi accingo a percorrere&#8221;. Queste le parole rivolte a Brindisi ed ai Brindisini: &#8220;nel lasciare questa ultima sede desidero abbracciare idealmente tutti gli amici che ho conosciuto ed a cui rester\u00f2 legato per i sentimenti che sono nati in questi 20 mesi. \u00c8 una provincia dalle mille potenzialit\u00e0 che pochi territori possiedono ma che, tuttavia, per tante ragioni, restano inespresse al meglio. Auguro ai brindisini ogni bene e, sopratutto, auguro loro di impegnarsi di pi\u00f9 non solo per il benessere individuale e dei propri cari, ma sopratutto di saperlo fare per la comunit\u00e0 intera. Solo lottando per il bene comune, senza aspettare&#8230;<\/p>\n","protected":false},"author":2,"featured_media":148398,"comment_status":"open","ping_status":"closed","sticky":false,"template":"","format":"standard","meta":{"footnotes":""},"categories":[7],"tags":[],"class_list":["post-148397","post","type-post","status-publish","format-standard","has-post-thumbnail","hentry","category-news"],"_links":{"self":[{"href":"https:\/\/www.brundisium.net\/index.php\/wp-json\/wp\/v2\/posts\/148397","targetHints":{"allow":["GET"]}}],"collection":[{"href":"https:\/\/www.brundisium.net\/index.php\/wp-json\/wp\/v2\/posts"}],"about":[{"href":"https:\/\/www.brundisium.net\/index.php\/wp-json\/wp\/v2\/types\/post"}],"author":[{"embeddable":true,"href":"https:\/\/www.brundisium.net\/index.php\/wp-json\/wp\/v2\/users\/2"}],"replies":[{"embeddable":true,"href":"https:\/\/www.brundisium.net\/index.php\/wp-json\/wp\/v2\/comments?post=148397"}],"version-history":[{"count":1,"href":"https:\/\/www.brundisium.net\/index.php\/wp-json\/wp\/v2\/posts\/148397\/revisions"}],"predecessor-version":[{"id":148399,"href":"https:\/\/www.brundisium.net\/index.php\/wp-json\/wp\/v2\/posts\/148397\/revisions\/148399"}],"wp:featuredmedia":[{"embeddable":true,"href":"https:\/\/www.brundisium.net\/index.php\/wp-json\/wp\/v2\/media\/148398"}],"wp:attachment":[{"href":"https:\/\/www.brundisium.net\/index.php\/wp-json\/wp\/v2\/media?parent=148397"}],"wp:term":[{"taxonomy":"category","embeddable":true,"href":"https:\/\/www.brundisium.net\/index.php\/wp-json\/wp\/v2\/categories?post=148397"},{"taxonomy":"post_tag","embeddable":true,"href":"https:\/\/www.brundisium.net\/index.php\/wp-json\/wp\/v2\/tags?post=148397"}],"curies":[{"name":"wp","href":"https:\/\/api.w.org\/{rel}","templated":true}]}}