{"id":148401,"date":"2019-01-22T10:11:57","date_gmt":"2019-01-22T09:11:57","guid":{"rendered":"http:\/\/www.brundisium.net\/?p=148401"},"modified":"2019-01-22T10:11:57","modified_gmt":"2019-01-22T09:11:57","slug":"francavilla-al-via-i-lavori-di-ripristino-delle-strade-comunali","status":"publish","type":"post","link":"https:\/\/www.brundisium.net\/index.php\/francavilla-al-via-i-lavori-di-ripristino-delle-strade-comunali\/","title":{"rendered":"Francavilla: al via i lavori di ripristino delle strade comunali"},"content":{"rendered":"<p>Novit\u00e0 in arrivo a Francavilla Fontana sul fronte viabilit\u00e0. \u00c8 giunta infatti ad aggiudicazione la gara in merito alla \u201cManutenzione ordinaria e straordinaria della rete stradale interna ed esterna all\u2019abitato del Comune di Francavilla Fontana\u201d. Con questo strumento si potr\u00e0 porre un rimedio all\u2019annoso problema delle buche che attanaglia automobilisti e pedoni francavillesi.<\/p>\n<p>&nbsp;<\/p>\n<p>Le buone notizie non finiscono qui.<br \/>\nSono in fase di svolgimento tre gare per l\u2019affidamento dei lavori di rifacimento totale di alcune arterie comunali con un investimento di circa 250 mila euro. Saranno interessate dai lavori le strade particolarmente danneggiate presenti sull\u2019intero territorio cittadino.<br \/>\nLe vie su cui si concentreranno i lavori, nello specifico, ricadono nelle zone del centro, del rione Madonna delle Grazie, del quartiere musicisti, e comprendono le vie vicine al Palazzetto dello Sport e al Campo Sportivo, senza dimenticare, l\u2019ingresso del cimitero.<\/p>\n<p>&nbsp;<\/p>\n<p>\u201cDiamo il via con questi provvedimenti ad una sorta di primavera delle strade francavillesi \u2013 dichiara l\u2019Assessore ai Lavori Pubblici Antonio Martina \u2013 ed \u00e8 nostra ferma intenzione non fermarci alle strade interne alla citt\u00e0, ma procedere gradualmente al rifacimento delle arterie delle contrade. Presteremo grande attenzione alle fasi operative dei lavori, perch\u00e9 \u00e8 di vitale importanza la loro esecuzione al massimo delle garanzie previste dalla legge per dare ai cittadini risultati di qualit\u00e0. Sono certo \u2013 conclude l\u2019Assessore Martina \u2013 che nell\u2019immediato potremo cominciare ad agire in maniera incisiva sul problema buche, la cui situazione \u00e8 aggravata dal persistente maltempo, e che riusciremo a ridare dignit\u00e0 alla rete viaria cittadina\u201d.<\/p>\n<p>&nbsp;<\/p>\n<p>&nbsp;<\/p>\n<p>Comune di Francavilla Fontana<\/p>\n","protected":false},"excerpt":{"rendered":"<p>Novit\u00e0 in arrivo a Francavilla Fontana sul fronte viabilit\u00e0. \u00c8 giunta infatti ad aggiudicazione la gara in merito alla \u201cManutenzione ordinaria e straordinaria della rete stradale interna ed esterna all\u2019abitato del Comune di Francavilla Fontana\u201d. Con questo strumento si potr\u00e0 porre un rimedio all\u2019annoso problema delle buche che attanaglia automobilisti e pedoni francavillesi. &nbsp; Le buone notizie non finiscono qui. Sono in fase di svolgimento tre gare per l\u2019affidamento dei lavori di rifacimento totale di alcune arterie comunali con un investimento di circa 250 mila euro. Saranno interessate dai lavori le strade particolarmente danneggiate presenti sull\u2019intero territorio cittadino. Le vie su cui si concentreranno i lavori, nello specifico, ricadono nelle zone del centro, del rione Madonna delle Grazie, del quartiere musicisti, e comprendono le vie vicine al Palazzetto dello Sport e al Campo Sportivo, senza dimenticare, l\u2019ingresso del cimitero. &nbsp; \u201cDiamo il via con questi provvedimenti ad una sorta di primavera delle strade francavillesi \u2013 dichiara l\u2019Assessore ai Lavori Pubblici Antonio Martina \u2013 ed \u00e8 nostra ferma intenzione non fermarci&#8230;<\/p>\n","protected":false},"author":2,"featured_media":148402,"comment_status":"open","ping_status":"closed","sticky":false,"template":"","format":"standard","meta":{"footnotes":""},"categories":[7],"tags":[],"class_list":["post-148401","post","type-post","status-publish","format-standard","has-post-thumbnail","hentry","category-news"],"_links":{"self":[{"href":"https:\/\/www.brundisium.net\/index.php\/wp-json\/wp\/v2\/posts\/148401","targetHints":{"allow":["GET"]}}],"collection":[{"href":"https:\/\/www.brundisium.net\/index.php\/wp-json\/wp\/v2\/posts"}],"about":[{"href":"https:\/\/www.brundisium.net\/index.php\/wp-json\/wp\/v2\/types\/post"}],"author":[{"embeddable":true,"href":"https:\/\/www.brundisium.net\/index.php\/wp-json\/wp\/v2\/users\/2"}],"replies":[{"embeddable":true,"href":"https:\/\/www.brundisium.net\/index.php\/wp-json\/wp\/v2\/comments?post=148401"}],"version-history":[{"count":1,"href":"https:\/\/www.brundisium.net\/index.php\/wp-json\/wp\/v2\/posts\/148401\/revisions"}],"predecessor-version":[{"id":148403,"href":"https:\/\/www.brundisium.net\/index.php\/wp-json\/wp\/v2\/posts\/148401\/revisions\/148403"}],"wp:featuredmedia":[{"embeddable":true,"href":"https:\/\/www.brundisium.net\/index.php\/wp-json\/wp\/v2\/media\/148402"}],"wp:attachment":[{"href":"https:\/\/www.brundisium.net\/index.php\/wp-json\/wp\/v2\/media?parent=148401"}],"wp:term":[{"taxonomy":"category","embeddable":true,"href":"https:\/\/www.brundisium.net\/index.php\/wp-json\/wp\/v2\/categories?post=148401"},{"taxonomy":"post_tag","embeddable":true,"href":"https:\/\/www.brundisium.net\/index.php\/wp-json\/wp\/v2\/tags?post=148401"}],"curies":[{"name":"wp","href":"https:\/\/api.w.org\/{rel}","templated":true}]}}