{"id":148452,"date":"2019-01-22T13:53:51","date_gmt":"2019-01-22T12:53:51","guid":{"rendered":"http:\/\/www.brundisium.net\/?p=148452"},"modified":"2019-01-22T14:44:10","modified_gmt":"2019-01-22T13:44:10","slug":"cade-lamministrazione-comunale-di-mesagne","status":"publish","type":"post","link":"https:\/\/www.brundisium.net\/index.php\/cade-lamministrazione-comunale-di-mesagne\/","title":{"rendered":"Cade l&#8217;Amministrazione Comunale di Mesagne: le reazioni"},"content":{"rendered":"<p>Nove consiglieri comunali di Mesagne hanno firmato le dimissioni davanti al notaio Francesco Di Gregorio.<\/p>\n<p>Finisce cosi l&#8217;avventura di Carmelo Molfetta a Sindaco di Mesagne.<br \/>\nA decretare la fine dell&#8217;amministrazione \u00e8 stata la maggioranza (oramai ex) capeggiata dall&#8217;ex onorevole Toni Matarrelli e da Gino Vizzino. Si sono dimessi anche due assessori (Alessandro Cesaria e Antonello Mingenti), il presidente del consiglio Giuseppe Semeraro, i consiglieri di maggioranza Elvy Zurlo e Toni Esperte e due consiglieri di opposizione Francesco \u201cNinni\u201d Mingolla e Alessandro Pastore (entrambi del Partito Democratico).<\/p>\n<p>&nbsp;<\/p>\n<p>Questa la reazione di Molfetta affidata ad un comunicato stampa:<\/p>\n<p><em>&#8220;Alla fine di questa mia esperienza amministrativa sento il dovere di ringraziare tutti coloro, che a vario titolo, in questo tempo, hanno offerto il loro impegno a servizio del bene comune per la nostra Citt\u00e0.<\/em><\/p>\n<p><em>Ringrazio i rappresentanti dalle forze dell\u2019ordine: Sua Eccellenza il Prefetto dr. Valenti, il sig. Questore dr. Masciopinto, il Comandante Provinciale dei Carabinieri col. De Magistris, il Comandante Provinciale della Guardia di Finanza col. Manno, il Maresciallo Taurisano, il Comandante Libascio e la dr.ssa Cotardo, con tutti ho avuto rispettosi e cordiali rapporti di collaborazione a tutela dell\u2019ordine pubblico e della legalit\u00e0.<\/em><\/p>\n<p><em>Ringrazio sua eccellenza l\u2019Arcivescovo Mons. Caliandro e tutto il clero della nostra comunit\u00e0 per l\u2019alto contributo che quotidianamente offrono per il progresso civile e morale .<\/em><\/p>\n<p><em>Ringrazio l\u2019intero corpo associativo mesagnese nelle sue varie articolazione che rappresenta il cuore ed il motore vero della nostra collettivit\u00e0 e che \u00e8 esempio fertile di civismo e di solidariet\u00e0.<\/em><\/p>\n<p><em>Ringrazio le istituzioni scolastiche per l\u2019alta funzione educativa che svolgono in favore dei nostri ragazzi. Nei giovani ripongo inalterata tutta la mia fiducia e la mia speranza per un futuro migliore.<\/em><br \/>\n<em>Ringrazio il Presidente del Consiglio avv. Semeraro e tutti quei consiglieri comunali che si sono prodigati per dare lustro e onorabilit\u00e0 ad una istituzione fondamentale per il nostro ordinamento e che, come tutti gli strumenti di rappresentanza democratica, \u00e8 oggi fortemente in crisi.<\/em><\/p>\n<p><em>Ringrazio tutti gli assessori che hanno collaborato con me certamente ed esclusivamente con spirito di servizio.<\/em><\/p>\n<p><em>Ringrazio il Segretario Generale e tutto il personale dipendente del Comune di Mesagne e soprattutto coloro che ogni giorno rispondono al dovere morale di servire i propri cittadini.<\/em><\/p>\n<p><em>Ringrazio infine tutti i mesagnesi per la fiducia a suo tempo accordatami che ho cercato di onorare dispiegando tutte le mie energie senza risparmiarmi, cercando sempre di servire il mio paese nel rispetto dei valori costituzionali, delle leggi dello stato, dei miei principi morali e della dignit\u00e0 e umanit\u00e0 di tutti.<\/em><\/p>\n<p><em>Ora riprendo un po\u2019 della mia vita, la mia professione, l\u2019impegno sociale e politico di sempre e guardo avanti con la coscienza a posto e senza rimpianti.<\/em><\/p>\n<p>&nbsp;<\/p>\n<p>Di seguito la nota del Partito Democratico di Mesagne.<\/p>\n<p><em>Neanche fossero stati su Marte fino al momento della firma delle loro dimissioni davanti ad un notaio, la gran parte dei consiglieri di maggioranza, in una nota, ha bollato come fallimentare l&#8217;esperienza amministrativa di cui loro stessi sono stati artefici e protagonisti.<\/em><br \/>\n<em>Finanche gli assessori hanno apposto la loro firma su un documento nel quale si \u00e8 scritto che, per conclamato fallimento, dovevano andarsene a casa. Di questi ultimi, per\u00f2, si scrive che abbiano svolto un ottimo lavoro. Qualcuno, ma davvero bravo, dovrebbe spiegare a noi e alla citt\u00e0 perch\u00e9 si manda a casa un&#8217; amministrazione se si pensa che l&#8217;operato dei suoi assessori sia stato ineccepibile.<\/em><br \/>\n<em>Cos\u00ec come, prima o poi, qualcuno ci spiegher\u00e0 da cosa \u00e8 dipeso l&#8217;abbassamento di voce, durato quasi quattro anni, che ha impedito a questi consiglieri di parlare, di denunciare problemi, di interrogare il Sindaco, di metterlo in discussione nel corso dei trentotto consigli comunali nei quali non hanno proferito parola.<\/em><br \/>\n<em>Il destino di questa amministrazione era gi\u00e0 scritto all&#8217;atto della sua nascita. Una operazione finalizzata alla sola conquista e gestione personalistica del potere aperta a tutti, indistintamente, purch\u00e9 non si facesse caso a identit\u00e0, provenienze, idee, arnesi, questi, ormai fuori moda. Di tutto questo il Sindaco \u00e8 responsabile ma certo non in misura maggiore all&#8217;ex deputato Matarrelli e al partito-sindacato di Vizzino.<\/em><br \/>\n<em>Per queste e per altre ragioni noi non avevamo alcun dubbio che dovessero tutti quanti andare a casa. La matrice personalistica e trasformistica di questa pseudo innovazione politica, al grido di &#8220;superiamo gli steccati ideologici!&#8221;, si \u00e8 vista e come in questi quattro anni: nella gestione del progetto Sprar; negli innumerevoli incarichi esterni con relativo sperpero di danaro pubblico;<\/em><br \/>\n<em>nella politica sul personale comunale riorganizzato pi\u00f9 per accondiscendenza che per meriti sul campo (altro che rivoluzione copernicana!). E fuori dalla gestione il nulla o poco pi\u00f9 per una citt\u00e0 che avrebbe disperato bisogno di essere ripensata nei settori pi\u00f9 nevralgici.<\/em><br \/>\n<em>Di tutto questo pu\u00f2 essere responsabile il solo sindaco? Gli altri che forse pi\u00f9 del Sindaco, in molte occasioni colpevolmente silente, hanno operato su tutti gli aspetti della vita amministrativa pensano di poter riconquistare una qualche verginit\u00e0 da spendere nella perenne campagna elettorale?<\/em><br \/>\n<em>La discussione su tutto questo si \u00e8 voluta evitare facendo fallire artatamente l&#8217;iniziativa del PD, il quale era intenzionato a chiedere un confronto in consiglio comunale e con quei consiglieri che sono gi\u00e0 in giro a chiedere i voti per tornare ancora una volta a Palazzo Celestini (speriamo che la prossima volta gli torni almeno la voce).<\/em><br \/>\n<em>Il punto \u00e8 che il Sindaco non doveva andare a casa per le suddette ragioni ma perch\u00e9 il suo scranno dopo le politiche del 4 marzo serviva di nuovo libero. E come quando nel classico gioco delle sedie i giocatori sono troppi qualcuno prima o poi viene eliminato, questa volta \u00e8 stato il turno di Pompeo Molfetta.<\/em><\/p>\n","protected":false},"excerpt":{"rendered":"<p>Nove consiglieri comunali di Mesagne hanno firmato le dimissioni davanti al notaio Francesco Di Gregorio. Finisce cosi l&#8217;avventura di Carmelo Molfetta a Sindaco di Mesagne. A decretare la fine dell&#8217;amministrazione \u00e8 stata la maggioranza (oramai ex) capeggiata dall&#8217;ex onorevole Toni Matarrelli e da Gino Vizzino. Si sono dimessi anche due assessori (Alessandro Cesaria e Antonello Mingenti), il presidente del consiglio Giuseppe Semeraro, i consiglieri di maggioranza Elvy Zurlo e Toni Esperte e due consiglieri di opposizione Francesco \u201cNinni\u201d Mingolla e Alessandro Pastore (entrambi del Partito Democratico). &nbsp; Questa la reazione di Molfetta affidata ad un comunicato stampa: &#8220;Alla fine di questa mia esperienza amministrativa sento il dovere di ringraziare tutti coloro, che a vario titolo, in questo tempo, hanno offerto il loro impegno a servizio del bene comune per la nostra Citt\u00e0. Ringrazio i rappresentanti dalle forze dell\u2019ordine: Sua Eccellenza il Prefetto dr. Valenti, il sig. Questore dr. Masciopinto, il Comandante Provinciale dei Carabinieri col. De Magistris, il Comandante Provinciale della Guardia di Finanza col. Manno, il Maresciallo Taurisano, il&#8230;<\/p>\n","protected":false},"author":2,"featured_media":148453,"comment_status":"open","ping_status":"closed","sticky":false,"template":"","format":"standard","meta":{"footnotes":""},"categories":[7],"tags":[],"class_list":["post-148452","post","type-post","status-publish","format-standard","has-post-thumbnail","hentry","category-news"],"_links":{"self":[{"href":"https:\/\/www.brundisium.net\/index.php\/wp-json\/wp\/v2\/posts\/148452","targetHints":{"allow":["GET"]}}],"collection":[{"href":"https:\/\/www.brundisium.net\/index.php\/wp-json\/wp\/v2\/posts"}],"about":[{"href":"https:\/\/www.brundisium.net\/index.php\/wp-json\/wp\/v2\/types\/post"}],"author":[{"embeddable":true,"href":"https:\/\/www.brundisium.net\/index.php\/wp-json\/wp\/v2\/users\/2"}],"replies":[{"embeddable":true,"href":"https:\/\/www.brundisium.net\/index.php\/wp-json\/wp\/v2\/comments?post=148452"}],"version-history":[{"count":2,"href":"https:\/\/www.brundisium.net\/index.php\/wp-json\/wp\/v2\/posts\/148452\/revisions"}],"predecessor-version":[{"id":148459,"href":"https:\/\/www.brundisium.net\/index.php\/wp-json\/wp\/v2\/posts\/148452\/revisions\/148459"}],"wp:featuredmedia":[{"embeddable":true,"href":"https:\/\/www.brundisium.net\/index.php\/wp-json\/wp\/v2\/media\/148453"}],"wp:attachment":[{"href":"https:\/\/www.brundisium.net\/index.php\/wp-json\/wp\/v2\/media?parent=148452"}],"wp:term":[{"taxonomy":"category","embeddable":true,"href":"https:\/\/www.brundisium.net\/index.php\/wp-json\/wp\/v2\/categories?post=148452"},{"taxonomy":"post_tag","embeddable":true,"href":"https:\/\/www.brundisium.net\/index.php\/wp-json\/wp\/v2\/tags?post=148452"}],"curies":[{"name":"wp","href":"https:\/\/api.w.org\/{rel}","templated":true}]}}