{"id":148529,"date":"2019-01-23T09:20:55","date_gmt":"2019-01-23T08:20:55","guid":{"rendered":"http:\/\/www.brundisium.net\/?p=148529"},"modified":"2019-01-23T15:26:34","modified_gmt":"2019-01-23T14:26:34","slug":"la-senatrice-labbate-nominata-capogruppo-m5s-in-commissione-territorio-ambiente-e-beni-ambientali","status":"publish","type":"post","link":"https:\/\/www.brundisium.net\/index.php\/la-senatrice-labbate-nominata-capogruppo-m5s-in-commissione-territorio-ambiente-e-beni-ambientali\/","title":{"rendered":"La senatrice L\u2019Abbate nominata capogruppo M5S in Commissione Territorio, Ambiente e Beni Ambientali"},"content":{"rendered":"<p>E\u2019 Patty L\u2019Abbate, senatrice della Repubblica per il M5S, la nuova Capogruppo del MoVimento della 13ima Commissione permanente Territorio, Ambiente e Beni Ambientali. Gi\u00e0 membro della Commissione dal 23 marzo 2018, \u00e8 stata eletta dai suoi colleghi al termine di una riunione convocata appositamente. <\/p>\n<p>\u201cE\u2019 un grande onore e onere per me ricevere dal MoVimento la nomina a Capogruppo della 13ima Commissione permanente Territorio, Ambiente e Beni Ambientali, perch\u00e9 l\u2019attenzione a questi temi e uno sviluppo del Paese e della regolamentazione in tal senso rappresenta, ormai, in modo inequivocabile la vocazione futura della nostra nazione. E un dovere umano e morale per noi stessi e per i nostri figli\u201d ha detto la senatrice della Repubblica per il M5S, Patty L\u2019Abbate.<\/p>\n<p>La senatrice, pugliese nata a Polignano, \u00e8 esperta di green economy ed energie rinnovabili, \u00e8 un\u2019economista ecologico e dottore di ricerca in gestione delle risorse naturali, studiosa di Nicholas Georgescu Roegen e membro dell\u2019associazione internazionale degli economisti ecologici (Isee).<\/p>\n<p>Eletta al Senato nel collegio uninominale della sua citt\u00e0, oggi con il suo impegno sui temi ambientali, energie alternative e sostenibilit\u00e0, \u00e8 gi\u00e0 firmataria di due atti di sindacato ispettivo e quattro Ddl con misure di promozione della sostenibilit\u00e0 ambientale e dell\u2019economia circolare, e di un emendamento nella legge di bilancio che riconosce un credito d\u2019imposta per le spese sostenute dalle imprese che scelgono prodotti realizzati in materiale proveniente dalla raccolta differenziata.<\/p>\n<p>E\u2019 stata presente in qualit\u00e0 di delegata parlamentare, alla Conferenza Onu sul clima \u201cCop24\u201d di Katowice e ha promosso la prima conferenza Icesp al Senato. <\/p>\n<p>Oggi conquista un ruolo di importante responsabilit\u00e0 come quello rappresentato dal Capogruppo M5S  della Commissione permanente \u201cTerritorio, Ambiente e Beni Ambientali\u201d . <\/p>\n<p>\u201cL\u2019Italia \u00e8 molto avanti per quanto riguarda la ricerca, ma ancora indietro dal punto di vista dell\u2019applicazione delle tecnologie, questo vuol dire che bisogna intervenire concretamente sulla produzione\u201d premette la ricercatrice.   <\/p>\n<p>&#8220;Anche in questo ruolo, come ogni giorno faccio nella mia vita professionale e personale, mi spender\u00f2 nel  proseguo della mia missione, e mi impegner\u00f2 a collaborare con i miei colleghi nel coordinamento del nostro gruppo di commissione per raggiungere gli obiettivi del contratto di Governo e supportando il lavoro della presidente Moronese\u201d ha concluso la senatrice.<\/p>\n","protected":false},"excerpt":{"rendered":"<p>E\u2019 Patty L\u2019Abbate, senatrice della Repubblica per il M5S, la nuova Capogruppo del MoVimento della 13ima Commissione permanente Territorio, Ambiente e Beni Ambientali. Gi\u00e0 membro della Commissione dal 23 marzo 2018, \u00e8 stata eletta dai suoi colleghi al termine di una riunione convocata appositamente. \u201cE\u2019 un grande onore e onere per me ricevere dal MoVimento la nomina a Capogruppo della 13ima Commissione permanente Territorio, Ambiente e Beni Ambientali, perch\u00e9 l\u2019attenzione a questi temi e uno sviluppo del Paese e della regolamentazione in tal senso rappresenta, ormai, in modo inequivocabile la vocazione futura della nostra nazione. E un dovere umano e morale per noi stessi e per i nostri figli\u201d ha detto la senatrice della Repubblica per il M5S, Patty L\u2019Abbate. La senatrice, pugliese nata a Polignano, \u00e8 esperta di green economy ed energie rinnovabili, \u00e8 un\u2019economista ecologico e dottore di ricerca in gestione delle risorse naturali, studiosa di Nicholas Georgescu Roegen e membro dell\u2019associazione internazionale degli economisti ecologici (Isee). Eletta al Senato nel collegio uninominale della sua citt\u00e0, oggi con&#8230;<\/p>\n","protected":false},"author":2,"featured_media":148533,"comment_status":"open","ping_status":"closed","sticky":false,"template":"","format":"standard","meta":{"footnotes":""},"categories":[7],"tags":[],"class_list":["post-148529","post","type-post","status-publish","format-standard","has-post-thumbnail","hentry","category-news"],"_links":{"self":[{"href":"https:\/\/www.brundisium.net\/index.php\/wp-json\/wp\/v2\/posts\/148529","targetHints":{"allow":["GET"]}}],"collection":[{"href":"https:\/\/www.brundisium.net\/index.php\/wp-json\/wp\/v2\/posts"}],"about":[{"href":"https:\/\/www.brundisium.net\/index.php\/wp-json\/wp\/v2\/types\/post"}],"author":[{"embeddable":true,"href":"https:\/\/www.brundisium.net\/index.php\/wp-json\/wp\/v2\/users\/2"}],"replies":[{"embeddable":true,"href":"https:\/\/www.brundisium.net\/index.php\/wp-json\/wp\/v2\/comments?post=148529"}],"version-history":[{"count":1,"href":"https:\/\/www.brundisium.net\/index.php\/wp-json\/wp\/v2\/posts\/148529\/revisions"}],"predecessor-version":[{"id":148534,"href":"https:\/\/www.brundisium.net\/index.php\/wp-json\/wp\/v2\/posts\/148529\/revisions\/148534"}],"wp:featuredmedia":[{"embeddable":true,"href":"https:\/\/www.brundisium.net\/index.php\/wp-json\/wp\/v2\/media\/148533"}],"wp:attachment":[{"href":"https:\/\/www.brundisium.net\/index.php\/wp-json\/wp\/v2\/media?parent=148529"}],"wp:term":[{"taxonomy":"category","embeddable":true,"href":"https:\/\/www.brundisium.net\/index.php\/wp-json\/wp\/v2\/categories?post=148529"},{"taxonomy":"post_tag","embeddable":true,"href":"https:\/\/www.brundisium.net\/index.php\/wp-json\/wp\/v2\/tags?post=148529"}],"curies":[{"name":"wp","href":"https:\/\/api.w.org\/{rel}","templated":true}]}}