{"id":148570,"date":"2019-01-24T19:05:49","date_gmt":"2019-01-24T18:05:49","guid":{"rendered":"http:\/\/www.brundisium.net\/?p=148570"},"modified":"2019-01-24T19:05:49","modified_gmt":"2019-01-24T18:05:49","slug":"sabato-26-appuntamento-con-il-fidal-brindisi-awards","status":"publish","type":"post","link":"https:\/\/www.brundisium.net\/index.php\/sabato-26-appuntamento-con-il-fidal-brindisi-awards\/","title":{"rendered":"Sabato 26 appuntamento con il \u201cFidal Brindisi Awards\u201d"},"content":{"rendered":"<p><a href=\"http:\/\/www.brundisium.net\/brun\/wp-content\/uploads\/2019\/01\/Daniele-Greco.jpg\"><img loading=\"lazy\" decoding=\"async\" class=\"alignleft size-medium wp-image-148571\" src=\"http:\/\/www.brundisium.net\/brun\/wp-content\/uploads\/2019\/01\/Daniele-Greco-200x300.jpg\" alt=\"\" width=\"200\" height=\"300\" srcset=\"https:\/\/www.brundisium.net\/brun\/wp-content\/uploads\/2019\/01\/Daniele-Greco-200x300.jpg 200w, https:\/\/www.brundisium.net\/brun\/wp-content\/uploads\/2019\/01\/Daniele-Greco-768x1151.jpg 768w, https:\/\/www.brundisium.net\/brun\/wp-content\/uploads\/2019\/01\/Daniele-Greco-684x1024.jpg 684w, https:\/\/www.brundisium.net\/brun\/wp-content\/uploads\/2019\/01\/Daniele-Greco.jpg 801w\" sizes=\"auto, (max-width: 200px) 100vw, 200px\" \/><\/a><\/p>\n<p>Sabato 26 gennaio, alle ore 16.30, si svolger\u00e0, presso il Centro Pastorale \u201cMadonna della Nova\u201d ad Ostuni (Br), il \u201cFidal Brindisi Awards\u201d, cerimonia di premiazione dell\u2019attivit\u00e0 2018 e presentazione della 2\u00b0 edizione del \u201cCorri, Salta e Lancia\u201d, organizzata dal Comitato Provinciale Fidal di Brindisi.<\/p>\n<p>Ospite d\u2019eccezione il triplista italiano Daniele Greco , campione agli Europei under 23 di Kaunas 2009, agli Europei indoor di G\u00f6teborg 2013 ed ai Giochi del Mediterraneo di Mersin 2013.<\/p>\n<p>Inoltre, \u00e8 stato medaglia di bronzo sia alle Gymnasiadi di Salonicco 2006 che ai Giochi del Mediterraneo di Pescara 2009; secondo migliore triplista italiano di sempre sia outdoor (17,47 m nel 2012) che indoor (17,70 m nel 2013), dietro il primatista Fabrizio Donato; \u00e8 anche primatista italiano Promesse sia outdoor che indoor.<br \/>\nLa manifestazione si svolger\u00e0 in collaborazione con la societ\u00e0 podistica Ostuni Runner\u2019s; sponsor, Calcio Shopping di Mesagne.<\/p>\n<p>&nbsp;<\/p>\n<p>Il Comitato Provinciale Fidal Brindisi, in questo quadriennio olimpico, si sta distinguendo per l\u2019attivit\u00e0 su pista, che coinvolge le categorie giovanili ed i master, e per la forte sinergia creata con le societ\u00e0 del territorio, grazie alle quali oggi si disputa un campionato avvincente, costituito da 16 tappe, e denominato \u201cSulle vie di Brento\u201d; \u00e8 presieduto da Giancosimo Pagliara, coadiuvato dal Vice Presidente, con delega al settore Assoluto, Cosimo Leuci, dal Segretario, con delega al settore Master, Ferdinando Dragone, dal Fiduciario Tecnico Provinciale, Francesco Papeo, dal Consigliere con delega alla comunicazione, Riccardo Primicerio; ed ancora, punti di forza del Comitato Provinciale sono: Felice Prudentino, Responsabile della Segreteria Gare, Antonio Sofia, collaboratore di Segreteria, Gianfranco Montanaro, collaboratore con delega alla contabilit\u00e0 economica, e Bernardo Carrozzo, Fiduciario Provinciale del Gruppo Giudici di Gara.<\/p>\n<p>Saranno presenti all\u2019evento diverse autorit\u00e0 civili e del mondo sportivo, tra cui il Sindaco di Ostuni, Gianfranco Coppola, il Presidente Fidal Puglia, Giacomo Leone (grande maratoneta e vincitore della Maratona di New York nel 1996), il Presidente del Coni Puglia, Angelo Giliberto, il delegato provinciale del Coni di Brindisi, Oronzo Pennetta, il Capo Settore del Mezzofondo in Puglia e grande maratoneta, Ottavio Andriani, il Presidente del CIP, Comitato Regionale Puglia, Giuseppe Pinto.<\/p>\n<p>&nbsp;<\/p>\n<p>&nbsp;<\/p>\n<p>Di seguito riportiamo i nominativi degli atleti e le societ\u00e0 premiati:<\/p>\n<p><a href=\"http:\/\/www.brundisium.net\/brun\/wp-content\/uploads\/2019\/01\/FIDAL-BRINDISI-AWARDS-2018.jpg\"><img loading=\"lazy\" decoding=\"async\" class=\"alignleft size-medium wp-image-148572\" src=\"http:\/\/www.brundisium.net\/brun\/wp-content\/uploads\/2019\/01\/FIDAL-BRINDISI-AWARDS-2018-212x300.jpg\" alt=\"\" width=\"212\" height=\"300\" srcset=\"https:\/\/www.brundisium.net\/brun\/wp-content\/uploads\/2019\/01\/FIDAL-BRINDISI-AWARDS-2018-212x300.jpg 212w, https:\/\/www.brundisium.net\/brun\/wp-content\/uploads\/2019\/01\/FIDAL-BRINDISI-AWARDS-2018.jpg 595w\" sizes=\"auto, (max-width: 212px) 100vw, 212px\" \/><br \/>\n<\/a><strong>PREMI ATTIVITA&#8217; 2018<\/strong><br \/>\nMIGLIOR TECNICO: VITO VASTA \u2013 ATLETICA AMATORI CISTERNINO<br \/>\nATLETA DELL&#8217;ANNO: NICOLAS FANELLI \u2013 ATLETICA AMATORI CISTERNINO<br \/>\nATLETA EMERGENTE: SIMONE PIGNATELLI \u2013 ASD FOLGORE BRINDISI 1946<br \/>\nSOCIETA&#8217; DELL&#8217;ANNO: ASD ATLETICA CAROVIGNO<br \/>\nGARA DELL&#8217;ANNO: XI STRALATIANO &#8211; ATLETICA LATIANO<br \/>\nSOCIETA&#8217; EMERGENTE: ATALAS SAN VITO DEI NORMANNI<br \/>\nMIGLIOR MASTER: RENATO INTERNO&#8217; \u2013 ASD FOLGORE BRINDISI 1946<br \/>\nMIGLIOR GIUDICE: GIUSEPPE PETRAROLI<br \/>\nDIRIGENTE DELL&#8217;ANNO: BRUNO STASI \u2013 ASD FOLGORE BRINDISI 1946<br \/>\nSOCIETA&#8217; DINAMICA: APD RUNNERS SAN MICHELE<br \/>\nPREMIO ATTIVITA&#8217;: STEFANO TARI\u2019 &#8211; AMATORI ATLETICA ACQUAVIVA<br \/>\nCDS PROVINCIALI<\/p>\n<p><strong>CADETTI<\/strong><br \/>\n1) ATLETICA AMATORI CISTERNINO<br \/>\n2) ASD FOLGORE BRINDISI 1946<br \/>\n3) OLIMPO LATIANO<br \/>\nCADETTE<br \/>\n1) ASD FOLGORE BRINDISI 1946<br \/>\n2) OLIMPO LATIANO<br \/>\n<strong>RAGAZZI<\/strong><br \/>\n1) ASD FOLGORE BRINDISI 1946<br \/>\n2) OLIMPO LATIANO<br \/>\n3) ATLETICA CITTA\u2019 BIANCA<br \/>\n<strong>RAGAZZE<\/strong><br \/>\n1) ASD FOLGORE BRINDISI 1946<br \/>\n2) ATLETICA AMATORI CISTERNINO<br \/>\n3) ATLETICA CITTA\u2019 BIANCA<br \/>\n<strong>MAGLIA AZZURRA<\/strong><br \/>\nNICOLAS FANELLI:<br \/>\n15\u00b0 AI CAMPIONATI MONDIALI A SQUADRE DI MARCIA A TAICANG<br \/>\n5\u00b0 EUROPEO<br \/>\n2\u00b0 AI CAMPIONATI ITALIANI JUNIORES &#8211; PROMESSE SU PISTA<br \/>\n2\u00b0AI CAMPIONATI ITALIANI DI MARCIA SU STRADA 20KM<\/p>\n<p><strong>CONVOCAZIONE MAGLIA PUGLIA<\/strong><br \/>\n1) NICOLO&#8217; CECERE &#8211; ATLETICA AMATORI CISTERNINO<br \/>\n2) CRISTIAN BAGNARDI &#8211; ATLETICA AMATORI CISTERNINO<br \/>\n3) MICHELLE CUCINELLI \u2013 ASD FOLGORE BRINDISI 1946<br \/>\n4) ALESSANDRA SPERTI &#8211; APULIATHLETICA<br \/>\n5) ELISABETH DELORENZIS &#8211; APULIATHLETICA<br \/>\n6) ROSSELLA DESTRATIS &#8211; APULIATHLETICA<br \/>\n7) GIROLAMO ALIBERTI &#8211; APULIATHLETICA<br \/>\n8) PAOLO TRIARICO &#8211; APULIATHLETICA<br \/>\n9) MARCO CISTERNINO &#8211; APULIATHLETICA<\/p>\n<p><strong>CRITERIUM MEZZOFONDO<\/strong><br \/>\n1) MATTEO ANCORA \u2013 ASD FOLGORE BRINDISI 1946<br \/>\n2) SINAN ERRICO \u2013 OLIMPO LATIANO<br \/>\n3) CLAUDIA TURRISI \u2013 OLIMPO LATIANO<br \/>\n4) ROBERTO PUNZI \u2013 ATLETICA AMATORI CISTERNINO<br \/>\n5) SERENA GRECO \u2013 ASD FOLGORE BRINDISI 1946<br \/>\n6) STEFANO CECERE \u2013 ATLETICA AMATORI CISTERNINO<br \/>\n7) MARIO MORCIANO \u2013 OLIMPO LATIANO<\/p>\n<p><strong>MEETING CITTA&#8217; DI BARI<\/strong><br \/>\n1) AGNESE RUGGIERO \u2013 ASD FOLGORE BRINDISI 1946<br \/>\n2) CARLOTTA PROFICO \u2013 ASD FOLGORE BRINDISI 1946<br \/>\n3) LUCA PRUDENTINO \u2013 ASD FOLGORE BRINDISI 1946<br \/>\n4) ANGELO LOVECCHIO \u2013 ASD FOLGORE BRINDISI 1946<br \/>\n5) FRANCESCO MORCIANO \u2013 OLIMPO LATIANO<br \/>\n6) GIOVANNI GIOIA \u2013 OLIMPO LATIANO<br \/>\n7) FEDERICO POLLIDORO \u2013 OLIMPO LATIANO<br \/>\n8) ALESSIA LEGROTTAGLIE \u2013 OLIMPO LATIANO<br \/>\n9) MICHELLE CUCINELLI \u2013 ASD FOLGORE BRINDISI 1946<\/p>\n<p><strong>ATLETI TOP BRINDISI<\/strong><br \/>\n1) LUCA SEMERARO &#8211; ATLETICA AMATORI CISTERNINO<br \/>\n2) ALESSANDRO ZACCARIA &#8211; ATLETICA AMATORI CISTERNINO<\/p>\n<p><strong>ATLETI TOP MASTER<\/strong><br \/>\n1) GIUSEPPE COLELLA &#8211; AS TEAM FRANCAVILLA<br \/>\n2) GIUSEPPE TARDIO &#8211; AS TEAM FRANCAVILLA<br \/>\n3) GIROLAMO ALIBERTI &#8211; APULIATHLETICA<br \/>\n4) PAOLO TRIARICO &#8211; APULIATHLETICA<br \/>\n5) GIAMPIERO PALMA &#8211; OLIMPO LATIANO<br \/>\n6) MARCO CISTERNINO &#8211; APULIATHLETICA<br \/>\n7) GIUSEPPE OLIVA \u2013 ATLETICA CEGLIE MESSAPICA<br \/>\n8) GIUSEPPE MURRI &#8211; ASD ATLETICA CAROVIGNO<br \/>\n9) RITA MARIA MARZOLI &#8211; AS TEAM FRANCAVILLA<\/p>\n<p><strong>\u201c1\u00b0 GRAN PRIX CORRI, SALTA E LANCIA\u201d<\/strong><br \/>\n<strong>CAT. ESO M<\/strong><br \/>\n1) MARCO ORLANDINO \u2013 ATLETICA CITTA\u2019 BIANCA<br \/>\n2) DANIELE BUFANO \u2013 ATLETICA AMATORI CISTERNINO<br \/>\n3) FRANCESCO PICCIGALLO \u2013 ASD FOLGORE BRINDISI 1946<\/p>\n<p><strong>CAT. ESO F<\/strong><br \/>\n1) FRANCESCA MAGGIOLINI \u2013 ATLETICA AMATORI CISTERNINO<br \/>\n2) MARIANNA D\u2019ORIA \u2013 OLIMPO LATIANO<br \/>\n3) NUNZIA SOFIA CARLUCCI \u2013 ATLETICA CAROVIGNO<\/p>\n<p><strong>CAT. RAGAZZI<\/strong><br \/>\n1) FRANCESCO NISI \u2013 OLIMPO LATIANO<br \/>\n2) SINAN ERRICO \u2013 OLIMPO LATIANO<br \/>\n3) ROBERTO PUNZI \u2013 ATLETICA AMATORI CISTERNINO<\/p>\n<p><strong>CAT. RAGAZZE<\/strong><br \/>\n1) ANNALISA CONVERTINI \u2013 ATLETICA AMATORI CISTERNINO<br \/>\n2) ALESSANDRA ZACCARIA \u2013 ATLETICA CITTA\u2019 BIANCA<br \/>\n3) MARITA CONVERTINO \u2013 ATLETICA CAROVIGNO<\/p>\n<p><strong>CAT. CADETTI<\/strong><br \/>\n1) FRANCESCO MORCIANO \u2013 OLIMPO LATIANO<br \/>\n2) GIUSEPPE SICCARDI \u2013 ATLETICA CAROVIGNO<br \/>\n3) MARIO MORCIANO \u2013 OLIMPO LATIANO<\/p>\n<p><strong>CAT. CADETTE<\/strong><br \/>\n1) ALESSIA LEGROTTAGLIE \u2013 OLIMPO LATIANO<br \/>\n2) MARIA PIA BOVA \u2013 ASD FOLGORE BRINDISI 1946<\/p>\n<p><strong>SOCIETA\u2019<\/strong><br \/>\n1) ATLETICA AMATORI CISTERNINO<br \/>\n2) ASD FOLGORE BRINDISI 1946<br \/>\n3) OLIMPO LATIANO<br \/>\n4) ATLETICA CAROVIGNO<br \/>\n5) ATLETICA CITTA\u2019 BIANCA<\/p>\n<p>&nbsp;<\/p>\n<p><strong>UFFICIO STAMPA COMITATO PROVINCIALE FIDAL BRINDISI<\/strong><\/p>\n<p>&nbsp;<\/p>\n","protected":false},"excerpt":{"rendered":"<p>Sabato 26 gennaio, alle ore 16.30, si svolger\u00e0, presso il Centro Pastorale \u201cMadonna della Nova\u201d ad Ostuni (Br), il \u201cFidal Brindisi Awards\u201d, cerimonia di premiazione dell\u2019attivit\u00e0 2018 e presentazione della 2\u00b0 edizione del \u201cCorri, Salta e Lancia\u201d, organizzata dal Comitato Provinciale Fidal di Brindisi. Ospite d\u2019eccezione il triplista italiano Daniele Greco , campione agli Europei under 23 di Kaunas 2009, agli Europei indoor di G\u00f6teborg 2013 ed ai Giochi del Mediterraneo di Mersin 2013. Inoltre, \u00e8 stato medaglia di bronzo sia alle Gymnasiadi di Salonicco 2006 che ai Giochi del Mediterraneo di Pescara 2009; secondo migliore triplista italiano di sempre sia outdoor (17,47 m nel 2012) che indoor (17,70 m nel 2013), dietro il primatista Fabrizio Donato; \u00e8 anche primatista italiano Promesse sia outdoor che indoor. La manifestazione si svolger\u00e0 in collaborazione con la societ\u00e0 podistica Ostuni Runner\u2019s; sponsor, Calcio Shopping di Mesagne. &nbsp; Il Comitato Provinciale Fidal Brindisi, in questo quadriennio olimpico, si sta distinguendo per l\u2019attivit\u00e0 su pista, che coinvolge le categorie giovanili ed i master, e per&#8230;<\/p>\n","protected":false},"author":2,"featured_media":148572,"comment_status":"open","ping_status":"closed","sticky":false,"template":"","format":"standard","meta":{"footnotes":""},"categories":[8],"tags":[],"class_list":["post-148570","post","type-post","status-publish","format-standard","has-post-thumbnail","hentry","category-sport"],"_links":{"self":[{"href":"https:\/\/www.brundisium.net\/index.php\/wp-json\/wp\/v2\/posts\/148570","targetHints":{"allow":["GET"]}}],"collection":[{"href":"https:\/\/www.brundisium.net\/index.php\/wp-json\/wp\/v2\/posts"}],"about":[{"href":"https:\/\/www.brundisium.net\/index.php\/wp-json\/wp\/v2\/types\/post"}],"author":[{"embeddable":true,"href":"https:\/\/www.brundisium.net\/index.php\/wp-json\/wp\/v2\/users\/2"}],"replies":[{"embeddable":true,"href":"https:\/\/www.brundisium.net\/index.php\/wp-json\/wp\/v2\/comments?post=148570"}],"version-history":[{"count":1,"href":"https:\/\/www.brundisium.net\/index.php\/wp-json\/wp\/v2\/posts\/148570\/revisions"}],"predecessor-version":[{"id":148573,"href":"https:\/\/www.brundisium.net\/index.php\/wp-json\/wp\/v2\/posts\/148570\/revisions\/148573"}],"wp:featuredmedia":[{"embeddable":true,"href":"https:\/\/www.brundisium.net\/index.php\/wp-json\/wp\/v2\/media\/148572"}],"wp:attachment":[{"href":"https:\/\/www.brundisium.net\/index.php\/wp-json\/wp\/v2\/media?parent=148570"}],"wp:term":[{"taxonomy":"category","embeddable":true,"href":"https:\/\/www.brundisium.net\/index.php\/wp-json\/wp\/v2\/categories?post=148570"},{"taxonomy":"post_tag","embeddable":true,"href":"https:\/\/www.brundisium.net\/index.php\/wp-json\/wp\/v2\/tags?post=148570"}],"curies":[{"name":"wp","href":"https:\/\/api.w.org\/{rel}","templated":true}]}}