{"id":148592,"date":"2019-01-30T18:30:46","date_gmt":"2019-01-30T17:30:46","guid":{"rendered":"http:\/\/www.brundisium.net\/?p=148592"},"modified":"2019-01-30T19:34:34","modified_gmt":"2019-01-30T18:34:34","slug":"pd-san-pietro-parte-il-nuovo-corso-con-ermanno-manca-segretario","status":"publish","type":"post","link":"https:\/\/www.brundisium.net\/index.php\/pd-san-pietro-parte-il-nuovo-corso-con-ermanno-manca-segretario\/","title":{"rendered":"PD San Pietro: parte il nuovo corso con Ermanno Manca Segretario"},"content":{"rendered":"<p>Si \u00e8 svolto nella serata di ieri, in un&#8217;assemblea partecipata ed alla presenza dei vertici della Federazione provinciale, Rosetta Fusco e Francesco Rogoli, il congresso di circolo del Partito Democratico di San Pietro Vernotico.<br \/>\nCos\u00ec dopo lunghi mesi di commissariamento il PD di San Pietro torna finalmente ad autodeterminarsi ed avvia un percorso teso al rinnovamento profondo rispetto al passato, sia sul piano del metodo, affinch\u00e8 tutti si sentano sempre pi\u00f9 coinvolti e partecipi della vita del partito, sia su quello del merito, affinch\u00e8 non siano le ambizioni o gli interessi dei singoli a prevalere e guidare l&#8217;azione politica, ma i valori comuni, i progetti e le proposte che scaturiranno da un&#8217;attenta analisi dei problemi. In questi due elementi star\u00e0, quindi, la forte discontinuit\u00e0 con il passato e i tratti del nuovo corso cui si avvia il circolo del partito democratico di San Pietro.<\/p>\n<p>&nbsp;<\/p>\n<p>E ieri sera l&#8217;assemblea degli iscritti ha eletto all&#8217;unanimit\u00e0 i propri organismi dirigenti individuando, nella persona di Ermanno Manca, la figura cui affidare senza indugio la guida del partito. Da sempre distintosi per lealt\u00e0 e competenza, infatti, Ermanno Manca \u00e8 ben noto, in paese e fuori, per le sue numerose battaglie in difesa della legalit\u00e0 e della comunit\u00e0 sampietrana ed ha una lunga ed importante esperienza politica.<\/p>\n<p>Una guida sicura e autorevole, quindi, a garanzia di un PD che dovr\u00e0 affrontare un percorso certamente in salita, ma avvincente e sfidante e che ora finalmente potr\u00e0 contare oltre che su un segretario serio ed affidabile, su un gruppo dirigente quasi totalmente rinnovato.<\/p>\n<p>Sono molti, infatti, i giovani che comporranno il direttivo del partito e che lo affiancheranno: tra questi Nicoletta Pannofino, studentessa universitaria gi\u00e0 protagonista di un&#8217;ottima performance alle scorse amministrative, Davide Marangio, ex consigliere comunale e da sempre impegnato nelle battaglie per i diritti e la sinistra, Stefano Zaffino, giovanissimo studente e volontario in oratorio, Daniele Delli Noci, responsabile risorse umane in un&#8217;azienda informatica, Claudio Carella, gi\u00e0 consigliere comunale e da tempo impegnato nel sindacato, e ancora giovani militanti alla prima esperienza come dirigenti come Michele Bianco, Giancarlo Mariano, entrambi commercianti e Gabriella Galati, receptionist e vicina da sempre al PD.<\/p>\n<p>A loro si aggiungeranno, come membri di diritto, i due consiglieri comunali del PD Piero Solazzo e Salvatore Mariano e la giovane ex parlamentare del PD, Elisa Mariano.<\/p>\n<p>&nbsp;<\/p>\n<p>La scissione, quindi, portata avanti da vecchi esponenti del partito, che aveva causato uno stop prolungato e sfibrante alla vita dello stesso, \u00e8 ormai alle spalle ed il PD ha finalmente l&#8217;opportunit\u00e0 di rinnovarsi e, ci auguriamo, di riaffermarsi nella comunit\u00e0 sampietrana su nuove basi programmatiche e politiche.<\/p>\n<p>&nbsp;<\/p>\n<p>Tutti coloro che hanno preso parte al congresso ed al dibattito, infatti, hanno ribadito la necessit\u00e0 che il PD diventi riferimento, anche a San Pietro, di quanti ancora credono che i valori di giustizia sociale, fratellanza, accoglienza, crescita sostenibile, siano valori straordinariamente attuali e moderni, da difendere ed affermare, da far tornare a vivere nella societ\u00e0 di oggi per combattere e contrastare chi alimenta populismo e sfiducia e fomenta paure, egoismi e violenze che rischiano di mettere in discussione sempre pi\u00f9 democrazia e diritti.<\/p>\n<p>&nbsp;<\/p>\n<p>Su questo, e su molto altro, in primis sulle tante difficolt\u00e0 della nostra San Pietro, il nuovo gruppo dirigente sar\u00e0 da oggi impegnato.<\/p>\n","protected":false},"excerpt":{"rendered":"<p>Si \u00e8 svolto nella serata di ieri, in un&#8217;assemblea partecipata ed alla presenza dei vertici della Federazione provinciale, Rosetta Fusco e Francesco Rogoli, il congresso di circolo del Partito Democratico di San Pietro Vernotico. Cos\u00ec dopo lunghi mesi di commissariamento il PD di San Pietro torna finalmente ad autodeterminarsi ed avvia un percorso teso al rinnovamento profondo rispetto al passato, sia sul piano del metodo, affinch\u00e8 tutti si sentano sempre pi\u00f9 coinvolti e partecipi della vita del partito, sia su quello del merito, affinch\u00e8 non siano le ambizioni o gli interessi dei singoli a prevalere e guidare l&#8217;azione politica, ma i valori comuni, i progetti e le proposte che scaturiranno da un&#8217;attenta analisi dei problemi. In questi due elementi star\u00e0, quindi, la forte discontinuit\u00e0 con il passato e i tratti del nuovo corso cui si avvia il circolo del partito democratico di San Pietro. &nbsp; E ieri sera l&#8217;assemblea degli iscritti ha eletto all&#8217;unanimit\u00e0 i propri organismi dirigenti individuando, nella persona di Ermanno Manca, la figura cui affidare senza indugio&#8230;<\/p>\n","protected":false},"author":2,"featured_media":148946,"comment_status":"open","ping_status":"closed","sticky":false,"template":"","format":"standard","meta":{"footnotes":""},"categories":[7],"tags":[],"class_list":["post-148592","post","type-post","status-publish","format-standard","has-post-thumbnail","hentry","category-news"],"_links":{"self":[{"href":"https:\/\/www.brundisium.net\/index.php\/wp-json\/wp\/v2\/posts\/148592","targetHints":{"allow":["GET"]}}],"collection":[{"href":"https:\/\/www.brundisium.net\/index.php\/wp-json\/wp\/v2\/posts"}],"about":[{"href":"https:\/\/www.brundisium.net\/index.php\/wp-json\/wp\/v2\/types\/post"}],"author":[{"embeddable":true,"href":"https:\/\/www.brundisium.net\/index.php\/wp-json\/wp\/v2\/users\/2"}],"replies":[{"embeddable":true,"href":"https:\/\/www.brundisium.net\/index.php\/wp-json\/wp\/v2\/comments?post=148592"}],"version-history":[{"count":1,"href":"https:\/\/www.brundisium.net\/index.php\/wp-json\/wp\/v2\/posts\/148592\/revisions"}],"predecessor-version":[{"id":148947,"href":"https:\/\/www.brundisium.net\/index.php\/wp-json\/wp\/v2\/posts\/148592\/revisions\/148947"}],"wp:featuredmedia":[{"embeddable":true,"href":"https:\/\/www.brundisium.net\/index.php\/wp-json\/wp\/v2\/media\/148946"}],"wp:attachment":[{"href":"https:\/\/www.brundisium.net\/index.php\/wp-json\/wp\/v2\/media?parent=148592"}],"wp:term":[{"taxonomy":"category","embeddable":true,"href":"https:\/\/www.brundisium.net\/index.php\/wp-json\/wp\/v2\/categories?post=148592"},{"taxonomy":"post_tag","embeddable":true,"href":"https:\/\/www.brundisium.net\/index.php\/wp-json\/wp\/v2\/tags?post=148592"}],"curies":[{"name":"wp","href":"https:\/\/api.w.org\/{rel}","templated":true}]}}