{"id":148635,"date":"2019-01-25T18:50:32","date_gmt":"2019-01-25T17:50:32","guid":{"rendered":"http:\/\/www.brundisium.net\/?p=148635"},"modified":"2019-01-25T17:52:33","modified_gmt":"2019-01-25T16:52:33","slug":"domenica-urne-aperte-a-francavilla-fontana-per-lelezione-dei-due-consiglieri-stranieri-aggiunti","status":"publish","type":"post","link":"https:\/\/www.brundisium.net\/index.php\/domenica-urne-aperte-a-francavilla-fontana-per-lelezione-dei-due-consiglieri-stranieri-aggiunti\/","title":{"rendered":"Domenica urne aperte a Francavilla Fontana per l\u2019elezione dei due Consiglieri Stranieri aggiunti"},"content":{"rendered":"<p>Domenica 27 gennaio urne aperte a Francavilla Fontana per l\u2019elezione dei due Consiglieri Stranieri aggiunti in rappresentanza della comunit\u00e0 dei cittadini stranieri extracomunitari residenti nel territorio comunale. I Consiglieri Stranieri, cos\u00ec come previsto dallo Statuto Comunale, avranno il diritto di partecipare e di prendere parola nelle sedute del Consiglio Comunale e nelle Commissioni permanenti. Avranno inoltre la possibilit\u00e0 di avanzare proposte che, se riconosciute meritevoli dalla Conferenza dei Capigruppo, potranno costituire ordini del giorno su cui il Consiglio Comunale dovr\u00e0 esprimersi. Le due figure elette non avranno diritto di voto, non concorreranno a formare il numero legale delle sedute ed eserciteranno il loro ruolo a titolo gratuito.<br \/>\nLa fase preelettorale si \u00e8 conclusa con la presentazione di un\u2019unica lista \u201cCon voi per Francavilla\u201d composta da Hadef Mohammed e Keita Mohammed.<br \/>\nHadef \u00e8 nato in Algeria il 10\/11\/1953,  vive in Italia dal 1992 ed \u00e8 residente a Francavilla Fontana dal 2000. Vive con la moglie e tre figli. La primogenita di 28 anni \u00e8 laureata in Lingue. Il secondogenito (nato a Francavilla Fontana) \u00e8 laureando in economia aziendale. Il pi\u00f9 piccolo \u00e8 da poco iscritto alla facolt\u00e0 di psicologia dell\u2019Universit\u00e0 di Torino. Hadef Mohammed \u00e8 Imam presso la moschea di Latiano e segretario dell\u2019Associazione la Speranza sita in Latiano che da anni si occupa di agevolare l\u2019integrazione degli immigrati sul territorio italiano. Da anni si occupa di volontariato nel settore della mediazione interculturale, e per professione si occupa anche di favorire gli scambi commerciali tra Italia e Marocco.<br \/>\nKeita Mohamed \u00e8 nato in Guinea il 18\/02\/1998 ed \u00e8 cresciuto in Costa d\u2019Avorio. Keita arriva in Italia dopo aver attraversato l\u2019Africa passando per lo stato del Burkina Faso, il Niger e la Libia, da dove si \u00e8 imbarcato per raggiungere le coste pugliesi. Arrivato in Italia ha mostrato sin da subito un grande amore per il nostro Paese. Poich\u00e9 in Africa gli era stata negata la possibilit\u00e0 di studiare, non appena giunto presso la comunit\u00e0 per minori, ha voluto imparare la lingua italiana frequentando assiduamente i corsi di alfabetizzazione. Nel 2016 si trasferisce a Francavilla Fontana presso lo SprarBaiti dove viene accolto e seguito nel suo percorso di studi. Keita, infatti, dapprima ottiene la licenza media e successivamente si iscrive all\u2019Istituto Tecnico Commerciale \u201cGiovanni Cal\u00f2\u201d che ha frequentato con ottimi risultati fino al quarto anno. Da aprile del 2018 \u00e8 stabilmente impiegato presso una azienda leader del settore agroalimentare di Francavilla, ha affittato un appartamento,  e spera di  riuscire a diplomarsi nel pi\u00f9 breve tempo possibile.<br \/>\n \u201cL\u2019imminente elezione dei consiglieri stranieri \u2013 ha dichiarato il Presidente del Consiglio Comunale Domenico Attanasi \u2013 rappresenta uno straordinario esperimento civico ed un passo in avanti significativo sul fronte della civilt\u00e0, della tolleranza e della integrazione tra i popoli. In un\u2019epoca contrassegnata da facile populismo, e in alcuni casi da vere e proprie spinte xenofobe, Francavilla intende dimostrare che la risposta ai fenomeni migratori deve essere ricercata in una responsabile regolamentazione dei processi di accoglienza ed integrazione e non certo nel disumano respingimento, anche fisico, di uomini, donne e bambini in difficolt\u00e0.  In altri termini, al cinismo e all\u2019imbarbarimento dei comportamenti e dei costumi, la nostra Citt\u00e0 vuole rispondere con la condivisione delle regole e delle responsabilit\u00e0. Sono anche fermamente convinto che la Politica debba riappropriarsi del suo ruolo di guida e non limitarsi a fare proprie le pulsioni e gli istinti dell\u2019opinione pubblica per mere ragioni di convenienza elettorale. \u00c8 molto significativo \u2013 conclude Attanasi \u2013 che l\u2019elezione dei Consiglieri Stranieri avvenga in una data simbolo della Memoria, quale il 27 gennaio, perch\u00e9 \u00e8 nostro dovere ricordare e, allo stesso tempo, agire perch\u00e9 ci\u00f2 che \u00e8 accaduto non possa ripresentarsi sotto altre forme.\u201d<\/p>\n<p>Francavilla Fontana, 25 gennaio 2019<\/p>\n","protected":false},"excerpt":{"rendered":"<p>Domenica 27 gennaio urne aperte a Francavilla Fontana per l\u2019elezione dei due Consiglieri Stranieri aggiunti in rappresentanza della comunit\u00e0 dei cittadini stranieri extracomunitari residenti nel territorio comunale. I Consiglieri Stranieri, cos\u00ec come previsto dallo Statuto Comunale, avranno il diritto di partecipare e di prendere parola nelle sedute del Consiglio Comunale e nelle Commissioni permanenti. Avranno inoltre la possibilit\u00e0 di avanzare proposte che, se riconosciute meritevoli dalla Conferenza dei Capigruppo, potranno costituire ordini del giorno su cui il Consiglio Comunale dovr\u00e0 esprimersi. Le due figure elette non avranno diritto di voto, non concorreranno a formare il numero legale delle sedute ed eserciteranno il loro ruolo a titolo gratuito. La fase preelettorale si \u00e8 conclusa con la presentazione di un\u2019unica lista \u201cCon voi per Francavilla\u201d composta da Hadef Mohammed e Keita Mohammed. Hadef \u00e8 nato in Algeria il 10\/11\/1953, vive in Italia dal 1992 ed \u00e8 residente a Francavilla Fontana dal 2000. Vive con la moglie e tre figli. La primogenita di 28 anni \u00e8 laureata in Lingue. Il secondogenito (nato a&#8230;<\/p>\n","protected":false},"author":2,"featured_media":148637,"comment_status":"open","ping_status":"closed","sticky":false,"template":"","format":"standard","meta":{"footnotes":""},"categories":[7],"tags":[],"class_list":["post-148635","post","type-post","status-publish","format-standard","has-post-thumbnail","hentry","category-news"],"_links":{"self":[{"href":"https:\/\/www.brundisium.net\/index.php\/wp-json\/wp\/v2\/posts\/148635","targetHints":{"allow":["GET"]}}],"collection":[{"href":"https:\/\/www.brundisium.net\/index.php\/wp-json\/wp\/v2\/posts"}],"about":[{"href":"https:\/\/www.brundisium.net\/index.php\/wp-json\/wp\/v2\/types\/post"}],"author":[{"embeddable":true,"href":"https:\/\/www.brundisium.net\/index.php\/wp-json\/wp\/v2\/users\/2"}],"replies":[{"embeddable":true,"href":"https:\/\/www.brundisium.net\/index.php\/wp-json\/wp\/v2\/comments?post=148635"}],"version-history":[{"count":1,"href":"https:\/\/www.brundisium.net\/index.php\/wp-json\/wp\/v2\/posts\/148635\/revisions"}],"predecessor-version":[{"id":148639,"href":"https:\/\/www.brundisium.net\/index.php\/wp-json\/wp\/v2\/posts\/148635\/revisions\/148639"}],"wp:featuredmedia":[{"embeddable":true,"href":"https:\/\/www.brundisium.net\/index.php\/wp-json\/wp\/v2\/media\/148637"}],"wp:attachment":[{"href":"https:\/\/www.brundisium.net\/index.php\/wp-json\/wp\/v2\/media?parent=148635"}],"wp:term":[{"taxonomy":"category","embeddable":true,"href":"https:\/\/www.brundisium.net\/index.php\/wp-json\/wp\/v2\/categories?post=148635"},{"taxonomy":"post_tag","embeddable":true,"href":"https:\/\/www.brundisium.net\/index.php\/wp-json\/wp\/v2\/tags?post=148635"}],"curies":[{"name":"wp","href":"https:\/\/api.w.org\/{rel}","templated":true}]}}