{"id":148647,"date":"2019-01-25T18:49:43","date_gmt":"2019-01-25T17:49:43","guid":{"rendered":"http:\/\/www.brundisium.net\/?p=148647"},"modified":"2019-01-25T18:49:43","modified_gmt":"2019-01-25T17:49:43","slug":"le-quinte-delliiss-marzolla-simone-durano-incontrano-il-sottosegretario-giuliano-per-parlare-di-esami-di-stato","status":"publish","type":"post","link":"https:\/\/www.brundisium.net\/index.php\/le-quinte-delliiss-marzolla-simone-durano-incontrano-il-sottosegretario-giuliano-per-parlare-di-esami-di-stato\/","title":{"rendered":"Le  quinte dell\u2019IISS Marzolla Simone Durano incontrano il Sottosegretario Giuliano per parlare di Esami di Stato"},"content":{"rendered":"<p>&nbsp;<\/p>\n<p>&nbsp;<\/p>\n<p>Anno scolastico 2018- 2019: molte novit\u00e0- dall\u2019attribuzione dei crediti, alla prima prova, alla seconda soprattutto- sono giunte per docenti, alunni e famiglie , con un giugno ed un esame che non sono poi tanto lontani.<\/p>\n<p>&nbsp;<\/p>\n<p>Senza inutili allarmismi, senza l\u2019ansia spesso generata dalle tante novit\u00e0, ma con seriet\u00e0, documentazioni, simulazioni, l\u2019IISS \u201cMarzolla Leo Simone Durano\u201d affronta la nuova sfida. S\u00ec, perch\u00e9 l\u2019impegno educativo di una scuola passa anche attraverso l\u2019affrontare con seriet\u00e0 ed energia le sfide, vivere le crisi come momenti di passaggio e, dunque, di crescita. E passa anche attraverso la creazione di occasioni utili per far luce e supportare la comunit\u00e0 scolastica , come ha fatto il Dirigente dell\u2019IISS \u201cMarzolla Leo Simone Durano\u201d, prof.ssa Carmen Taurino.<\/p>\n<p>E cos\u00ec stamane, nell\u2019auditorium \u201cCinzia Zonno\u201d del Liceo Classico \u201cMarzolla\u201d di Brindisi hanno fugato dubbi e incertezze gli studenti dell\u2019ultimo anno dei tre plessi brindisini &#8211; il Simone, il Durano, il Marzolla &#8211; sotto e con la guida pedagogica della DS, alla presenza del presidente del Consiglio d\u2019Istituto, dott. Corsa, ma, anche e soprattutto, attraverso la guida e l\u2019esplicazione istituzionale, giuridica, didattica del Sottosegretario all\u2019Istruzione, esponente autorevole del MIUR, il Dott. Salvatore Giuliano. Attraverso il commento alle norme ministeriali e ai quadri di riferimento derivanti dal decreto 62\/2017, le domande degli allievi liceali , le risposte del Sottosegretario, in un dialogo efficace, costruttivo, partecipato, sono stati chiariti dubbi, sciolte inutili e nocive paure, accettate le sfide del nuovo.<\/p>\n<p>&nbsp;<\/p>\n<p>Di questo processo innovativo il Collegio dei docenti dell\u2019IISS sopradetto \u00e8 stato informato passo per passo dalla DS, ma oggi \u00e8 stato il momento degli alunni, con i quali il Sottosegretario si \u00e8 soffermato a dialogare su prima e seconda prova, su Alternanza Scuola- Lavoro, su Cittadinanza e Costituzione. Rimane comunque che, ad esempio, un testo latino e greco a confronto con l\u2019analisi dei vari livelli di lettura e comprensione non \u00e8 cosa semplice, ma la scuola ci educa a comprendere la complessit\u00e0, ad analizzarla, ad affrontarla. In altre parole, a maturare.<\/p>\n","protected":false},"excerpt":{"rendered":"<p>&nbsp; &nbsp; Anno scolastico 2018- 2019: molte novit\u00e0- dall\u2019attribuzione dei crediti, alla prima prova, alla seconda soprattutto- sono giunte per docenti, alunni e famiglie , con un giugno ed un esame che non sono poi tanto lontani. &nbsp; Senza inutili allarmismi, senza l\u2019ansia spesso generata dalle tante novit\u00e0, ma con seriet\u00e0, documentazioni, simulazioni, l\u2019IISS \u201cMarzolla Leo Simone Durano\u201d affronta la nuova sfida. S\u00ec, perch\u00e9 l\u2019impegno educativo di una scuola passa anche attraverso l\u2019affrontare con seriet\u00e0 ed energia le sfide, vivere le crisi come momenti di passaggio e, dunque, di crescita. E passa anche attraverso la creazione di occasioni utili per far luce e supportare la comunit\u00e0 scolastica , come ha fatto il Dirigente dell\u2019IISS \u201cMarzolla Leo Simone Durano\u201d, prof.ssa Carmen Taurino. E cos\u00ec stamane, nell\u2019auditorium \u201cCinzia Zonno\u201d del Liceo Classico \u201cMarzolla\u201d di Brindisi hanno fugato dubbi e incertezze gli studenti dell\u2019ultimo anno dei tre plessi brindisini &#8211; il Simone, il Durano, il Marzolla &#8211; sotto e con la guida pedagogica della DS, alla presenza del presidente del Consiglio d\u2019Istituto, dott&#8230;.<\/p>\n","protected":false},"author":2,"featured_media":148650,"comment_status":"open","ping_status":"closed","sticky":false,"template":"","format":"standard","meta":{"footnotes":""},"categories":[7],"tags":[],"class_list":["post-148647","post","type-post","status-publish","format-standard","has-post-thumbnail","hentry","category-news"],"_links":{"self":[{"href":"https:\/\/www.brundisium.net\/index.php\/wp-json\/wp\/v2\/posts\/148647","targetHints":{"allow":["GET"]}}],"collection":[{"href":"https:\/\/www.brundisium.net\/index.php\/wp-json\/wp\/v2\/posts"}],"about":[{"href":"https:\/\/www.brundisium.net\/index.php\/wp-json\/wp\/v2\/types\/post"}],"author":[{"embeddable":true,"href":"https:\/\/www.brundisium.net\/index.php\/wp-json\/wp\/v2\/users\/2"}],"replies":[{"embeddable":true,"href":"https:\/\/www.brundisium.net\/index.php\/wp-json\/wp\/v2\/comments?post=148647"}],"version-history":[{"count":1,"href":"https:\/\/www.brundisium.net\/index.php\/wp-json\/wp\/v2\/posts\/148647\/revisions"}],"predecessor-version":[{"id":148651,"href":"https:\/\/www.brundisium.net\/index.php\/wp-json\/wp\/v2\/posts\/148647\/revisions\/148651"}],"wp:featuredmedia":[{"embeddable":true,"href":"https:\/\/www.brundisium.net\/index.php\/wp-json\/wp\/v2\/media\/148650"}],"wp:attachment":[{"href":"https:\/\/www.brundisium.net\/index.php\/wp-json\/wp\/v2\/media?parent=148647"}],"wp:term":[{"taxonomy":"category","embeddable":true,"href":"https:\/\/www.brundisium.net\/index.php\/wp-json\/wp\/v2\/categories?post=148647"},{"taxonomy":"post_tag","embeddable":true,"href":"https:\/\/www.brundisium.net\/index.php\/wp-json\/wp\/v2\/tags?post=148647"}],"curies":[{"name":"wp","href":"https:\/\/api.w.org\/{rel}","templated":true}]}}