{"id":148764,"date":"2019-01-28T14:02:24","date_gmt":"2019-01-28T13:02:24","guid":{"rendered":"http:\/\/www.brundisium.net\/?p=148764"},"modified":"2019-01-28T14:02:24","modified_gmt":"2019-01-28T13:02:24","slug":"notte-delle-muse-al-liceo-artistico-musicale-simone-durano-il-novecento-protagonista-della-ii-edizione","status":"publish","type":"post","link":"https:\/\/www.brundisium.net\/index.php\/notte-delle-muse-al-liceo-artistico-musicale-simone-durano-il-novecento-protagonista-della-ii-edizione\/","title":{"rendered":"\u201cNotte delle Muse\u201d al Liceo Artistico-Musicale \u201cSimone Durano\u201d: il Novecento protagonista della II edizione"},"content":{"rendered":"<p><a href=\"http:\/\/www.brundisium.net\/brun\/wp-content\/uploads\/2019\/01\/locandina_notteMuse1.jpg\"><img loading=\"lazy\" decoding=\"async\" class=\"alignleft size-medium wp-image-148763\" src=\"http:\/\/www.brundisium.net\/brun\/wp-content\/uploads\/2019\/01\/locandina_notteMuse1-212x300.jpg\" alt=\"\" width=\"212\" height=\"300\" srcset=\"https:\/\/www.brundisium.net\/brun\/wp-content\/uploads\/2019\/01\/locandina_notteMuse1-212x300.jpg 212w, https:\/\/www.brundisium.net\/brun\/wp-content\/uploads\/2019\/01\/locandina_notteMuse1-768x1087.jpg 768w, https:\/\/www.brundisium.net\/brun\/wp-content\/uploads\/2019\/01\/locandina_notteMuse1-724x1024.jpg 724w, https:\/\/www.brundisium.net\/brun\/wp-content\/uploads\/2019\/01\/locandina_notteMuse1.jpg 1130w\" sizes=\"auto, (max-width: 212px) 100vw, 212px\" \/><\/a><br \/>\nLa seconda edizione della Notte bianca degli studenti del Liceo Artistico e Musicale \u201cSimone-Durano\u201d di Brindisi, all\u2019insegna della parola d\u2019ordine throwback!, \u00e8 andata in onda gioved\u00ec scorso. A partire dalle 17.30, il Liceo ha aperto le sue porte alle famiglie, ai visitatori e alla citt\u00e0 tutta, realizzando un pienone: oltre trecento presenze (\u201cinterni\u201d esclusi) documentate con le firme di coloro che hanno voluto essere con noi, nonostante l\u2019inclemenza del tempo che non ha dato tregua.<\/p>\n<p>&nbsp;<\/p>\n<p>Caricati e consapevoli del successo d\u2019esordio dello scorso anno, gli studenti si sono lanciati nella nuova iniziativa con entusiasmo, impegno e creativit\u00e0, mettendo su un impianto complesso e ambizioso, ma ben articolato.<br \/>\nMentre lo scorso anno si \u00e8 andati indietro nel tempo puntando a creare una serie di finestre temporali, quest\u2019anno la Notte ha avuto un unico, grande, protagonista: il 900.<br \/>\nI giovani liceali hanno creato un percorso, scandito nei tre piani su cui \u00e8 costruita la scuola, che gli ospiti hanno visitato guidati da giovani ciceroni, incarnanti diversi quadri simbolo del periodo, che, in un sistema a staffetta, introducevano la scena successiva.<\/p>\n<p>&nbsp;<\/p>\n<p>Gli anni \u201920 e \u201930 sono stati protagonisti del primo piano, che ha visto letture da Novecento di Baricco accompagnate da un duo pianistico, un caff\u00e8 letterario con tanto di barman nell\u2019atto di preparare cocktail ed improvvisazione musicale blues\/jazz, l\u2019\u00e9tude di Modigliani con pittura dal vivo. Alla svolta del corridoio, volutamente in penombra, campeggiava un grande pannello nero con la scritta Arbeit macht frei, il triste, ma celeberrimo, motto, posto all\u2019ingresso di tanti campi di concentramento nazisti tedeschi con lettura a tema.<\/p>\n<p>&nbsp;<\/p>\n<p><a href=\"http:\/\/www.brundisium.net\/brun\/wp-content\/uploads\/2019\/01\/Muse22.jpg\"><img loading=\"lazy\" decoding=\"async\" class=\"size-medium wp-image-148765 alignright\" src=\"http:\/\/www.brundisium.net\/brun\/wp-content\/uploads\/2019\/01\/Muse22-300x225.jpg\" alt=\"\" width=\"300\" height=\"225\" srcset=\"https:\/\/www.brundisium.net\/brun\/wp-content\/uploads\/2019\/01\/Muse22-300x225.jpg 300w, https:\/\/www.brundisium.net\/brun\/wp-content\/uploads\/2019\/01\/Muse22-768x576.jpg 768w, https:\/\/www.brundisium.net\/brun\/wp-content\/uploads\/2019\/01\/Muse22-1024x768.jpg 1024w, https:\/\/www.brundisium.net\/brun\/wp-content\/uploads\/2019\/01\/Muse22.jpg 1632w\" sizes=\"auto, (max-width: 300px) 100vw, 300px\" \/><br \/>\n<\/a>Al secondo piano si sono rivissuti gli anni \u201950 e \u201960, con l\u2019esordio della tv (perfettamente ricreata con tanto di cronista), un duo violino-fisarmonica che suonava una delle colonne del musical Greese, proiezioni di film e scene significative di quegli anni. I visitatori erano poi guidati verso l\u2019auditorium, dove dei redivivi (e perfetti) Freddie Mercury e David Bowie dialogano tra loro in ottimo inglese, parlando dell\u2019immortalit\u00e0 della musica che resiste al tempo, e partecipano alla performance musicale che ha riprodotto un irresistibile medley dei Queen che ha fatto letteralmente saltare il pubblico. Guidati dalla musica, gli spettatori sono stati introdotti agli anni \u201970 protagonisti del terzo piano, con estemporanee di pittura, musiche a tema e corteo hippie.<\/p>\n<p>&nbsp;<\/p>\n<p>Non \u00e8 facile raccontare in poche righe quanto gli studenti hanno creato: perfetto fin nei dettagli. Dai vinili e foto d\u2019epoca che hanno corredato le pareti, ai costumi perfettamente riprodotti, ai personaggi storici (da Frida Kahlo, a Marlene Dietrich, a Charlie Chaplin, ai Blues Brothers, alla regina Elisabetta), alle ambientazioni vintage, all\u2019illuminazione. Inoltre, tutte le performance sono state rigorosamente live e tutte le ambientazioni interamente ideate e realizzate con materiale povero e di riciclo, ma d\u2019effetto. Fino alla locandina dell\u2019evento all\u2019organizzazione del servizio d\u2019ordine e di sicurezza e ai fotografi che ha visto a lavoro tanti di loro: seriamente impegnati per la buona riuscita della serata.<\/p>\n<p>&nbsp;<\/p>\n<p>I saluti finali, nella palestra della scuola, sono stati accompagnati da un\u2019improvvisazione musicale di altissimo livello, che ha visto Dirigente, studenti, professori e tanti, tanti ospiti ballare e divertirsi.<\/p>\n<p>&nbsp;<\/p>\n<p>Una serata riuscitissima e raccontata attraverso lenti di solido spessore culturale come l\u2019arte, la letteratura, l\u2019inglese, la musica.<\/p>\n<p>&nbsp;<\/p>\n<p><a href=\"http:\/\/www.brundisium.net\/brun\/wp-content\/uploads\/2019\/01\/Notte13.jpg\"><img loading=\"lazy\" decoding=\"async\" class=\"alignleft size-medium wp-image-148766\" src=\"http:\/\/www.brundisium.net\/brun\/wp-content\/uploads\/2019\/01\/Notte13-300x225.jpg\" alt=\"\" width=\"300\" height=\"225\" srcset=\"https:\/\/www.brundisium.net\/brun\/wp-content\/uploads\/2019\/01\/Notte13-300x225.jpg 300w, https:\/\/www.brundisium.net\/brun\/wp-content\/uploads\/2019\/01\/Notte13-768x576.jpg 768w, https:\/\/www.brundisium.net\/brun\/wp-content\/uploads\/2019\/01\/Notte13.jpg 960w\" sizes=\"auto, (max-width: 300px) 100vw, 300px\" \/><br \/>\n<\/a>Non c\u2019\u00e8 limite all\u2019arte. Non ci sono compartimenti stagni. Si tratta di Arte, a qualunque distanza temporale o spaziale la si collochi. Soddisfatti gli organizzatori, soprattutto gli studenti. \u00c8 stato un momento importante, un momento di ulteriore unione delle diverse componenti della comunit\u00e0 scolastica e, allo stesso tempo, l\u2019apertura della scuola verso il territorio, le istituzioni e gli enti culturali, come ha testimoniato la cospicua presenza di autorit\u00e0 (tra cui tanti esponenti delle forze dell\u2019ordine, come il Colonnello De Magistris, il Tenente Colonnello De Nicola e il Maggiore Giovino che hanno voluto portare con affetto il loro saluto alla scuola) e le numerose attivit\u00e0 commerciali che hanno voluto supportare l\u2019iniziativa.<\/p>\n<p>&nbsp;<\/p>\n<p>Una prova di realt\u00e0 perfettamente superata, come ha affermato il Dirigente Scolastico, la prof.ssa Carmen Taurino. Promossi. Certo, sar\u00e0 difficile superare questa edizione, ma, ragazzi, cominciamo a pensare alla terza. Perch\u00e9 ci sar\u00e0. Ad maiora!<\/p>\n<p>&nbsp;<\/p>\n<p><em><strong>Fabiana Grassi, Simone Orlandino, Debora de Fazio<\/strong><\/em><\/p>\n","protected":false},"excerpt":{"rendered":"<p>La seconda edizione della Notte bianca degli studenti del Liceo Artistico e Musicale \u201cSimone-Durano\u201d di Brindisi, all\u2019insegna della parola d\u2019ordine throwback!, \u00e8 andata in onda gioved\u00ec scorso. A partire dalle 17.30, il Liceo ha aperto le sue porte alle famiglie, ai visitatori e alla citt\u00e0 tutta, realizzando un pienone: oltre trecento presenze (\u201cinterni\u201d esclusi) documentate con le firme di coloro che hanno voluto essere con noi, nonostante l\u2019inclemenza del tempo che non ha dato tregua. &nbsp; Caricati e consapevoli del successo d\u2019esordio dello scorso anno, gli studenti si sono lanciati nella nuova iniziativa con entusiasmo, impegno e creativit\u00e0, mettendo su un impianto complesso e ambizioso, ma ben articolato. Mentre lo scorso anno si \u00e8 andati indietro nel tempo puntando a creare una serie di finestre temporali, quest\u2019anno la Notte ha avuto un unico, grande, protagonista: il 900. I giovani liceali hanno creato un percorso, scandito nei tre piani su cui \u00e8 costruita la scuola, che gli ospiti hanno visitato guidati da giovani ciceroni, incarnanti diversi quadri simbolo del periodo, che,&#8230;<\/p>\n","protected":false},"author":2,"featured_media":148767,"comment_status":"open","ping_status":"closed","sticky":false,"template":"","format":"standard","meta":{"footnotes":""},"categories":[7],"tags":[],"class_list":["post-148764","post","type-post","status-publish","format-standard","has-post-thumbnail","hentry","category-news"],"_links":{"self":[{"href":"https:\/\/www.brundisium.net\/index.php\/wp-json\/wp\/v2\/posts\/148764","targetHints":{"allow":["GET"]}}],"collection":[{"href":"https:\/\/www.brundisium.net\/index.php\/wp-json\/wp\/v2\/posts"}],"about":[{"href":"https:\/\/www.brundisium.net\/index.php\/wp-json\/wp\/v2\/types\/post"}],"author":[{"embeddable":true,"href":"https:\/\/www.brundisium.net\/index.php\/wp-json\/wp\/v2\/users\/2"}],"replies":[{"embeddable":true,"href":"https:\/\/www.brundisium.net\/index.php\/wp-json\/wp\/v2\/comments?post=148764"}],"version-history":[{"count":1,"href":"https:\/\/www.brundisium.net\/index.php\/wp-json\/wp\/v2\/posts\/148764\/revisions"}],"predecessor-version":[{"id":148768,"href":"https:\/\/www.brundisium.net\/index.php\/wp-json\/wp\/v2\/posts\/148764\/revisions\/148768"}],"wp:featuredmedia":[{"embeddable":true,"href":"https:\/\/www.brundisium.net\/index.php\/wp-json\/wp\/v2\/media\/148767"}],"wp:attachment":[{"href":"https:\/\/www.brundisium.net\/index.php\/wp-json\/wp\/v2\/media?parent=148764"}],"wp:term":[{"taxonomy":"category","embeddable":true,"href":"https:\/\/www.brundisium.net\/index.php\/wp-json\/wp\/v2\/categories?post=148764"},{"taxonomy":"post_tag","embeddable":true,"href":"https:\/\/www.brundisium.net\/index.php\/wp-json\/wp\/v2\/tags?post=148764"}],"curies":[{"name":"wp","href":"https:\/\/api.w.org\/{rel}","templated":true}]}}