{"id":148790,"date":"2019-01-29T09:48:28","date_gmt":"2019-01-29T08:48:28","guid":{"rendered":"http:\/\/www.brundisium.net\/?p=148790"},"modified":"2019-01-29T11:29:13","modified_gmt":"2019-01-29T10:29:13","slug":"al-via-corso-di-formazione-per-operatori-dellintegrazione-scolastica","status":"publish","type":"post","link":"https:\/\/www.brundisium.net\/index.php\/al-via-corso-di-formazione-per-operatori-dellintegrazione-scolastica\/","title":{"rendered":"Al via corso di formazione per operatori dell\u2019integrazione scolastica"},"content":{"rendered":"<p>MMarted\u00ec 29 gennaio, alle ore 15.00, presso l\u2019Auditorioum dell\u2019Istituto Psico-Pedagogico e Linguistico \u201cPalumbo\u201d di Brindisi, alla presenza del Presidente della Provincia, Riccardo Rossi, prender\u00e0 avvio il piano di formazione per l&#8217;anno scolastico 2019\/2020 destinato a sostenere la formazione degli operatori gi\u00e0 impegnati nell&#8217;integrazione scolastica.   <\/p>\n<p>Il percorso formativo  e di aggiornamento \u00e8 organizzato dalla Cooperativa socioculturale, in convenzione con la Provincia di Brindisi, ed \u00e8 riservato agli educatori, alle educatrici, alle assistenti alla comunicazione, agli Operatori Socio Sanitari (OSS) che operano alle dipendenze della stessa azienda socio culturale, nell&#8217;esecuzione delle prestazioni contrattuali richieste dalla Provincia di Brindisi, al fine di assicurare l&#8217;assistenza specialistica agli studenti disabili delle scuole medie superiori.<\/p>\n<p>\tAttraverso il sostegno alle competenze degli operatori \u00e8 possibile migliorare la qualit\u00e0 dei servizi e di riservare la massima attenzione ai diritti degli studenti disabili. Ai corsi potranno accedere anche gli insegnanti di sostegno, se interessati ed autorizzati dai rispettivi dirigenti.<\/p>\n","protected":false},"excerpt":{"rendered":"<p>MMarted\u00ec 29 gennaio, alle ore 15.00, presso l\u2019Auditorioum dell\u2019Istituto Psico-Pedagogico e Linguistico \u201cPalumbo\u201d di Brindisi, alla presenza del Presidente della Provincia, Riccardo Rossi, prender\u00e0 avvio il piano di formazione per l&#8217;anno scolastico 2019\/2020 destinato a sostenere la formazione degli operatori gi\u00e0 impegnati nell&#8217;integrazione scolastica. Il percorso formativo e di aggiornamento \u00e8 organizzato dalla Cooperativa socioculturale, in convenzione con la Provincia di Brindisi, ed \u00e8 riservato agli educatori, alle educatrici, alle assistenti alla comunicazione, agli Operatori Socio Sanitari (OSS) che operano alle dipendenze della stessa azienda socio culturale, nell&#8217;esecuzione delle prestazioni contrattuali richieste dalla Provincia di Brindisi, al fine di assicurare l&#8217;assistenza specialistica agli studenti disabili delle scuole medie superiori. Attraverso il sostegno alle competenze degli operatori \u00e8 possibile migliorare la qualit\u00e0 dei servizi e di riservare la massima attenzione ai diritti degli studenti disabili. Ai corsi potranno accedere anche gli insegnanti di sostegno, se interessati ed autorizzati dai rispettivi dirigenti.<\/p>\n","protected":false},"author":2,"featured_media":81498,"comment_status":"open","ping_status":"closed","sticky":false,"template":"","format":"standard","meta":{"footnotes":""},"categories":[7],"tags":[],"class_list":["post-148790","post","type-post","status-publish","format-standard","has-post-thumbnail","hentry","category-news"],"_links":{"self":[{"href":"https:\/\/www.brundisium.net\/index.php\/wp-json\/wp\/v2\/posts\/148790","targetHints":{"allow":["GET"]}}],"collection":[{"href":"https:\/\/www.brundisium.net\/index.php\/wp-json\/wp\/v2\/posts"}],"about":[{"href":"https:\/\/www.brundisium.net\/index.php\/wp-json\/wp\/v2\/types\/post"}],"author":[{"embeddable":true,"href":"https:\/\/www.brundisium.net\/index.php\/wp-json\/wp\/v2\/users\/2"}],"replies":[{"embeddable":true,"href":"https:\/\/www.brundisium.net\/index.php\/wp-json\/wp\/v2\/comments?post=148790"}],"version-history":[{"count":2,"href":"https:\/\/www.brundisium.net\/index.php\/wp-json\/wp\/v2\/posts\/148790\/revisions"}],"predecessor-version":[{"id":148837,"href":"https:\/\/www.brundisium.net\/index.php\/wp-json\/wp\/v2\/posts\/148790\/revisions\/148837"}],"wp:featuredmedia":[{"embeddable":true,"href":"https:\/\/www.brundisium.net\/index.php\/wp-json\/wp\/v2\/media\/81498"}],"wp:attachment":[{"href":"https:\/\/www.brundisium.net\/index.php\/wp-json\/wp\/v2\/media?parent=148790"}],"wp:term":[{"taxonomy":"category","embeddable":true,"href":"https:\/\/www.brundisium.net\/index.php\/wp-json\/wp\/v2\/categories?post=148790"},{"taxonomy":"post_tag","embeddable":true,"href":"https:\/\/www.brundisium.net\/index.php\/wp-json\/wp\/v2\/tags?post=148790"}],"curies":[{"name":"wp","href":"https:\/\/api.w.org\/{rel}","templated":true}]}}