{"id":148820,"date":"2019-01-29T08:41:42","date_gmt":"2019-01-29T07:41:42","guid":{"rendered":"http:\/\/www.brundisium.net\/?p=148820"},"modified":"2019-01-29T08:41:42","modified_gmt":"2019-01-29T07:41:42","slug":"m5s-san-vito-casa-serena-coincidenza-o-opportunita","status":"publish","type":"post","link":"https:\/\/www.brundisium.net\/index.php\/m5s-san-vito-casa-serena-coincidenza-o-opportunita\/","title":{"rendered":"M5S San Vito: &#8220;Casa Serena: coincidenza o opportunit\u00e0?&#8221;"},"content":{"rendered":"<p>La questione \u201cCasa Serena\u201d \u00e8 divenuta nel tempo uno dei temi pi\u00f9 importanti e ricorrenti della politica locale. Se da un lato si cerca di preservare un servizio per il potenziale sociale e occupazionale, dall\u2019altro la politica sembra non riesca a mettere da parte gli interessi di partito.<br \/>\nIn attesa di approvare un piano di gestione in grado di garantire l\u2019autofinanziamento di \u201cCasa Serena\u201d, il Comune di San Vito ha scelto di indire una \u201cgara ponte\u201d per la gestione del servizio che, guarda caso, \u00e8 stata aggiudicata a una cooperativa coordinata sul territorio dall\u2019ex segretario provinciale del PD di Brindisi, consigliere provinciale uscente ed ex presidente del consiglio comunale di Carovigno.<br \/>\nSenza voler mettere in dubbio la correttezza della procedura d\u2019appalto, riteniamo quantomeno bizzarra la circostanza che un \u201cex\u201d politico del PD, partito che oggi amministra Comune e Provincia, si ritrovi a coordinare un servizio comunale di casa di riposo appena appaltato. La nostra complessa realt\u00e0 territoriale meriterebbe un cambio di passo e di metodo che tolga dalle mani dei soliti referenti di partito l\u2019ultima parola su scelte di interesse sociale nello sviluppo dei servizi comunali. Probabilmente l\u2019azione sar\u00e0 legittimata dalle procedure della normativa vigente (lo verificheremo) ma non possiamo non evidenziarne la curiosa coincidenza.<br \/>\nI cittadini pretendono pi\u00f9 chiarezza e trasparenza. Chi gestisce la cosa pubblica non pu\u00f2 sempre utilizzare la giustificazione del \u201cci\u00f2 che \u00e8 legale allora \u00e8 giusto\u201d.<\/p>\n","protected":false},"excerpt":{"rendered":"<p>La questione \u201cCasa Serena\u201d \u00e8 divenuta nel tempo uno dei temi pi\u00f9 importanti e ricorrenti della politica locale. Se da un lato si cerca di preservare un servizio per il potenziale sociale e occupazionale, dall\u2019altro la politica sembra non riesca a mettere da parte gli interessi di partito. In attesa di approvare un piano di gestione in grado di garantire l\u2019autofinanziamento di \u201cCasa Serena\u201d, il Comune di San Vito ha scelto di indire una \u201cgara ponte\u201d per la gestione del servizio che, guarda caso, \u00e8 stata aggiudicata a una cooperativa coordinata sul territorio dall\u2019ex segretario provinciale del PD di Brindisi, consigliere provinciale uscente ed ex presidente del consiglio comunale di Carovigno. Senza voler mettere in dubbio la correttezza della procedura d\u2019appalto, riteniamo quantomeno bizzarra la circostanza che un \u201cex\u201d politico del PD, partito che oggi amministra Comune e Provincia, si ritrovi a coordinare un servizio comunale di casa di riposo appena appaltato. La nostra complessa realt\u00e0 territoriale meriterebbe un cambio di passo e di metodo che tolga dalle mani dei&#8230;<\/p>\n","protected":false},"author":2,"featured_media":148821,"comment_status":"open","ping_status":"closed","sticky":false,"template":"","format":"standard","meta":{"footnotes":""},"categories":[7],"tags":[],"class_list":["post-148820","post","type-post","status-publish","format-standard","has-post-thumbnail","hentry","category-news"],"_links":{"self":[{"href":"https:\/\/www.brundisium.net\/index.php\/wp-json\/wp\/v2\/posts\/148820","targetHints":{"allow":["GET"]}}],"collection":[{"href":"https:\/\/www.brundisium.net\/index.php\/wp-json\/wp\/v2\/posts"}],"about":[{"href":"https:\/\/www.brundisium.net\/index.php\/wp-json\/wp\/v2\/types\/post"}],"author":[{"embeddable":true,"href":"https:\/\/www.brundisium.net\/index.php\/wp-json\/wp\/v2\/users\/2"}],"replies":[{"embeddable":true,"href":"https:\/\/www.brundisium.net\/index.php\/wp-json\/wp\/v2\/comments?post=148820"}],"version-history":[{"count":1,"href":"https:\/\/www.brundisium.net\/index.php\/wp-json\/wp\/v2\/posts\/148820\/revisions"}],"predecessor-version":[{"id":148822,"href":"https:\/\/www.brundisium.net\/index.php\/wp-json\/wp\/v2\/posts\/148820\/revisions\/148822"}],"wp:featuredmedia":[{"embeddable":true,"href":"https:\/\/www.brundisium.net\/index.php\/wp-json\/wp\/v2\/media\/148821"}],"wp:attachment":[{"href":"https:\/\/www.brundisium.net\/index.php\/wp-json\/wp\/v2\/media?parent=148820"}],"wp:term":[{"taxonomy":"category","embeddable":true,"href":"https:\/\/www.brundisium.net\/index.php\/wp-json\/wp\/v2\/categories?post=148820"},{"taxonomy":"post_tag","embeddable":true,"href":"https:\/\/www.brundisium.net\/index.php\/wp-json\/wp\/v2\/tags?post=148820"}],"curies":[{"name":"wp","href":"https:\/\/api.w.org\/{rel}","templated":true}]}}